{"id":438688,"date":"2019-08-13T00:03:40","date_gmt":"2019-08-13T05:03:40","guid":{"rendered":"https:\/\/www.diarioimagen.net\/?p=438688"},"modified":"2019-08-13T01:46:31","modified_gmt":"2019-08-13T06:46:31","slug":"no-oigo-no-oigo-soy-de-palo","status":"publish","type":"post","link":"https:\/\/www.diarioimagen.net\/?p=438688","title":{"rendered":"No oigo, no oigo,\u00a0 soy de palo"},"content":{"rendered":"<h2>Folclor urbano<\/h2>\n<h5>Salvador Estrada<\/h5>\n<p>&nbsp;<\/p>\n<p>Los partidos pol\u00edticos van a vivir una sequ\u00eda econ\u00f3mica si aceptan la reducci\u00f3n de su presupuesto para este a\u00f1o, lo cual pone a sus dirigentes en una angustia existencial.<\/p>\n<p>Morena est\u00e1 puesta a renunciar al cincuenta por ciento de sus millones que le tocan por ley y hasta presume que aceptar\u00e1 gustoso devolver a la Secretar\u00eda de Hacienda m\u00e1s de quinientos millones de pesos, de los 1,600 millones y pico que recibe.<\/p>\n<p>Pero no todos los partidos est\u00e1n dispuestos a renunciar a sus millones, dinero que les \u201cpermite el pan de cada d\u00eda\u201d a sus empleados y a sus dirigentes.<\/p>\n<p>En nuestro pa\u00eds, despu\u00e9s de muchos a\u00f1os de lucha, se logr\u00f3 llegar a la democracia electoral para que de los partidos surgieran los candidatos y los ciudadanos mediante el voto eligiera a sus gobernantes.<\/p>\n<p>Para vivir esta etapa se fund\u00f3 el Instituto Federal Electoral, que les da dinero a los partidos, de acuerdo al n\u00famero de votos en cada elecci\u00f3n<\/p>\n<p>Sin embargo, los partidos han hecho el gran negocio porque el dinero que reciben del INE lo administran sus dirigentes y no rinden cuentas a sus afiliados y son \u201cfelices cada tres a\u00f1os que hay elecciones\u201d porque les \u201cllueve la lana\u201d.<\/p>\n<p>Los fundadores de los partidos pierden o ganen sus candidatos ellos siguen en la instituci\u00f3n dando \u00f3rdenes y administrando el presupuesto.<\/p>\n<p>El Partido Verde es \u201cpropiedad de la familia Gonz\u00e1lez Torres\u201d, igual que el Movimiento Ciudadano, que lo tiene en sus manos Dante Delgado, y el Partido del Trabajo que es propiedad desde su fundaci\u00f3n \u00a0de Alberto Anaya.<\/p>\n<p>Y ellos mientras sigan manejando a su partido y su presupuesto \u00a1Viva la democracia! Ya se ha mencionado en este espacio que los pol\u00edticos, no todos, sino los que manejan los partidos son proxenetas de la pol\u00edtica.<\/p>\n<p>Constituir un partido es un gran negocio y para las pr\u00f3ximas elecciones ya se andan apuntando cuatro asociaciones pol\u00edticas que quieren ser partidos.<\/p>\n<p>Y \u00e9chele un ojito a lo que reciben los partidos. PAN m\u00e1s de 900 millones. PRI, 849 y pico de millones. PRD tambi\u00e9n m\u00e1s de 422 milloncejos. El PT, 371 millones 205 mil 645 pesos.<\/p>\n<p>Partido Verde, m\u00e1s de 403 millones. Movimiento Ciudadano 389 millones 590 mil 704 pesos.<\/p>\n<p>Usted \u00a0cree que democr\u00e1ticamente los dirigentes de los partidos van a renunciar a la mitad de \u00a0sus ingresos. Si es \u00a0por ley, aceptar\u00e1n, si es por su voluntad. \u00a1no oigo, no oigo, soy de palo!<\/p>\n<p><em><a href=\"mailto:chavasec@yahoo.com.mx\" target=\"_blank\" rel=\"noopener noreferrer\">chavasec@yahoo.com.mx<\/a><\/em><\/p>\n","protected":false},"excerpt":{"rendered":"<p><span style=\"color: #005497;\"><strong>Salvador Estrada<\/strong><\/span><\/p>\n","protected":false},"author":3,"featured_media":0,"comment_status":"open","ping_status":"open","sticky":false,"template":"","format":"standard","meta":{"_monsterinsights_skip_tracking":false,"_monsterinsights_sitenote_active":false,"_monsterinsights_sitenote_note":"","_monsterinsights_sitenote_category":0,"footnotes":""},"categories":[41601],"tags":[41599,43674,41600],"class_list":["post-438688","post","type-post","status-publish","format-standard","hentry","category-salvador-estrada-opinion","tag-folclor-urbano","tag-opinion","tag-salvador-estrada"],"_links":{"self":[{"href":"https:\/\/www.diarioimagen.net\/index.php?rest_route=\/wp\/v2\/posts\/438688","targetHints":{"allow":["GET"]}}],"collection":[{"href":"https:\/\/www.diarioimagen.net\/index.php?rest_route=\/wp\/v2\/posts"}],"about":[{"href":"https:\/\/www.diarioimagen.net\/index.php?rest_route=\/wp\/v2\/types\/post"}],"author":[{"embeddable":true,"href":"https:\/\/www.diarioimagen.net\/index.php?rest_route=\/wp\/v2\/users\/3"}],"replies":[{"embeddable":true,"href":"https:\/\/www.diarioimagen.net\/index.php?rest_route=%2Fwp%2Fv2%2Fcomments&post=438688"}],"version-history":[{"count":0,"href":"https:\/\/www.diarioimagen.net\/index.php?rest_route=\/wp\/v2\/posts\/438688\/revisions"}],"wp:attachment":[{"href":"https:\/\/www.diarioimagen.net\/index.php?rest_route=%2Fwp%2Fv2%2Fmedia&parent=438688"}],"wp:term":[{"taxonomy":"category","embeddable":true,"href":"https:\/\/www.diarioimagen.net\/index.php?rest_route=%2Fwp%2Fv2%2Fcategories&post=438688"},{"taxonomy":"post_tag","embeddable":true,"href":"https:\/\/www.diarioimagen.net\/index.php?rest_route=%2Fwp%2Fv2%2Ftags&post=438688"}],"curies":[{"name":"wp","href":"https:\/\/api.w.org\/{rel}","templated":true}]}}