{"id":438690,"date":"2019-08-13T00:03:51","date_gmt":"2019-08-13T05:03:51","guid":{"rendered":"https:\/\/www.diarioimagen.net\/?p=438690"},"modified":"2019-08-13T01:48:43","modified_gmt":"2019-08-13T06:48:43","slug":"tango-argentino-pri-ivonne","status":"publish","type":"post","link":"https:\/\/www.diarioimagen.net\/?p=438690","title":{"rendered":"Tango argentino; PRI-Ivonne"},"content":{"rendered":"<h2>Espacio Electoral<\/h2>\n<h5>Eleazar Flores<\/h5>\n<p>&nbsp;<\/p>\n<p>&nbsp;<\/p>\n<p><strong>DERRUMBE ECON\u00d3MICO<\/strong>.- Argentina vive a causa de las elecciones primarias que aseguran el retorno del kirchenismo, lo que sufri\u00f3 M\u00e9xico en la era lamadridista de finales de los aciagos ochentas, cuando reg\u00eda el\u00a0 Pacto para el Crecimiento Econ\u00f3mico (PECE), con inflaci\u00f3n del 100%.<\/p>\n<p>Esto, porque Alberto Fern\u00e1ndez gan\u00f3 las primarias de ayer al presidente Mauricio Macri, por lo que la presidencial del 27 de octubre ser\u00e1 pr\u00e1cticamente un formulismo. En honor a la verdad, el triunfo del candidato Alberto Fern\u00e1ndez se finca en su candidata a vicepresidenta, Cristina Fern\u00e1ndez de Kirchner, que justamente apenas hace cuatro a\u00f1os dej\u00f3 el cargo.<\/p>\n<p>El triunfo para los Fern\u00e1ndez es de 47 por ciento contra apenas el 32 por ciento, por lo que los 15 puntos se consideran irremontables, por datos de procesos similares en fechas anteriores, pero sobre todo, por la debacle econ\u00f3mica producida, salvo que Macri tuviera la habilidad suficiente para culpar de esa inflaci\u00f3n y baja de la bolsa a sus rivales pol\u00edticos.<\/p>\n<p><strong>DEBACLE<\/strong>.- Antes de las elecciones presidenciales primarias, el peso argentino estaba en 26 por d\u00f3lar, el domingo subi\u00f3 a 45 y ayer lunes lleg\u00f3 a 64 pesos por d\u00f3lar, significando una devaluaci\u00f3n estimada en 48%. Por si eso fuera poco, la Bolsa de Valores tuvo una baja del 50 por ciento, evidenci\u00e1ndose la desconfianza de mercados y capitales.<\/p>\n<p>Los analistas van m\u00e1s all\u00e1, creen que el triunfo de Alberto Fern\u00e1ndez, que fue el jefe de gabinete de Cristina Fern\u00e1ndez de Kirchner, cambiar\u00e1 la direcci\u00f3n derechista del presidente Mauricio Macri, con todo lo que ello encierra en la econom\u00eda. M\u00e1xime si se recuerda que a finales de a\u00f1o habr\u00e1 elecciones en el vecino pa\u00eds de Bolivia, con presidente izquierdista, como Evo Morales.<\/p>\n<p>PRI.- No de mal en peor, sino de peor en p\u00e9simo, es el ambiente tricolor interno, pues no obstante la holgura con la que gan\u00f3 Alejandro Moreno C\u00e1rdenas la presidencia nacional de su partido, la yucateca Ivonne Ortega anuncia por redes sociales tener los elementos suficientes para impugnar el resultado de la elecci\u00f3n, incluso hasta para pedir la nulificaci\u00f3n del proceso.<\/p>\n<p>Moreno C\u00e1rdenas se vio muy diligente en los noticieros radiof\u00f3nicos nacionales de ayer y con un aparente discurso conciliatorio, enfocando sus pronunciamientos en buscar la unidad y resta\u00f1ar heridas. Si eso fuera ya debi\u00f3 haber buscado a Ortega Pacheco para sentarse y acordar el cierre de filas, pero la yucateca se empe\u00f1a en desconocer esa ventaja del campechano.<\/p>\n<p>A nivel nacional, el PRI tiene espacios de sobra como para incorporar a los inconformes, pero para eso se necesita astucia y cabildeo desde ya. El campechano tiene la palabra.<\/p>\n<p><a href=\"mailto:elefa44@gmail.com\" target=\"_blank\" rel=\"noopener noreferrer\"><em>elefa44@gmail.com<\/em><\/a><\/p>\n","protected":false},"excerpt":{"rendered":"<p><span style=\"color: #005497;\"><strong>Eleazar Flores<\/strong><\/span><\/p>\n","protected":false},"author":3,"featured_media":0,"comment_status":"open","ping_status":"open","sticky":false,"template":"","format":"standard","meta":{"_monsterinsights_skip_tracking":false,"_monsterinsights_sitenote_active":false,"_monsterinsights_sitenote_note":"","_monsterinsights_sitenote_category":0,"footnotes":""},"categories":[81743],"tags":[81744,81776,43674],"class_list":["post-438690","post","type-post","status-publish","format-standard","hentry","category-eleazar-flores","tag-eleazar-flores","tag-espacio-electoral","tag-opinion"],"_links":{"self":[{"href":"https:\/\/www.diarioimagen.net\/index.php?rest_route=\/wp\/v2\/posts\/438690","targetHints":{"allow":["GET"]}}],"collection":[{"href":"https:\/\/www.diarioimagen.net\/index.php?rest_route=\/wp\/v2\/posts"}],"about":[{"href":"https:\/\/www.diarioimagen.net\/index.php?rest_route=\/wp\/v2\/types\/post"}],"author":[{"embeddable":true,"href":"https:\/\/www.diarioimagen.net\/index.php?rest_route=\/wp\/v2\/users\/3"}],"replies":[{"embeddable":true,"href":"https:\/\/www.diarioimagen.net\/index.php?rest_route=%2Fwp%2Fv2%2Fcomments&post=438690"}],"version-history":[{"count":0,"href":"https:\/\/www.diarioimagen.net\/index.php?rest_route=\/wp\/v2\/posts\/438690\/revisions"}],"wp:attachment":[{"href":"https:\/\/www.diarioimagen.net\/index.php?rest_route=%2Fwp%2Fv2%2Fmedia&parent=438690"}],"wp:term":[{"taxonomy":"category","embeddable":true,"href":"https:\/\/www.diarioimagen.net\/index.php?rest_route=%2Fwp%2Fv2%2Fcategories&post=438690"},{"taxonomy":"post_tag","embeddable":true,"href":"https:\/\/www.diarioimagen.net\/index.php?rest_route=%2Fwp%2Fv2%2Ftags&post=438690"}],"curies":[{"name":"wp","href":"https:\/\/api.w.org\/{rel}","templated":true}]}}