{"id":438826,"date":"2019-08-14T00:05:38","date_gmt":"2019-08-14T05:05:38","guid":{"rendered":"https:\/\/www.diarioimagen.net\/?p=438826"},"modified":"2019-08-14T04:25:17","modified_gmt":"2019-08-14T09:25:17","slug":"guardia-nacional-tiene-hasta-ahora-58-mil-efectivos","status":"publish","type":"post","link":"https:\/\/www.diarioimagen.net\/?p=438826","title":{"rendered":"Guardia Nacional tiene, hasta ahora, 58 mil efectivos"},"content":{"rendered":"<ul>\n<li><strong><em>Provienen de las polic\u00edas Naval, Militar y Federal<\/em><\/strong><\/li>\n<\/ul>\n<p>&nbsp;<\/p>\n<div id=\"attachment_438899\" style=\"width: 470px\" class=\"wp-caption aligncenter\"><a href=\"https:\/\/www.diarioimagen.net\/?attachment_id=438899\" rel=\"attachment wp-att-438899\"><img loading=\"lazy\" decoding=\"async\" aria-describedby=\"caption-attachment-438899\" class=\"size-large wp-image-438899\" src=\"https:\/\/www.diarioimagen.net\/wp-content\/uploads\/2019\/08\/guardia-460x259.jpg\" alt=\"\" width=\"460\" height=\"259\" srcset=\"https:\/\/www.diarioimagen.net\/wp-content\/uploads\/2019\/08\/guardia-460x259.jpg 460w, https:\/\/www.diarioimagen.net\/wp-content\/uploads\/2019\/08\/guardia-240x135.jpg 240w, https:\/\/www.diarioimagen.net\/wp-content\/uploads\/2019\/08\/guardia-235x132.jpg 235w, https:\/\/www.diarioimagen.net\/wp-content\/uploads\/2019\/08\/guardia-202x114.jpg 202w, https:\/\/www.diarioimagen.net\/wp-content\/uploads\/2019\/08\/guardia-350x196.jpg 350w, https:\/\/www.diarioimagen.net\/wp-content\/uploads\/2019\/08\/guardia-220x123.jpg 220w, https:\/\/www.diarioimagen.net\/wp-content\/uploads\/2019\/08\/guardia-237x132.jpg 237w, https:\/\/www.diarioimagen.net\/wp-content\/uploads\/2019\/08\/guardia.jpg 480w\" sizes=\"auto, (max-width: 460px) 100vw, 460px\" \/><\/a><p id=\"caption-attachment-438899\" class=\"wp-caption-text\">La Guardia Nacional, tiene a la fecha, 58 mil 602 elementos, operando en 150 coordinaciones regionales.<\/p><\/div>\n<p>&nbsp;<\/p>\n<p>A la fecha, hay 58 mil 602 elementos de la Guardia Nacional en operaci\u00f3n, en 150 coordinaciones regionales, provenientes de las polic\u00edas Naval, Militar, Federal y la Secretar\u00eda de la Defensa Nacional (Sedena), inform\u00f3 el comandante de ese cuerpo de seguridad, Luis Rodr\u00edguez Bucio.<\/p>\n<p>Durante la conferencia matutina del presidente Andr\u00e9s Manuel L\u00f3pez Obrador, el mando detall\u00f3 que 35 mil 232 elementos provienen de la Polic\u00eda Militar; 5 mil 584 de la Naval; 15 mil 375 son personal de la Sedena en apoyo a la Guardia Nacional, y 2 mil 411 se han incorporado de la la Polic\u00eda Federal.<\/p>\n<p>Dijo que la meta de reclutamiento de este a\u00f1o para la Guardia Nacional, es de 21 mil 170 efectivos, procedimiento que realiza la Sedena y la Secretar\u00eda de Marina-Armada de M\u00e9xico (Semar), que hasta ahora han captado a 14 mil 606 elementos, y de ellos, 11 mil 513 son varones, y 3 mil 93 son mujeres.<\/p>\n<p>Dio a conocer que se les han aplicado ex\u00e1menes m\u00e9dicos y f\u00edsicos a 11 mil 540 elementos de la Polic\u00eda Federal; a 3 mil 811 de la Sedena, y a 325 de la Semar, y del total, 5 mil 818 elementos no aprobaron los ex\u00e1menes, sobre todo por padecimientos como obesidad, diabetes, problemas vasculares, tatuajes, entre otros.<\/p>\n<p>Como requisito para pasar a la Guardia Nacional, tambi\u00e9n se les aplic\u00f3 un examen de control de confianza s\u00f3lo al personal de la Sedena y la Semar, toda vez que el Consejo Nacional de Seguridad P\u00fablica consider\u00f3 prorrogar por un a\u00f1o m\u00e1s la vigencia de las evaluaciones al personal de la Polic\u00eda Federal.<\/p>\n<p>Expuso que todo el personal debe pasar un examen de control de confianza para que se tenga claro el perfil psicol\u00f3gico de cada uno de los elementos de la Guardia Nacional, en tanto que los ex\u00e1menes m\u00e9dicos dan una idea de la capacidad f\u00edsica y de su salud de cada uno de los integrantes para desempe\u00f1ar sus funciones.<\/p>\n<p>Adem\u00e1s, estas evaluaciones ayudar\u00edan a eliminar a quienes \u201ctengan una tendencia o que su perfil psicol\u00f3gico nos diga que es una persona que no va a ser fuerte ante las amenazas de corrupci\u00f3n\u201d, indic\u00f3.<\/p>\n<p>En este sentido, dijo que una vez que est\u00e1n dentro de la corporaci\u00f3n, es importante atender indicios, como datos sobre su comportamiento que indiquen que est\u00e1 obteniendo recursos que no son de procedencia l\u00edcita, y si no hay algo concreto se le cambia de adscripci\u00f3n, mientras que si se confirma esta conducta, tiene consecuencias legales.<\/p>\n<p>\u201cAlgo bien importante tambi\u00e9n para nosotros es la supervisi\u00f3n constante. Los mandos entendemos que es parte de nuestra funci\u00f3n estar viendo siempre no solamente la parte operativa de c\u00f3mo est\u00e1n cumpliendo su funci\u00f3n todos los elementos de la Guardia Nacional, sino tambi\u00e9n ver c\u00f3mo se est\u00e1n comportando\u201d, a\u00f1adi\u00f3.<\/p>\n","protected":false},"excerpt":{"rendered":"<p>A la fecha, hay 58 mil 602 elementos de la Guardia Nacional en operaci\u00f3n, en 150 coordinaciones regionales, provenientes de las polic\u00edas Naval, Militar, Federal y la Secretar\u00eda de la Defensa Nacional (Sedena), inform\u00f3 el comandante de ese cuerpo de seguridad, Luis Rodr\u00edguez Bucio.<\/p>\n","protected":false},"author":3,"featured_media":438899,"comment_status":"open","ping_status":"open","sticky":false,"template":"","format":"standard","meta":{"_monsterinsights_skip_tracking":false,"_monsterinsights_sitenote_active":false,"_monsterinsights_sitenote_note":"","_monsterinsights_sitenote_category":0,"footnotes":""},"categories":[25512],"tags":[63241,4160,43673,43677],"class_list":["post-438826","post","type-post","status-publish","format-standard","has-post-thumbnail","hentry","category-nacional-nacional","tag-efectivo","tag-guardia-nacional","tag-nacional","tag-seguridad"],"_links":{"self":[{"href":"https:\/\/www.diarioimagen.net\/index.php?rest_route=\/wp\/v2\/posts\/438826","targetHints":{"allow":["GET"]}}],"collection":[{"href":"https:\/\/www.diarioimagen.net\/index.php?rest_route=\/wp\/v2\/posts"}],"about":[{"href":"https:\/\/www.diarioimagen.net\/index.php?rest_route=\/wp\/v2\/types\/post"}],"author":[{"embeddable":true,"href":"https:\/\/www.diarioimagen.net\/index.php?rest_route=\/wp\/v2\/users\/3"}],"replies":[{"embeddable":true,"href":"https:\/\/www.diarioimagen.net\/index.php?rest_route=%2Fwp%2Fv2%2Fcomments&post=438826"}],"version-history":[{"count":0,"href":"https:\/\/www.diarioimagen.net\/index.php?rest_route=\/wp\/v2\/posts\/438826\/revisions"}],"wp:featuredmedia":[{"embeddable":true,"href":"https:\/\/www.diarioimagen.net\/index.php?rest_route=\/wp\/v2\/media\/438899"}],"wp:attachment":[{"href":"https:\/\/www.diarioimagen.net\/index.php?rest_route=%2Fwp%2Fv2%2Fmedia&parent=438826"}],"wp:term":[{"taxonomy":"category","embeddable":true,"href":"https:\/\/www.diarioimagen.net\/index.php?rest_route=%2Fwp%2Fv2%2Fcategories&post=438826"},{"taxonomy":"post_tag","embeddable":true,"href":"https:\/\/www.diarioimagen.net\/index.php?rest_route=%2Fwp%2Fv2%2Ftags&post=438826"}],"curies":[{"name":"wp","href":"https:\/\/api.w.org\/{rel}","templated":true}]}}