{"id":438837,"date":"2019-08-14T00:06:54","date_gmt":"2019-08-14T05:06:54","guid":{"rendered":"https:\/\/www.diarioimagen.net\/?p=438837"},"modified":"2019-08-14T06:17:25","modified_gmt":"2019-08-14T11:17:25","slug":"jovenes-izcallenses-unidos-por-un-municipio-mejor-ricardo-nunez","status":"publish","type":"post","link":"https:\/\/www.diarioimagen.net\/?p=438837","title":{"rendered":"J\u00f3venes izcallenses, unidos por un municipio mejor: Ricardo N\u00fa\u00f1ez"},"content":{"rendered":"<p><a href=\"https:\/\/www.diarioimagen.net\/?attachment_id=438921\" rel=\"attachment wp-att-438921\"><img loading=\"lazy\" decoding=\"async\" class=\"aligncenter size-large wp-image-438921\" src=\"https:\/\/www.diarioimagen.net\/wp-content\/uploads\/2019\/08\/CUAUTITLAN-14-460x259.jpg\" alt=\"\" width=\"460\" height=\"259\" srcset=\"https:\/\/www.diarioimagen.net\/wp-content\/uploads\/2019\/08\/CUAUTITLAN-14-460x259.jpg 460w, https:\/\/www.diarioimagen.net\/wp-content\/uploads\/2019\/08\/CUAUTITLAN-14-240x135.jpg 240w, https:\/\/www.diarioimagen.net\/wp-content\/uploads\/2019\/08\/CUAUTITLAN-14-235x132.jpg 235w, https:\/\/www.diarioimagen.net\/wp-content\/uploads\/2019\/08\/CUAUTITLAN-14-202x114.jpg 202w, https:\/\/www.diarioimagen.net\/wp-content\/uploads\/2019\/08\/CUAUTITLAN-14-350x196.jpg 350w, https:\/\/www.diarioimagen.net\/wp-content\/uploads\/2019\/08\/CUAUTITLAN-14-220x123.jpg 220w, https:\/\/www.diarioimagen.net\/wp-content\/uploads\/2019\/08\/CUAUTITLAN-14-237x132.jpg 237w, https:\/\/www.diarioimagen.net\/wp-content\/uploads\/2019\/08\/CUAUTITLAN-14.jpg 480w\" sizes=\"auto, (max-width: 460px) 100vw, 460px\" \/><\/a><\/p>\n<p>&nbsp;<\/p>\n<p><strong>Cuautitl\u00e1n Izcalli, Estado de M\u00e9xico<\/strong><strong>.-<\/strong> En el marco del D\u00eda Internacional de la Juventud, el alcalde Ricardo N\u00fa\u00f1ez Ayala, sostuvo un encuentro con j\u00f3venes izcallenses destacados en diferentes h\u00e1bitos y actividades, con el fin de compartir diferentes experiencias y puntos de vista en pro de un mejor municipio.<\/p>\n<p>El Instituto Municipal de la Juventud de Cuautitl\u00e1n Izcalli, encabezado por Mar\u00eda de Lourdes F\u00e9lix Urbina, fue el encargado para convocar a los j\u00f3venes que se han acercado por diferentes situaciones al ayuntamiento y que han logrado sobresalir en diferentes rubros art\u00edsticos, deportivos y educativos.<\/p>\n<p>Ricardo N\u00fa\u00f1ez coment\u00f3 la importancia de realizar acciones que permitan mejorar la participaci\u00f3n de la juventud, desarrollando pol\u00edticas p\u00fablicas que atiendan la educaci\u00f3n, empleo, salud y el entorno en el que se desarrollan.<\/p>\n<p>&nbsp;<\/p>\n","protected":false},"excerpt":{"rendered":"<p>En el marco del D\u00eda Internacional de la Juventud, el alcalde Ricardo N\u00fa\u00f1ez Ayala, sostuvo un encuentro con j\u00f3venes izcallenses destacados en diferentes h\u00e1bitos y actividades, con el fin de compartir diferentes experiencias y puntos de vista en pro de un mejor municipio.<\/p>\n","protected":false},"author":3,"featured_media":438921,"comment_status":"open","ping_status":"open","sticky":false,"template":"","format":"standard","meta":{"_monsterinsights_skip_tracking":false,"_monsterinsights_sitenote_active":false,"_monsterinsights_sitenote_note":"","_monsterinsights_sitenote_category":0,"footnotes":""},"categories":[5],"tags":[971,43675,87278],"class_list":["post-438837","post","type-post","status-publish","format-standard","has-post-thumbnail","hentry","category-estado-de-mexico","tag-cuautitlan-izcalli","tag-estado-de-mexico","tag-instituto-municipal-de-la-juventud"],"_links":{"self":[{"href":"https:\/\/www.diarioimagen.net\/index.php?rest_route=\/wp\/v2\/posts\/438837","targetHints":{"allow":["GET"]}}],"collection":[{"href":"https:\/\/www.diarioimagen.net\/index.php?rest_route=\/wp\/v2\/posts"}],"about":[{"href":"https:\/\/www.diarioimagen.net\/index.php?rest_route=\/wp\/v2\/types\/post"}],"author":[{"embeddable":true,"href":"https:\/\/www.diarioimagen.net\/index.php?rest_route=\/wp\/v2\/users\/3"}],"replies":[{"embeddable":true,"href":"https:\/\/www.diarioimagen.net\/index.php?rest_route=%2Fwp%2Fv2%2Fcomments&post=438837"}],"version-history":[{"count":0,"href":"https:\/\/www.diarioimagen.net\/index.php?rest_route=\/wp\/v2\/posts\/438837\/revisions"}],"wp:featuredmedia":[{"embeddable":true,"href":"https:\/\/www.diarioimagen.net\/index.php?rest_route=\/wp\/v2\/media\/438921"}],"wp:attachment":[{"href":"https:\/\/www.diarioimagen.net\/index.php?rest_route=%2Fwp%2Fv2%2Fmedia&parent=438837"}],"wp:term":[{"taxonomy":"category","embeddable":true,"href":"https:\/\/www.diarioimagen.net\/index.php?rest_route=%2Fwp%2Fv2%2Fcategories&post=438837"},{"taxonomy":"post_tag","embeddable":true,"href":"https:\/\/www.diarioimagen.net\/index.php?rest_route=%2Fwp%2Fv2%2Ftags&post=438837"}],"curies":[{"name":"wp","href":"https:\/\/api.w.org\/{rel}","templated":true}]}}