{"id":438850,"date":"2019-08-14T00:03:22","date_gmt":"2019-08-14T05:03:22","guid":{"rendered":"https:\/\/www.diarioimagen.net\/?p=438850"},"modified":"2019-08-14T02:24:35","modified_gmt":"2019-08-14T07:24:35","slug":"alegria-en-mexico-amlo","status":"publish","type":"post","link":"https:\/\/www.diarioimagen.net\/?p=438850","title":{"rendered":"\u201cAlegr\u00eda en M\u00e9xico\u201d: AMLO"},"content":{"rendered":"<h2>Espacio Electoral<\/h2>\n<h5>Eleazar Flores<\/h5>\n<p>&nbsp;<\/p>\n<p><strong>\u00bfSER\u00c1?<\/strong>.- Volviendo a las ma\u00f1aneras el presidente Andr\u00e9s Manuel L\u00f3pez Obrador, s\u00ed que dio un notici\u00f3n el lunes, pues muchos no sab\u00edamos que \u201cen M\u00e9xico ya hay alegr\u00eda, hay entusiasmo, es otro pa\u00eds, aunque\u00a0 digan lo contrario nuestros adversarios\u201d.<\/p>\n<p>Seguramente, esos adversarios, entre otros, son los medios de comunicaci\u00f3n, que calumnian, para crear un ambiente de insatisfacci\u00f3n entre la sociedad, pues sabemos que \u201cno nos ven con buenos ojos los conservadores y sus medios de informaci\u00f3n, pero por encima de todo, tiene que estar la verdad\u201d, porque si no, se afecta a la sociedad, y esto afecta a todos, a los mismos medios.<\/p>\n<p>Dando por cierto el sentir presidencial de que en M\u00e9xico ya hay alegr\u00eda,\u00a0 es obligada la pregunta si en ese c\u00edrculo se incluye a las miles de mujeres que el mismo lunes protestaron en contra de la polic\u00eda capitalina, cuatro de cuyos elementos fueron acusados de violar a una joven. Ayer mismo siguieron las protestas con la promesa de que seguir\u00e1n.<\/p>\n<p>Apueste y ganar\u00e1 a que el gobierno federal desde todas sus instancias, apalancar\u00e1 a la jefa de gobierno, Claudia Sheinbaum, para calmar los \u00e1nimos violentos en la Ciudad de M\u00e9xico. Incluso, algunos panegiristas de la cuarta transformaci\u00f3n se quemaron las pesta\u00f1as para encontrar a unos culpables, los integrantes del Partido de la Revoluci\u00f3n Democr\u00e1tica.<\/p>\n<p>Tambi\u00e9n si en ese sector feliz est\u00e1n contemplados los miles de campesinos de los cuatro puntos cardinales del pa\u00eds, que reclaman apoyos puntuales, dado que el ciclo agr\u00edcola no sabe de burocratismos, pues de llegar tarde, ya no se emplear\u00edan, pues el periodo de lluvias es el que marca los tiempos de siembra de todos los cultivos, en un campo mayormente temporalero.<\/p>\n<p>En contra de los \u201cotros datos\u201d, que seguramente tiene el Presidente, tambi\u00e9n hay descontento en el sector salud, pues en muchos hospitales se sigue careciendo hasta de los insumos m\u00e1s elementales, no s\u00f3lo en cuanto a medicamentos, tambi\u00e9n en insumos de higiene, convirtiendo los sanitarios de los hospitales en algo peor que ba\u00f1os p\u00fablicos.<\/p>\n<p>En cuanto a las acusaciones a los \u201cconservadores y sus medios de comunicaci\u00f3n\u201d, el mandatario no cita nombres ni de medios -impresos y electr\u00f3nicos-, ni de periodistas, pero el an\u00e1lisis m\u00e1s superficial deber\u00eda incluir a las decenas de columnistas y tambi\u00e9n de talentosos caricaturistas, que a diario se ocupan del inquilino temporal del Palacio Nacional.<\/p>\n<p>Con todo y el abundante medallero de los Panamericanos, el gremio deportivo no tiene tanta felicidad como lo presume Ana Gabriela Guevara, premiando a AMLO. La protesta del medallista de la UNAM, Guillermo Ruiz Thome, es un ejemplo de ello. \u00bfD\u00f3nde estar\u00e1 la felicidad?<\/p>\n<p><a href=\"mailto:elefa44@gmail.com\" target=\"_blank\" rel=\"noopener noreferrer\"><em>elefa44@gmail.com<\/em><\/a><\/p>\n","protected":false},"excerpt":{"rendered":"<p><span style=\"color: #005497;\"><strong>Eleazar Flores<\/strong><\/span><\/p>\n","protected":false},"author":3,"featured_media":0,"comment_status":"open","ping_status":"open","sticky":false,"template":"","format":"standard","meta":{"_monsterinsights_skip_tracking":false,"_monsterinsights_sitenote_active":false,"_monsterinsights_sitenote_note":"","_monsterinsights_sitenote_category":0,"footnotes":""},"categories":[81743],"tags":[81744,81776,43674],"class_list":["post-438850","post","type-post","status-publish","format-standard","hentry","category-eleazar-flores","tag-eleazar-flores","tag-espacio-electoral","tag-opinion"],"_links":{"self":[{"href":"https:\/\/www.diarioimagen.net\/index.php?rest_route=\/wp\/v2\/posts\/438850","targetHints":{"allow":["GET"]}}],"collection":[{"href":"https:\/\/www.diarioimagen.net\/index.php?rest_route=\/wp\/v2\/posts"}],"about":[{"href":"https:\/\/www.diarioimagen.net\/index.php?rest_route=\/wp\/v2\/types\/post"}],"author":[{"embeddable":true,"href":"https:\/\/www.diarioimagen.net\/index.php?rest_route=\/wp\/v2\/users\/3"}],"replies":[{"embeddable":true,"href":"https:\/\/www.diarioimagen.net\/index.php?rest_route=%2Fwp%2Fv2%2Fcomments&post=438850"}],"version-history":[{"count":0,"href":"https:\/\/www.diarioimagen.net\/index.php?rest_route=\/wp\/v2\/posts\/438850\/revisions"}],"wp:attachment":[{"href":"https:\/\/www.diarioimagen.net\/index.php?rest_route=%2Fwp%2Fv2%2Fmedia&parent=438850"}],"wp:term":[{"taxonomy":"category","embeddable":true,"href":"https:\/\/www.diarioimagen.net\/index.php?rest_route=%2Fwp%2Fv2%2Fcategories&post=438850"},{"taxonomy":"post_tag","embeddable":true,"href":"https:\/\/www.diarioimagen.net\/index.php?rest_route=%2Fwp%2Fv2%2Ftags&post=438850"}],"curies":[{"name":"wp","href":"https:\/\/api.w.org\/{rel}","templated":true}]}}