{"id":439014,"date":"2019-08-15T00:07:21","date_gmt":"2019-08-15T05:07:21","guid":{"rendered":"https:\/\/www.diarioimagen.net\/?p=439014"},"modified":"2019-08-15T07:39:02","modified_gmt":"2019-08-15T12:39:02","slug":"celebran-por-primera-vez-semana-de-la-juventud-en-nicolas-romero","status":"publish","type":"post","link":"https:\/\/www.diarioimagen.net\/?p=439014","title":{"rendered":"Celebran por primera vez Semana de la Juventud en Nicol\u00e1s Romero"},"content":{"rendered":"<ul>\n<li><strong><em>Arranca con actividades l\u00fadicas y art\u00edsticas<\/em><\/strong><\/li>\n<\/ul>\n<p>&nbsp;<\/p>\n<div id=\"attachment_439093\" style=\"width: 470px\" class=\"wp-caption aligncenter\"><a href=\"https:\/\/www.diarioimagen.net\/?attachment_id=439093\" rel=\"attachment wp-att-439093\"><img loading=\"lazy\" decoding=\"async\" aria-describedby=\"caption-attachment-439093\" class=\"size-large wp-image-439093\" src=\"https:\/\/www.diarioimagen.net\/wp-content\/uploads\/2019\/08\/NICOLAS-15-460x259.jpg\" alt=\"\" width=\"460\" height=\"259\" srcset=\"https:\/\/www.diarioimagen.net\/wp-content\/uploads\/2019\/08\/NICOLAS-15-460x259.jpg 460w, https:\/\/www.diarioimagen.net\/wp-content\/uploads\/2019\/08\/NICOLAS-15-240x135.jpg 240w, https:\/\/www.diarioimagen.net\/wp-content\/uploads\/2019\/08\/NICOLAS-15-235x132.jpg 235w, https:\/\/www.diarioimagen.net\/wp-content\/uploads\/2019\/08\/NICOLAS-15-202x114.jpg 202w, https:\/\/www.diarioimagen.net\/wp-content\/uploads\/2019\/08\/NICOLAS-15-350x196.jpg 350w, https:\/\/www.diarioimagen.net\/wp-content\/uploads\/2019\/08\/NICOLAS-15-220x123.jpg 220w, https:\/\/www.diarioimagen.net\/wp-content\/uploads\/2019\/08\/NICOLAS-15-237x132.jpg 237w, https:\/\/www.diarioimagen.net\/wp-content\/uploads\/2019\/08\/NICOLAS-15.jpg 480w\" sizes=\"auto, (max-width: 460px) 100vw, 460px\" \/><\/a><p id=\"caption-attachment-439093\" class=\"wp-caption-text\">La Semana de la Juventud 2019 incluye varias actividades, como conciertos.<\/p><\/div>\n<p>&nbsp;<\/p>\n<p><strong>Nicol\u00e1s Romero, Estado de M\u00e9xico<\/strong>.- Nunca antes los j\u00f3venes nicolasromerenses tuvieron una fiesta en su honor; pensando en ellos, el gobierno del edil Armando Navarrete, lleva a cabo la Semana de la Juventud 2019, que incluye actividades culturales, l\u00fadicas, art\u00edsticas, conciertos, entre otras.<\/p>\n<p>De acuerdo con las actividades que se iniciaron el lunes 12 de agosto en la explanada municipal, para mantener vigente el D\u00eda Internacional de la Juventud, nombrado as\u00ed ese mismo d\u00eda pero del a\u00f1o 1999 por la Asamblea General de las Naciones Unidas. El objetivo es que desde el d\u00eda 12 y hasta el 17 de este mes los asistentes convivan y participen, ya que se llevan a cabo un concurso de fotograf\u00eda y muestras de pintura, reciclaje y danza. Tambi\u00e9n se tienen programados talleres, pl\u00e1ticas y conciertos.<\/p>\n<p>Esta Semana de la Juventud 2019 refrenda el compromiso del gobierno municipal de hacer valer el derecho a la cultura que tienen\u00a0 todos los habitantes del municipio, tal como lo marca el Bando Municipal.<\/p>\n<p>En palabras del alcalde, en Nicol\u00e1s Romero se tiene la seguridad de que \u201cla paz\u00a0social\u00a0es resultado de la justicia\u00a0social, eso implica que la gente tenga empleo, que los\u00a0j\u00f3venes\u00a0puedan tener acceso a educaci\u00f3n, a la cultura, al deporte, que en general tengamos acceso a aquello que nos da condiciones de vida digna\u201c.<\/p>\n<p>Adem\u00e1s, con este tipo de actividades se cumple con lo establecido por el Edil de devolverle los espacios p\u00fablicos a sus leg\u00edtimos due\u00f1os, que son los ciudadanos.<\/p>\n<p>Para los d\u00edas de cierre, se tiene contemplada la realizaci\u00f3n de talleres y vista con telescopios, premiaci\u00f3n de los concursos organizados y un concierto de rock y ska en el que se contar\u00e1 con la presentaci\u00f3n de la agrupaci\u00f3n musical Sal\u00f3n Victoria.<\/p>\n<p>La cartelera completa puede ser consultada en las redes sociales del Gobierno municipal de Nicol\u00e1s Romero.<\/p>\n","protected":false},"excerpt":{"rendered":"<p>Nunca antes los j\u00f3venes nicolasromerenses tuvieron una fiesta en su honor; pensando en ellos, el gobierno del edil Armando Navarrete, lleva a cabo la Semana de la Juventud 2019, que incluye actividades culturales, l\u00fadicas, art\u00edsticas, conciertos, entre otras.<\/p>\n","protected":false},"author":3,"featured_media":439093,"comment_status":"open","ping_status":"open","sticky":false,"template":"","format":"standard","meta":{"_monsterinsights_skip_tracking":false,"_monsterinsights_sitenote_active":false,"_monsterinsights_sitenote_note":"","_monsterinsights_sitenote_category":0,"footnotes":""},"categories":[5],"tags":[43675,752,87152],"class_list":["post-439014","post","type-post","status-publish","format-standard","has-post-thumbnail","hentry","category-estado-de-mexico","tag-estado-de-mexico","tag-nicolas-romero","tag-semana-de-la-juventud"],"_links":{"self":[{"href":"https:\/\/www.diarioimagen.net\/index.php?rest_route=\/wp\/v2\/posts\/439014","targetHints":{"allow":["GET"]}}],"collection":[{"href":"https:\/\/www.diarioimagen.net\/index.php?rest_route=\/wp\/v2\/posts"}],"about":[{"href":"https:\/\/www.diarioimagen.net\/index.php?rest_route=\/wp\/v2\/types\/post"}],"author":[{"embeddable":true,"href":"https:\/\/www.diarioimagen.net\/index.php?rest_route=\/wp\/v2\/users\/3"}],"replies":[{"embeddable":true,"href":"https:\/\/www.diarioimagen.net\/index.php?rest_route=%2Fwp%2Fv2%2Fcomments&post=439014"}],"version-history":[{"count":0,"href":"https:\/\/www.diarioimagen.net\/index.php?rest_route=\/wp\/v2\/posts\/439014\/revisions"}],"wp:featuredmedia":[{"embeddable":true,"href":"https:\/\/www.diarioimagen.net\/index.php?rest_route=\/wp\/v2\/media\/439093"}],"wp:attachment":[{"href":"https:\/\/www.diarioimagen.net\/index.php?rest_route=%2Fwp%2Fv2%2Fmedia&parent=439014"}],"wp:term":[{"taxonomy":"category","embeddable":true,"href":"https:\/\/www.diarioimagen.net\/index.php?rest_route=%2Fwp%2Fv2%2Fcategories&post=439014"},{"taxonomy":"post_tag","embeddable":true,"href":"https:\/\/www.diarioimagen.net\/index.php?rest_route=%2Fwp%2Fv2%2Ftags&post=439014"}],"curies":[{"name":"wp","href":"https:\/\/api.w.org\/{rel}","templated":true}]}}