{"id":439018,"date":"2019-08-15T00:05:01","date_gmt":"2019-08-15T05:05:01","guid":{"rendered":"https:\/\/www.diarioimagen.net\/?p=439018"},"modified":"2019-08-15T07:40:59","modified_gmt":"2019-08-15T12:40:59","slug":"triunfa-naucalpense-en-panamericanos","status":"publish","type":"post","link":"https:\/\/www.diarioimagen.net\/?p=439018","title":{"rendered":"Triunfa naucalpense en Panamericanos"},"content":{"rendered":"<ul>\n<li><strong><em>Jessica Sobrino Mizrahi, medalla de plata en nado sincronizado<\/em><\/strong><\/li>\n<\/ul>\n<p>&nbsp;<\/p>\n<div id=\"attachment_439099\" style=\"width: 306px\" class=\"wp-caption alignleft\"><a href=\"https:\/\/www.diarioimagen.net\/?attachment_id=439099\" rel=\"attachment wp-att-439099\"><img loading=\"lazy\" decoding=\"async\" aria-describedby=\"caption-attachment-439099\" class=\" wp-image-439099\" src=\"https:\/\/www.diarioimagen.net\/wp-content\/uploads\/2019\/08\/NAUCALPAN-15-306x460.jpg\" alt=\"\" width=\"296\" height=\"445\" srcset=\"https:\/\/www.diarioimagen.net\/wp-content\/uploads\/2019\/08\/NAUCALPAN-15-306x460.jpg 306w, https:\/\/www.diarioimagen.net\/wp-content\/uploads\/2019\/08\/NAUCALPAN-15-160x240.jpg 160w, https:\/\/www.diarioimagen.net\/wp-content\/uploads\/2019\/08\/NAUCALPAN-15.jpg 466w\" sizes=\"auto, (max-width: 296px) 100vw, 296px\" \/><\/a><p id=\"caption-attachment-439099\" class=\"wp-caption-text\">\u201cQuedar en segundo lugar se dice f\u00e1cil, pero fueron much\u00edsimas horas de trabajo, ya con la mente m\u00e1s en calma me siento tranquila de lo que hicimos\u201d.<\/p><\/div>\n<p><strong>Naucalpan, Estado de M\u00e9xico<\/strong>.- A dos semanas de la justa en Lima, Naucalpan recibe de regreso a Jessica Sobrino Mizrahi, quien obtuvo medalla de plata en nado sincronizado en los Juegos Panamericanos 2019.<\/p>\n<p>Con m\u00e1s de ocho horas diarias de entrenamiento, durante 12 meses, la sensaci\u00f3n no es otra que de satisfacci\u00f3n y alivio por un trabajo bien hecho. El equipo mexicano de nado sincronizado refrend\u00f3 su logro de los Panamericanos de Toronto 2015, al quedar en el podio por encima de Estados Unidos y s\u00f3lo por debajo de Canad\u00e1.<\/p>\n<p>\u201cQuedar en segundo lugar Panamericano se dice f\u00e1cil, pero fueron much\u00edsimas horas de trabajo, ya con la mente m\u00e1s en calma me siento tranquila de lo que hicimos\u201d, asegur\u00f3 la vecina de Echegaray.<\/p>\n<p>Jessica Sobrino lo tiene muy claro: la clave para triunfar en la disciplina no radica en competir contra los dem\u00e1s pa\u00edses, sino consigo mismo.<\/p>\n<p>De esta manera, adem\u00e1s de la presea plateada, ella y su equipo superaron la puntuaci\u00f3n obtenida apenas 15 d\u00edas antes, de 86, en el Campeonato Mundial de Nataci\u00f3n. En esta ocasi\u00f3n los jueces las calificaron con 88.<\/p>\n<p>\u201cCompetir contra otros pa\u00edses te hace competitiva, competencia es volverte m\u00e1s competente en lo que haces, eso era lo que busc\u00e1bamos, volvernos mucho mejores nosotras para obtener un buen resultado.<\/p>\n<p>\u201cMi pensamiento siempre fue positivo y de disfrutarlo. Es impresionante nadar una alberca de esa magnitud, que todo el p\u00fablico est\u00e9 vi\u00e9ndote y la alberca est\u00e9 llena. Si te enfocas en cosas de afuera, en los jueces, es muy dif\u00edcil, entonces yo trat\u00e9 de enfocarme en disfrutarlo todo el tiempo y mostrar lo que he trabajado, me gusta transmitir esa seguridad y esas emociones\u201d.<\/p>\n<p>En entrevista, Sobrino Mizrahi record\u00f3 el cobijo de la gente desde su municipio, Naucalpan, que la acompa\u00f1\u00f3 de principio a fin en esta ruta rumbo a la plata panamericana.<\/p>\n<p>La escuela primaria \u201cRuinas de Bonampak\u201d, la secundaria \u201cBenem\u00e9rito de las Am\u00e9ricas\u201d y la UVM, ubicadas en Hacienda de Echegaray, Sat\u00e9lite y Lomas Verdes, respectivamente, figuraron en la conversaci\u00f3n como sitios memorables en su vida. Amigos de esas escuelas le mandaron mensajes de buena suerte y felicitaciones hasta Lima, Per\u00fa.<\/p>\n<p>\u201cRecib\u00ed muchos mensajes desde el principio, que los agradezco much\u00edsimo. La gente siempre estuvo al pendiente de nosotras, desde que \u00edbamos a competir y unas semanas antes, en el mundial. Me siento feliz de regresar a mi casa y ver que toda la gente me vio competir\u201d, manifest\u00f3 la multimedallista.<\/p>\n","protected":false},"excerpt":{"rendered":"<p>A dos semanas de la justa en Lima, Naucalpan recibe de regreso a Jessica Sobrino Mizrahi, quien obtuvo medalla de plata en nado sincronizado en los Juegos Panamericanos 2019.<\/p>\n","protected":false},"author":3,"featured_media":439100,"comment_status":"open","ping_status":"open","sticky":false,"template":"","format":"standard","meta":{"_monsterinsights_skip_tracking":false,"_monsterinsights_sitenote_active":false,"_monsterinsights_sitenote_note":"","_monsterinsights_sitenote_category":0,"footnotes":""},"categories":[5],"tags":[43675,87317,13183,970],"class_list":["post-439018","post","type-post","status-publish","format-standard","has-post-thumbnail","hentry","category-estado-de-mexico","tag-estado-de-mexico","tag-jessica-sobrino-mizrahi","tag-juegos-panamericanos","tag-naucalpan"],"_links":{"self":[{"href":"https:\/\/www.diarioimagen.net\/index.php?rest_route=\/wp\/v2\/posts\/439018","targetHints":{"allow":["GET"]}}],"collection":[{"href":"https:\/\/www.diarioimagen.net\/index.php?rest_route=\/wp\/v2\/posts"}],"about":[{"href":"https:\/\/www.diarioimagen.net\/index.php?rest_route=\/wp\/v2\/types\/post"}],"author":[{"embeddable":true,"href":"https:\/\/www.diarioimagen.net\/index.php?rest_route=\/wp\/v2\/users\/3"}],"replies":[{"embeddable":true,"href":"https:\/\/www.diarioimagen.net\/index.php?rest_route=%2Fwp%2Fv2%2Fcomments&post=439018"}],"version-history":[{"count":0,"href":"https:\/\/www.diarioimagen.net\/index.php?rest_route=\/wp\/v2\/posts\/439018\/revisions"}],"wp:featuredmedia":[{"embeddable":true,"href":"https:\/\/www.diarioimagen.net\/index.php?rest_route=\/wp\/v2\/media\/439100"}],"wp:attachment":[{"href":"https:\/\/www.diarioimagen.net\/index.php?rest_route=%2Fwp%2Fv2%2Fmedia&parent=439018"}],"wp:term":[{"taxonomy":"category","embeddable":true,"href":"https:\/\/www.diarioimagen.net\/index.php?rest_route=%2Fwp%2Fv2%2Fcategories&post=439018"},{"taxonomy":"post_tag","embeddable":true,"href":"https:\/\/www.diarioimagen.net\/index.php?rest_route=%2Fwp%2Fv2%2Ftags&post=439018"}],"curies":[{"name":"wp","href":"https:\/\/api.w.org\/{rel}","templated":true}]}}