{"id":439047,"date":"2019-08-15T00:01:04","date_gmt":"2019-08-15T05:01:04","guid":{"rendered":"https:\/\/www.diarioimagen.net\/?p=439047"},"modified":"2019-08-15T04:04:18","modified_gmt":"2019-08-15T09:04:18","slug":"limosnas-del-presidente","status":"publish","type":"post","link":"https:\/\/www.diarioimagen.net\/?p=439047","title":{"rendered":"Limosnas del Presidente"},"content":{"rendered":"<h2>De pe a pa<\/h2>\n<h5>Alberto Vieyra G.<\/h5>\n<p>&nbsp;<\/p>\n<p>Hace un par de meses un grupo de 12 alumnos mexicanos de primaria y secundaria denunciaron que el Conacyt no les otorgar\u00eda un solo centavo por falta de presupuesto para concurrir a la Olimpiada de Matem\u00e1ticas en Sud\u00e1frica.<\/p>\n<p>El asunto corri\u00f3 como reguero de p\u00f3lvora por las redes sociales a todo el mundo.<\/p>\n<p>Pronto, aparecer\u00eda un exitoso mexicano benefactor, Guillermo del Toro, quien se pondr\u00eda guapo con los car\u00edsimos boletos de avi\u00f3n para los j\u00f3venes matem\u00e1ticos, cuyas familias continuaron una recolecta para costear el pipirin y su estancia por aquellas tierras del llamado continente negro.<\/p>\n<p>\u00bfY qu\u00e9 cree?.. que nuestros muchachos en prueba individual ganaron 1 medalla de oro, 2 de platas, 3 bronces y dos menciones honor\u00edficas. Y en prueba por equipo 1 de oro y 1 de bronce.<\/p>\n<p>Este \u00e1tomo de la comunicaci\u00f3n se siente muy orgulloso de esos j\u00f3venes compatriotas que volvieron a poner y muy en alto a nivel el nombre de M\u00e9xico internacional, aunque haya sido gracias a generosos benefactores privados porque las limosnas del Presidente de la Rep\u00fablica no llegaron jam\u00e1s, como tampoco llegaron para los m\u00e1s de 500 deportistas que acudieron a Lima, Per\u00fa a participar en los Juegos Panamericanos.<\/p>\n<p>Los ol\u00edmpicos matem\u00e1ticos de Sud\u00e1frica agradecieron al prestigiado laureado cineasta mexicano, Guillermo del Toro su gesto humanista y patri\u00f3tico. \u201c\u00a1Gracias del Toro!<\/p>\n<p>No queremos pensar qu\u00e9 hubiera pasado sin tu apoyo, pero aqu\u00ed est\u00e1n los resultados. El reconocimiento a del Toro pareci\u00f3 como si hubiesen clavado un par de banderillas para L\u00f3pez Obrador quien saldr\u00eda con una c\u00ednica ret\u00f3rica de que \u201cHoy m\u00e1s que nunca se est\u00e1 apoyando a los j\u00f3venes mexicanos que asistir\u00e1n a los cert\u00e1menes internacionales de matem\u00e1ticas, mientras la OMM (Olimpiada Mexicana de Matem\u00e1ticas) desmiente al presidente y solo le falt\u00f3 decir que el presupuesto es una indecente limosna.<\/p>\n<p>Y tambi\u00e9n de limosnas caritativas muchos de los medallistas en Lima, Per\u00fa hicieron el viaje <em>a duras penas<\/em>, porque la Conade que dirige do\u00f1a alfombra, Ana Guevara tanto ella como AMLO la tienen en quiebra y se han visto como aut\u00e9nticos <em>#cuenta chiles<\/em> para apoyar a los deportistas, que como nunca en la historia hab\u00edan hecho el papelazo de hoy, \u00a1con 137 medallas, 37 de las cuales son de oro!<\/p>\n<p>Que chistoso es el negrerismo del Presidente de la Rep\u00fablica, para esos j\u00f3venes deportistas hubo limosnas presupuestarias, merced a la demencial \u201causteridad republicana\u201d, <em>Lopezobradorista <\/em>f\u00edjese usted que incongruencia<em>, <\/em>que para fomentar el b\u00e9isbol destin\u00f3 este a\u00f1o 300 millones de pesos y resulta que el b\u00e9isbol ni siquiera estuvo representado en Per\u00fa, y que solo para el Presidente de la Rep\u00fablica es un deporte profesional.<\/p>\n<p>Los deportistas mexicanos que conquistaron los m\u00e1ximos honores en Lima y ocuparon el tercer lugar a nivel continental, llamaron poderosamente la atenci\u00f3n en todo el mundo y no faltaron los canadienses y norteamericanos que llegaron a vaticinar que M\u00e9xico se enfila para ser una potencia deportiva en Am\u00e9rica, pero lastima de un M\u00e9xico con raza de bronce talentosa y de un Presidente de la Rep\u00fablica negrero y con una mentalidad obtusa.<\/p>\n<p>Eso s\u00ed, ante el exitazo de nuestros deportistas, Ana Guevara se fue inmediatamente a lambisconearle al Presidente y haciendo caravana con sombrero ajeno le colg\u00f3 inmerecidas medallas a AMLO, quien se ver\u00eda obligado a anunciar el otorgamiento de limosnas presidenciales a todos los deportistas que participaron en los juegos panamericanos, incluyendo cuerpo t\u00e9cnico y anunci\u00f3 que con la venta de la mansi\u00f3n del narcotraficante Zhenli Ye Gon, aparentemente ya vendida en 102 millones de pesos m\u00e1s un fondo deportivo de 200 millones se otorgar\u00e1n est\u00edmulos econ\u00f3micos durante un a\u00f1o y en una sola exhibici\u00f3n a la exitosa delegaci\u00f3n deportiva.<\/p>\n<p>\u00bfY despu\u00e9s qu\u00e9, durante Tokio, seguir\u00e1n las limosnas presidenciales?, \u00bfNo ser\u00eda mejor que el Presidente se deje de limosnas y anuncie una pol\u00edtica de Estado seria que incluya est\u00edmulos al deporte amateur, la cultura y la ciencia para la que este a\u00f1o destin\u00f3 una limosna de 25 millones de pesos, cuando ten\u00eda un presupuesto de 10 veces m\u00e1s?<\/p>\n<p>Muy saludable para M\u00e9xico ser\u00e1 que el Presidente se deje de ocurrencias y negrerismo y que ya se ponga las pilas porque de aprendizaje como Presidente de la Rep\u00fablica no cree usted, que ya estuvo suave.<\/p>\n<p><em><a href=\"mailto:info@agenciamn.com\" target=\"_blank\" rel=\"noopener noreferrer\">info@agenciamn.com<\/a><\/em><\/p>\n","protected":false},"excerpt":{"rendered":"<p><span style=\"color: #005497;\"><strong>Alberto Vieyra G.<\/strong><\/span><\/p>\n","protected":false},"author":3,"featured_media":0,"comment_status":"open","ping_status":"open","sticky":false,"template":"","format":"standard","meta":{"_monsterinsights_skip_tracking":false,"_monsterinsights_sitenote_active":false,"_monsterinsights_sitenote_note":"","_monsterinsights_sitenote_category":0,"footnotes":""},"categories":[4596],"tags":[43697,4597,43674],"class_list":["post-439047","post","type-post","status-publish","format-standard","hentry","category-alberto-vieyra-g","tag-alberto-vieyra-g","tag-de-pe-a-pa","tag-opinion"],"_links":{"self":[{"href":"https:\/\/www.diarioimagen.net\/index.php?rest_route=\/wp\/v2\/posts\/439047","targetHints":{"allow":["GET"]}}],"collection":[{"href":"https:\/\/www.diarioimagen.net\/index.php?rest_route=\/wp\/v2\/posts"}],"about":[{"href":"https:\/\/www.diarioimagen.net\/index.php?rest_route=\/wp\/v2\/types\/post"}],"author":[{"embeddable":true,"href":"https:\/\/www.diarioimagen.net\/index.php?rest_route=\/wp\/v2\/users\/3"}],"replies":[{"embeddable":true,"href":"https:\/\/www.diarioimagen.net\/index.php?rest_route=%2Fwp%2Fv2%2Fcomments&post=439047"}],"version-history":[{"count":0,"href":"https:\/\/www.diarioimagen.net\/index.php?rest_route=\/wp\/v2\/posts\/439047\/revisions"}],"wp:attachment":[{"href":"https:\/\/www.diarioimagen.net\/index.php?rest_route=%2Fwp%2Fv2%2Fmedia&parent=439047"}],"wp:term":[{"taxonomy":"category","embeddable":true,"href":"https:\/\/www.diarioimagen.net\/index.php?rest_route=%2Fwp%2Fv2%2Fcategories&post=439047"},{"taxonomy":"post_tag","embeddable":true,"href":"https:\/\/www.diarioimagen.net\/index.php?rest_route=%2Fwp%2Fv2%2Ftags&post=439047"}],"curies":[{"name":"wp","href":"https:\/\/api.w.org\/{rel}","templated":true}]}}