{"id":439067,"date":"2019-08-15T00:09:39","date_gmt":"2019-08-15T05:09:39","guid":{"rendered":"https:\/\/www.diarioimagen.net\/?p=439067"},"modified":"2019-08-15T04:25:16","modified_gmt":"2019-08-15T09:25:16","slug":"desmantelan-la-policia-cibernetica","status":"publish","type":"post","link":"https:\/\/www.diarioimagen.net\/?p=439067","title":{"rendered":"Desmantelan la polic\u00eda cibern\u00e9tica"},"content":{"rendered":"<h2>Poder y dinero<\/h2>\n<h5>V\u00edctor S\u00e1nchez Ba\u00f1os<\/h5>\n<p><em>\u00a0<\/em><\/p>\n<ul>\n<li><strong><em>100 millones anuales de ciberataques<\/em><\/strong><\/li>\n<li><strong><em>Queja: Aerom\u00e9xico difama a Emirates<\/em><\/strong><\/li>\n<\/ul>\n<p>&nbsp;<\/p>\n<p style=\"text-align: right;\"><strong><em>El fuego prueba al oro; la miseria<\/em><em> a los hombres fuertes<br \/>\n<\/em><\/strong><em>Anneo S\u00e9neca , 3 a. C.- 65 d. C.;<\/em><em> Fil\u00f3sofo romano<\/em><\/p>\n<p>&nbsp;<\/p>\n<p>#AtacaronAProsa? #DebilitanPolic\u00edaCibern\u00e9tica #NoCompranTecnolog\u00eda #AbusadoresAlACecho #Hackers #Protocolos #Sexting #DelitosCibern\u00e9ticos #Emirates #Aeromexico \u201c#ifamaci\u00f3n #ChismeGigante #TemorA\u00e9reo #SAE #Senado #SubastaAutos<\/p>\n<p>&nbsp;<\/p>\n<p>Mientras el n\u00famero de ciberataques contra empresas, personas y gobierno crece espectacularmente para llegar a 100 millones de agresiones ocurridas en 2018, se desmantela la polic\u00eda cibern\u00e9tica.\u00a0 Si bien, era una corporaci\u00f3n enana en la administraci\u00f3n de Enrique Pe\u00f1a Nieto, le quitaron recursos en este gobierno. Todo hace indicar que la falla del pasado fin de semana en el pago de tarjetas de cr\u00e9dito, a trav\u00e9s de la c\u00e1mara de compensaci\u00f3n, PROSA, fue un ataque de hackers, aunque esto ha sido desmentido insistentemente.<\/p>\n<p>M\u00e9xico ocupaba en el 2014 el segundo lugar en Latinoam\u00e9rica con mayor n\u00famero de ataques cibern\u00e9ticos con s\u00f3lo 10 millones de impactos; en 2018 se contabilizaron 100 millones agresiones. Son muchas las razones de este fen\u00f3meno, que se agudiz\u00f3 al demostrarse la fragilidad del sistema bancario mexicano, con el ataque de hackers mexicanos al SPEI, el sistema de intercambio de ordenes de pago interbancario. M\u00e1s de mil millones de pesos saquearon de los bancos los delincuentes que un a\u00f1o despu\u00e9s fueron capturados y mantenidos aislados.<\/p>\n<p>Un factor que relata esa vulnerabilidad es la falta de un marco legal que tipifique como cr\u00edmenes la infiltraci\u00f3n, exfiltraci\u00f3n, secuestro y destrucci\u00f3n de datos. Por lo tanto. la Secretar\u00eda de Relaciones Exteriores, liderado por Marcelo Ebrard, debe sumarse al Convenio de Budapest y su Protocolo Adicional, as\u00ed como al Convenio 108 del Consejo de Europa, con el objeto de enriquecer el marco jur\u00eddico en materia de ciberseguridad.<\/p>\n<p>El Protocolo Adicional, es complementario al Convenio de Budapest, respecto a la penalizaci\u00f3n de actos y conductas de naturaleza racista y xenof\u00f3bica cometidas a trav\u00e9s del uso de sistemas de c\u00f3mputo.<\/p>\n<p>El \u201cConvenio de Budapest\u201d, es el mecanismo de intercambio de informaci\u00f3n especializada en materia tecnol\u00f3gica, inteligencia y ciberseguridad. Pero, el Centro Nacional de Respuesta a Incidentes Cibern\u00e9ticos de M\u00e9xico de la extinta Polic\u00eda Federal, que desarrolla procesos de protecci\u00f3n de infraestructuras cr\u00edticas susceptibles de ser vulneradas por ataques inform\u00e1ticos, ahora con la Guardia Nacional no tiene cabida. El ciberacoso de ni\u00f1os y jovencitos, as\u00ed como otro tipo de delitos en las redes no son explicados con amplitud.<\/p>\n<p>No les queda claro a legisladores, especialmente los federales, que hay delitos que pueden llevar al suicidio a ni\u00f1os y adolescentes por los llamados sexting (im\u00e1genes sexuales), stalking, hostigamiento y persecuci\u00f3n; injurias, calumnias. Bueno, hasta secuestros, violaciones y asesinatos, adem\u00e1s del robo de identidades con el objeto de defraudar, robar o extorsionar. Para eso se necesita una polic\u00eda cibern\u00e9tica m\u00e1s fortalecida. No s\u00f3lo en la calle somos vulnerables a los delincuentes, sino hasta en la \u201cprivacidad\u201d de las redes.<\/p>\n<p><strong>PODEROSOS CABALLEROS:<\/strong> El conflicto entre Aerom\u00e9xico, que preside Andr\u00e9s Conesa, filtr\u00f3 que Emirates Airline, que preside Tim Clark, no cuenta con los permisos para operar en M\u00e9xico, pero obviaron que ni ellos ni las dem\u00e1s compa\u00f1\u00edas con operaci\u00f3n en el pa\u00eds los tienen porque las autoridades mexicanas liberan horarios e itinerarios hasta el 31 de agosto. Incluso, ante su desesperaci\u00f3n y temor a la competencia, Aerom\u00e9xico \u201corden\u00f3\u201d a los sindicatos Independencia, ASSA y ASPA para presionar a la DGCA, AICM, Miguel Torruco Marqu\u00e9s, Marcelo Ebrard Casaub\u00f3n y Javier Jim\u00e9nez Espri\u00fa, con un argumento que con la apertura de la ruta Dubai-Barcelona.M\u00e9xico, pondr\u00eda en riesgos los empleos de toda la industria, cuando est\u00e1 representa menos del 0.01% de las rutas a\u00e9reas que tiene M\u00e9xico. Emirates se diente difamado y, en cambio, acusa a la Mexicana, a trav\u00e9s de su socia mayoritaria en Estados Unidos Delta Air Lines, con denuncias en la Uni\u00f3n Americana y en Europa. Con informaci\u00f3n \u201cfalsa\u201d en la Profeco, de Ricardo Sheffield, demand\u00f3 emprender acciones en contra de los \u00e1rabes. Lo mismo hacen con la Cofece, de Alejandra Palacios. No es miedo. \u00a1Es p\u00e1nico!\u00a0 *** El Senado subast\u00f3 76 veh\u00edculos que usaban legisladores en 7.8 millones de pesos. Cada veh\u00edculo lo remat\u00f3 el SAE en 102 mil pesos. Se trataba de autos marca Toyota Prius, h\u00edbridos, que generalmente no usaban los legisladores, ya que se los dejaban a sus amigos y colaboradores. Ellos, como la clase dorada, en autos blindados.<\/p>\n<p><strong>RESPONSABILIDAD SOCIAL CORPORATIVA<\/strong> La refresquera Coca Cola est\u00e1 interesada en comprar cocos a los productores de Guerrero para envasar y comercializar el agua, lo que elevar\u00e1 esa actividad econ\u00f3mica en las dos costas de Guerrero.<\/p>\n<p>El secretario de Agricultura V\u00edctor Villalobos y el gobernador de Guerrero, H\u00e9ctor Astudillo, manifestaron durante una reuni\u00f3n efectuada hace unos d\u00edas en Casa Guerrero, que tanto el gobierno federal como el estatal ser\u00e1n intermediarios con los productores guerrerenses para que el proyecto se lleve a cabo con \u00e9xito. Esc\u00fachame en MVS Radio (102.5 FM) de 21 a 22 hrs. de lunes a viernes en Poder y Dinero. MVSnoticias.com<\/p>\n<p><strong>\u00a0<\/strong><a href=\"http:\/\/poderydinero.mx\" target=\"_blank\" rel=\"noopener noreferrer\"><em>poderydinero.mx<\/em><\/a><em><b><br \/>\n<\/b><a href=\"mailto:vsanchezb@gmail.com\" target=\"_blank\" rel=\"noopener noreferrer\">vsanchezb@gmail.com<br \/>\n<\/a><strong>Twitter:<\/strong><a href=\"https:\/\/twitter.com\/vsanchezbanos\" target=\"_blank\" rel=\"noopener noreferrer\">@vsanchezbano<br \/>\n<\/a><strong>Facebook:\u00a0<\/strong><a href=\"https:\/\/www.facebook.com\/vsanchezbanos?fref=ts\" target=\"_blank\" rel=\"noopener noreferrer\">vsanchezbano<\/a><\/em><\/p>\n","protected":false},"excerpt":{"rendered":"<p><span style=\"color: #005497;\"><strong>V\u00edctor S\u00e1nchez Ba\u00f1os<\/strong><\/span><\/p>\n","protected":false},"author":3,"featured_media":0,"comment_status":"open","ping_status":"open","sticky":false,"template":"","format":"standard","meta":{"_monsterinsights_skip_tracking":false,"_monsterinsights_sitenote_active":false,"_monsterinsights_sitenote_note":"","_monsterinsights_sitenote_category":0,"footnotes":""},"categories":[38844],"tags":[43674,38847,38848],"class_list":["post-439067","post","type-post","status-publish","format-standard","hentry","category-victor-sanchez-banos","tag-opinion","tag-poder-y-dinero","tag-victor-sanchez-banos"],"_links":{"self":[{"href":"https:\/\/www.diarioimagen.net\/index.php?rest_route=\/wp\/v2\/posts\/439067","targetHints":{"allow":["GET"]}}],"collection":[{"href":"https:\/\/www.diarioimagen.net\/index.php?rest_route=\/wp\/v2\/posts"}],"about":[{"href":"https:\/\/www.diarioimagen.net\/index.php?rest_route=\/wp\/v2\/types\/post"}],"author":[{"embeddable":true,"href":"https:\/\/www.diarioimagen.net\/index.php?rest_route=\/wp\/v2\/users\/3"}],"replies":[{"embeddable":true,"href":"https:\/\/www.diarioimagen.net\/index.php?rest_route=%2Fwp%2Fv2%2Fcomments&post=439067"}],"version-history":[{"count":0,"href":"https:\/\/www.diarioimagen.net\/index.php?rest_route=\/wp\/v2\/posts\/439067\/revisions"}],"wp:attachment":[{"href":"https:\/\/www.diarioimagen.net\/index.php?rest_route=%2Fwp%2Fv2%2Fmedia&parent=439067"}],"wp:term":[{"taxonomy":"category","embeddable":true,"href":"https:\/\/www.diarioimagen.net\/index.php?rest_route=%2Fwp%2Fv2%2Fcategories&post=439067"},{"taxonomy":"post_tag","embeddable":true,"href":"https:\/\/www.diarioimagen.net\/index.php?rest_route=%2Fwp%2Fv2%2Ftags&post=439067"}],"curies":[{"name":"wp","href":"https:\/\/api.w.org\/{rel}","templated":true}]}}