{"id":439216,"date":"2019-08-16T00:03:23","date_gmt":"2019-08-16T05:03:23","guid":{"rendered":"https:\/\/www.diarioimagen.net\/?p=439216"},"modified":"2019-08-16T02:49:06","modified_gmt":"2019-08-16T07:49:06","slug":"ine-carisimo","status":"publish","type":"post","link":"https:\/\/www.diarioimagen.net\/?p=439216","title":{"rendered":"INE, car\u00edsimo"},"content":{"rendered":"<h2>Espacio Electoral<\/h2>\n<h5>Eleazar Flores<\/h5>\n<p>&nbsp;<\/p>\n<p>Voraz.- El presidente Andr\u00e9s Manuel L\u00f3pez Obrador tiene raz\u00f3n para insistir por tercera vez que los partidos pol\u00edticos bajen sus pretensiones presupuestarias para 2020; pero lo absurdo es que la propuesta nace del INE, cuyos directivos devengan sueldos premier.<\/p>\n<p>Disponer de 5,239 millones de pesos para un a\u00f1o no electoral como es 2020 es desproporcional y la C\u00e1mara de Diputados, de mayor\u00eda morenista, seguro meter\u00e1 tijera, en un 10% cuando m\u00e1s.<\/p>\n<p><strong>Morena \u00bfaustera?<\/strong><\/p>\n<p>Lo absurdo de todo este intr\u00edngulis es que mientras el padre de la Cuarta Transformaci\u00f3n\u00a0 clam\u00f3 en la ma\u00f1anera de ayer para que los partidos bajen sus pretensiones, la dirigencia nacional del Movimiento de Regeneraci\u00f3n Nacional (Morena), no precisa si obedecer\u00e1 o no las indicaciones de su l\u00edder, eso s\u00ed anuncia que podr\u00eda bajarse hasta 70 %, no s\u00f3lo 50%.<\/p>\n<p>Y la duda tiene su raz\u00f3n pues de los 5 mil 239 millones de pesos para los partidos durante 2020, Morena se llevar\u00eda \u201c\u00fanicamente\u201d mil 703 millones de devaluados pesos, presupuesto mucho mayor que lo que se llevar\u00e1n juntos PRD, PVEM, PMC y PT. El PAN es el segundo partido con m\u00e1s presupuesto despu\u00e9s de Morena con 936 millones y el PRI tercero con 881 millones.<\/p>\n<p>Ciro Murayama, que lleva m\u00e1s de una d\u00e9cada como funcionario de primer\u00edsimo nivel en el INE, incluso desde que era IFE, argument\u00f3 interesadamente que rebajar presupuesto a los partidos no resolver\u00eda los agudos problemas de pobreza\u00a0 en el pa\u00eds, y s\u00ed en cambio se correr\u00eda el peligro de privatizar los comicios, lo que ser\u00eda lamentable. Vaya manera de pensar para defender sueldazos.<\/p>\n<p><strong>Toluca<\/strong>.-Aut\u00e9ntica sorpresa entre los mexiquenses la noticia de la posible venta del Aeropuerto Internacional Adolfo L\u00f3pez Mateos ubicado en el oriente de la capital, al gobierno federal.<\/p>\n<p>Con la \u201cprecisi\u00f3n\u201d que caracteriza a muchos comunicados oficiales, el relacionado a la posible venta se\u00f1ala a la empresa Ale\u00e1tica, como administradora de aviones, como interventora en el hecho.<\/p>\n<p>Se llegue o no a vender el aeropuerto de Toluca, vale recordar que el inmueble se ha venido construyendo desde hace cuando menos 55 a\u00f1os pues se inici\u00f3 en el sexenio de Jorge Jim\u00e9nez Cant\u00fa, lo impuls\u00f3 notoriamente el gobernador Alfredo del Mazo Gonz\u00e1lez y todos los que le siguieron, sean sexenios, o menos, por interinatos.<\/p>\n<p>O sea, Alfredo Baranda, Mario Ram\u00f3n Beteta, Ignacio Pichardo, Emilio Chuayffet, C\u00e9sar Camacho, Arturo Montiel, Enrique Pe\u00f1a, Eruviel \u00c1vila y Alfredo del Mazo Maza.<\/p>\n<p>Como reporteros de la fuente, a muchos nos toc\u00f3 viajar en el vuelo inaugural Monterrey-Toluca-Acapulco en el primer lustro de los ochentas, encabezando los mandatarios de esas entidades, aqu\u00ed Del Mazo Gonz\u00e1lez. El lunes m\u00e1s datos del tema.<\/p>\n<p><a href=\"mailto:elefa44@gmail.com\" target=\"_blank\" rel=\"noopener noreferrer\"><em>elefa44@gmail.com<\/em><\/a><\/p>\n","protected":false},"excerpt":{"rendered":"<p><span style=\"color: #005497;\"><strong>Eleazar Flores<\/strong><\/span><\/p>\n","protected":false},"author":3,"featured_media":0,"comment_status":"open","ping_status":"open","sticky":false,"template":"","format":"standard","meta":{"_monsterinsights_skip_tracking":false,"_monsterinsights_sitenote_active":false,"_monsterinsights_sitenote_note":"","_monsterinsights_sitenote_category":0,"footnotes":""},"categories":[81743],"tags":[81744,81776,43674],"class_list":["post-439216","post","type-post","status-publish","format-standard","hentry","category-eleazar-flores","tag-eleazar-flores","tag-espacio-electoral","tag-opinion"],"_links":{"self":[{"href":"https:\/\/www.diarioimagen.net\/index.php?rest_route=\/wp\/v2\/posts\/439216","targetHints":{"allow":["GET"]}}],"collection":[{"href":"https:\/\/www.diarioimagen.net\/index.php?rest_route=\/wp\/v2\/posts"}],"about":[{"href":"https:\/\/www.diarioimagen.net\/index.php?rest_route=\/wp\/v2\/types\/post"}],"author":[{"embeddable":true,"href":"https:\/\/www.diarioimagen.net\/index.php?rest_route=\/wp\/v2\/users\/3"}],"replies":[{"embeddable":true,"href":"https:\/\/www.diarioimagen.net\/index.php?rest_route=%2Fwp%2Fv2%2Fcomments&post=439216"}],"version-history":[{"count":0,"href":"https:\/\/www.diarioimagen.net\/index.php?rest_route=\/wp\/v2\/posts\/439216\/revisions"}],"wp:attachment":[{"href":"https:\/\/www.diarioimagen.net\/index.php?rest_route=%2Fwp%2Fv2%2Fmedia&parent=439216"}],"wp:term":[{"taxonomy":"category","embeddable":true,"href":"https:\/\/www.diarioimagen.net\/index.php?rest_route=%2Fwp%2Fv2%2Fcategories&post=439216"},{"taxonomy":"post_tag","embeddable":true,"href":"https:\/\/www.diarioimagen.net\/index.php?rest_route=%2Fwp%2Fv2%2Ftags&post=439216"}],"curies":[{"name":"wp","href":"https:\/\/api.w.org\/{rel}","templated":true}]}}