{"id":439376,"date":"2019-08-19T00:12:37","date_gmt":"2019-08-19T05:12:37","guid":{"rendered":"https:\/\/www.diarioimagen.net\/?p=439376"},"modified":"2019-08-19T06:13:59","modified_gmt":"2019-08-19T11:13:59","slug":"morena-un-hervidero-de-ambiciones-que-amenaza-la-4ta-transformacion","status":"publish","type":"post","link":"https:\/\/www.diarioimagen.net\/?p=439376","title":{"rendered":"Morena, un hervidero de ambiciones que amenaza la 4ta. Transformaci\u00f3n"},"content":{"rendered":"<h2>Tras la puerta del poder<\/h2>\n<h5>Roberto Vizca\u00edno<\/h5>\n<p>&nbsp;<\/p>\n<div id=\"attachment_439448\" style=\"width: 470px\" class=\"wp-caption aligncenter\"><a href=\"https:\/\/www.diarioimagen.net\/?attachment_id=439448\" rel=\"attachment wp-att-439448\"><img loading=\"lazy\" decoding=\"async\" aria-describedby=\"caption-attachment-439448\" class=\"size-large wp-image-439448\" src=\"https:\/\/www.diarioimagen.net\/wp-content\/uploads\/2019\/08\/aclaracion-trumpera-LUIS-XAVIER-1-460x352.jpg\" alt=\"\" width=\"460\" height=\"352\" srcset=\"https:\/\/www.diarioimagen.net\/wp-content\/uploads\/2019\/08\/aclaracion-trumpera-LUIS-XAVIER-1-460x352.jpg 460w, https:\/\/www.diarioimagen.net\/wp-content\/uploads\/2019\/08\/aclaracion-trumpera-LUIS-XAVIER-1-240x184.jpg 240w, https:\/\/www.diarioimagen.net\/wp-content\/uploads\/2019\/08\/aclaracion-trumpera-LUIS-XAVIER-1-768x588.jpg 768w, https:\/\/www.diarioimagen.net\/wp-content\/uploads\/2019\/08\/aclaracion-trumpera-LUIS-XAVIER-1.jpg 1200w\" sizes=\"auto, (max-width: 460px) 100vw, 460px\" \/><\/a><p id=\"caption-attachment-439448\" class=\"wp-caption-text\">Aclaraci\u00f3n trumpera&#8230; | Luis Xavier<\/p><\/div>\n<p>&nbsp;<\/p>\n<p>Sin un liderazgo claro que conduzca a Morena en el tr\u00e1nsito del movimiento que llev\u00f3 a Andr\u00e9s <strong>Manuel L\u00f3pez Obrador<\/strong> a la Presidencia de la Rep\u00fablica, a convertirse en partido pol\u00edtico, este instituto, el de mayor penetraci\u00f3n y fuerza del momento, vive el caos y una contienda entre egos y ambiciones en cada sector.<\/p>\n<p>Ayer, el Tercer Congreso de Morena, convocado para definir las l\u00edneas de la convocatoria para la renovaci\u00f3n de su dirigencia nacional el pr\u00f3ximo 20 de noviembre, fue suspendido, debido a denuncias y confrontaci\u00f3n de dirigentes por quejas de ilegalidad.<\/p>\n<p>Y es que sin ning\u00fan pudor ni \u00e9tica, evidentemente sin experiencia de manejo partidario, Yeidckol Polevnsky dirigente saliente y principal aspirante a la reelecci\u00f3n, dio madruguete a los cuadros y bases de Morena, al emitir un d\u00eda ante <strong><em>su propia convocatoria<\/em><\/strong> de elecci\u00f3n de dirigentes.<\/p>\n<p>Lo hizo bajo el supuesto de que s\u00f3lo el CEN que ella preside es el que puede emitir esa convocatoria, y contra la resoluci\u00f3n del Consejo Nacional del pasado 7 de julio, de integrar una comisi\u00f3n que intervendr\u00eda en la elaboraci\u00f3n de esa convocatoria.<\/p>\n<p><strong>Polevnsky<\/strong> lanz\u00f3 su convocatoria, a pesar de que los integrantes de la Comisi\u00f3n Nacional de Elecciones, que preside <strong>Felipe Rodr\u00edguez<\/strong> y de la Comisi\u00f3n Coadyuvante Electoral, intentaron hablar con ella previamente.<\/p>\n<p>Ante la evidente fractura partidaria provocada por el agandalle y tozudez de la biliosa <strong>Polevnsky<\/strong>, el presidente de la Comisi\u00f3n Nacional de Honestidad y Justicia de Morena, <strong>H\u00e9ctor D\u00edaz Polanco<\/strong>, convoc\u00f3 a un nuevo encuentro de conciliaci\u00f3n para ma\u00f1ana martes.<\/p>\n<p><strong>D\u00edaz Polanco<\/strong> pretende que en esta reuni\u00f3n se escuchen todas las propuestas para sacar finalmente una convocatoria de unidad. Sin embargo, <strong>Yeidckol<\/strong> no quiere saber nada de sus opositores y disidentes internos y advirti\u00f3 que ya no hay nada qu\u00e9 discutir ni cambiar, que convocatoria ya hay, y esa es la suya.<\/p>\n<p>Pese a todo, los cuadros de Morena ya acordaron verse ma\u00f1ana martes a partir de las 5 de la tarde a puerta cerrada en lo que se espera sea una batalla cuerpo a cuerpo, sin reglas ni concesiones.<\/p>\n<p>Todo esto ocurre a s\u00f3lo 2 d\u00edas de que concluya el plazo para la emisi\u00f3n de esa convocatoria.<\/p>\n<p style=\"text-align: center;\"><strong><em>\u00a0<\/em><\/strong><strong>Yo ganar\u00e9: Yeidckol<\/strong><\/p>\n<p>En este contexto es en el que <strong>Polevnski,<\/strong> y al menos otros 3 aspirantes &#8211;<strong>Alejandro Rojas D\u00edaz Dur\u00e1n, Mario Delgado y Bertha Luj\u00e1n<\/strong>-, van por el liderazgo nacional de Morena.<\/p>\n<p>La pelea va con dados cargados en todos y cada uno de los aspirantes.<\/p>\n<p><strong>Polevnsky<\/strong> aprovecha su posici\u00f3n de dirigente nacional para recorrer constantemente todo el pa\u00eds con los recursos multimillonarios de Morena y con la posici\u00f3n predominante que detenta, para hacer una campa\u00f1a ostentosa y evidentemente abusiva.<\/p>\n<p>Pese a que lo hace sin pudor, sin esconder ni intentar siquiera justificar sus visitas estatales, su jefe pol\u00edtico <strong>Andr\u00e9s Manuel L\u00f3pez Obrador<\/strong> no dice nada ni hace nada.<\/p>\n<p style=\"text-align: center;\"><strong>AMLO, \u00bfOmiso?<\/strong><\/p>\n<p>Simplemente deja pasar y hacer a <strong>Yeidckol<\/strong>.<\/p>\n<p>Hay quienes afirman dentro de Morena y fuera de este partido, pero que conocen las entra\u00f1as del movimiento de <strong>AMLO<\/strong>, que en realidad al tabasque\u00f1o no le interesa gran cosa meter orden dentro de este instituto.<\/p>\n<p>Que al contrario, ve con agrado que no exista dentro de Morena grupos o personajes que le pudieran hacer sombra, o llamarlo a una verdadera preocupaci\u00f3n de competencia.<\/p>\n<p>Afirman que mientras su coordinaci\u00f3n de delegaciones, el senador con licencia <strong>Gabriel Garc\u00eda<\/strong>, quien es su verdadero operador financiero-electoral desde hace 18 a\u00f1os, le sea leal y que mantenga el control territorial de liderazgos y estructura nacional de Morena, lo dem\u00e1s le vale poco.<\/p>\n<p style=\"text-align: center;\"><strong>La influencia de \u201clos otros\u201d<\/strong><\/p>\n<p>Sabiendo todo esto, los otros tres aspirantes a la dirigencia nacional hacen su juego.<\/p>\n<p><strong>Mario Delgado<\/strong> corre por la dirigencia de Morena con el apoyo de su gran aliado de siempre, el hoy poderoso secretario de Relaciones Exteriores <strong>Marcelo Ebrard<\/strong> y con un grupo pol\u00edtico formado esencialmente con diputados federales de Morena, se supone para operar desde el liderazgo de Morena la candidatura sucesoria de <strong>L\u00f3pez Obrador<\/strong> a favor, obviamente, de <strong>Ebrard<\/strong>.<\/p>\n<p>Por el lado de <strong>Alejandro Rojas D\u00edaz Dur\u00e1n<\/strong>, pesa esencialmente el que es el senador suplente de <strong>Ricardo Monreal<\/strong>, obvio contrincante dentro de la 4ta. Transformaci\u00f3n de <strong>Ebrard<\/strong>.<\/p>\n<p><strong>Bertha Luj\u00e1n<\/strong>, ex tesorera de <strong>AMLO<\/strong> en el DF, carga con toda una cadena de conflictos de inter\u00e9s que anular\u00edan su gesti\u00f3n como presidenta de Morena: tiene l\u00ednea directa con <strong>AMLO<\/strong>, es madre de la titular del Trabajo y esposa del abogado laboral en este momento m\u00e1s influyente dentro del r\u00e9gimen en el poder. Pero sobre todo, como la biliosa y atrabiliaria de <strong>Polevnsky<\/strong>, no tiene estructura para ser dirigente pol\u00edtica.<\/p>\n<p>Total que el caos dentro de Morena corre al filo de su rompimiento.<\/p>\n<p>Esta semana se perfila como de mucha conflictividad, ya que las posiciones de unos y otra advierten choques insospechados. Nom\u00e1s hay que recordar que en marzo pasado <strong>Polevnsky<\/strong> advirti\u00f3 que su partido ha sido infiltrado por \u201cmuchas sabandijas que le est\u00e1n echando el ojo al presupuesto\u201d.<\/p>\n<p>Y concluy\u00f3, con <em>la sensibilidad<\/em> que la caracteriza, al indicar:<\/p>\n<p>\u201cEst\u00e1n desatados porque ven el poder, y muchos se dedican a vender candidaturas, por eso est\u00e1n desatados\u201d.<\/p>\n<p>\u00bfC\u00f3mo la ve?<\/p>\n<p><strong>E<\/strong>n el Senado y diputados, igual<\/p>\n<p>Se supone que hoy se define que senador de Morena es el que va a dirigir <strong>\u00a0el Senado y diputados, igual<\/strong><\/p>\n<p>Se supone que hoy se define que senador de Morena es el que va a dirigir el Senado durante el siguiente a\u00f1o legislativo.<\/p>\n<p>En la contienda est\u00e1n el obstinado socio de <strong>Yeidkcol<\/strong>, el senador <strong>Mart\u00ed Batres<\/strong> y la senadora por Tabasco, <strong>M\u00f3nica Fern\u00e1ndez Balboa<\/strong>. Hoy la bancada de Morena en el Senado votar\u00e1 en urna transparente si se ratifica a Batres o si gira hacia la presidencia de una mujer.<\/p>\n<p>En el mes y medio previos, <strong>Batres <\/strong>ha intentado por todos los medios convertir su ambici\u00f3n por repetir, en una confrontaci\u00f3n con <strong>Ricardo Monreal<\/strong>, coordinador del grupo -y a su vez evidente aspirante a la siguiente contienda presidencial-, para as\u00ed victimizarse y conseguir el voto de la \u201cl\u00e1stima\u201d.<\/p>\n<p>En este intento, Batres ha logrado el apoyo de <strong>Olga S\u00e1nchez Cordero<\/strong>, <strong>Tatiana Clouthier<\/strong>, <strong>Roc\u00edo Nahle<\/strong>, <strong>Jenaro Villamil<\/strong>, el <strong>padre Solalinde<\/strong>, <strong>John Ackerman<\/strong> y quien dirige su orquesta, la gandalla mayor <strong>Yeidckol Polevnsky<\/strong>.\u00a0 Pero <strong>Monreal <\/strong>no ha ca\u00eddo en ese enga\u00f1o.<\/p>\n<p>Y, frente al escenario de la confrontaci\u00f3n, <strong>Monreal<\/strong> llam\u00f3 ayer domingo a su grupo senatorial a mantener la unidad y la cohesi\u00f3n entorno al proyecto de gobierno del presidente <strong>Andr\u00e9s Manuel L\u00f3pez Obrador<\/strong>. Las ambiciones de <strong>Batres<\/strong> y su tribu se miden por los ataques vertidos durante la reciente semana contra <strong>Monreal<\/strong>.<\/p>\n<p>Pero como en la votaci\u00f3n final para elegir nuevo presidente participan tambi\u00e9n las otras fracciones, va a ser dif\u00edcil que gane <strong>Batres<\/strong>, m\u00e1s si existe una tendencia hacia la paridad de g\u00e9nero.<\/p>\n<p>Y en San L\u00e1zaro la contienda tambi\u00e9n tiene lo suyo, pues ah\u00ed <strong>Dolores Padierna<\/strong> -ya sabe usted, la <em>t\u00eda preferida<\/em> del juez que lleva el caso de <strong>Rosario Robles<\/strong>-, est\u00e1 al frente de la campa\u00f1a de reelecci\u00f3n de <strong>Porfirio Mu\u00f1oz Ledo<\/strong>\u2026 y la suya propia.<\/p>\n<p>Todo un hervidero de pasiones y ambiciones, de codicias y vilezas.<\/p>\n<p><em><a href=\"mailto:rvizcainoa@gmail.com\" target=\"_blank\" rel=\"noopener noreferrer\">rvizcainoa@gmail.com<\/a><br \/>\n<u><a href=\"http:\/\/endirecto.mx\" target=\"_blank\" rel=\"noopener noreferrer\">www.endirecto.mx<\/a><br \/>\n<a href=\"https:\/\/twitter.com\/_rvizcaino\" target=\"_blank\" rel=\"noopener noreferrer\">@_RVizcaino<\/a><br \/>\n<a href=\"https:\/\/www.facebook.com\/rvizcainoa\" target=\"_blank\" rel=\"noopener noreferrer\">facebook.com\/rvizcainoa<\/a><\/u><\/em><\/p>\n","protected":false},"excerpt":{"rendered":"<p><span style=\"color: #005497;\"><strong>Roberto Vizca\u00edno<\/strong><\/span><br \/>\n<br \/>\nSin un liderazgo claro que conduzca a Morena en el tr\u00e1nsito del movimiento que llev\u00f3 a Andr\u00e9s <strong>Manuel L\u00f3pez Obrador<\/strong> a la Presidencia de la Rep\u00fablica, a convertirse en partido pol\u00edtico, este instituto, el de mayor penetraci\u00f3n y fuerza del momento, vive el caos y una contienda entre egos y ambiciones en cada sector.<\/p>\n","protected":false},"author":3,"featured_media":439448,"comment_status":"open","ping_status":"open","sticky":false,"template":"","format":"standard","meta":{"_monsterinsights_skip_tracking":false,"_monsterinsights_sitenote_active":false,"_monsterinsights_sitenote_note":"","_monsterinsights_sitenote_category":0,"footnotes":""},"categories":[136],"tags":[43674,93,94],"class_list":["post-439376","post","type-post","status-publish","format-standard","has-post-thumbnail","hentry","category-roberto-vizcaino-opinion","tag-opinion","tag-roberto-vizcaino","tag-tras-la-puerta-del-poder"],"_links":{"self":[{"href":"https:\/\/www.diarioimagen.net\/index.php?rest_route=\/wp\/v2\/posts\/439376","targetHints":{"allow":["GET"]}}],"collection":[{"href":"https:\/\/www.diarioimagen.net\/index.php?rest_route=\/wp\/v2\/posts"}],"about":[{"href":"https:\/\/www.diarioimagen.net\/index.php?rest_route=\/wp\/v2\/types\/post"}],"author":[{"embeddable":true,"href":"https:\/\/www.diarioimagen.net\/index.php?rest_route=\/wp\/v2\/users\/3"}],"replies":[{"embeddable":true,"href":"https:\/\/www.diarioimagen.net\/index.php?rest_route=%2Fwp%2Fv2%2Fcomments&post=439376"}],"version-history":[{"count":0,"href":"https:\/\/www.diarioimagen.net\/index.php?rest_route=\/wp\/v2\/posts\/439376\/revisions"}],"wp:featuredmedia":[{"embeddable":true,"href":"https:\/\/www.diarioimagen.net\/index.php?rest_route=\/wp\/v2\/media\/439448"}],"wp:attachment":[{"href":"https:\/\/www.diarioimagen.net\/index.php?rest_route=%2Fwp%2Fv2%2Fmedia&parent=439376"}],"wp:term":[{"taxonomy":"category","embeddable":true,"href":"https:\/\/www.diarioimagen.net\/index.php?rest_route=%2Fwp%2Fv2%2Fcategories&post=439376"},{"taxonomy":"post_tag","embeddable":true,"href":"https:\/\/www.diarioimagen.net\/index.php?rest_route=%2Fwp%2Fv2%2Ftags&post=439376"}],"curies":[{"name":"wp","href":"https:\/\/api.w.org\/{rel}","templated":true}]}}