{"id":439505,"date":"2019-08-20T00:09:55","date_gmt":"2019-08-20T05:09:55","guid":{"rendered":"https:\/\/www.diarioimagen.net\/?p=439505"},"modified":"2019-08-20T04:33:48","modified_gmt":"2019-08-20T09:33:48","slug":"alfredo-barrera-baca-reconoce-la-labor-de-estudiantes-universitarios","status":"publish","type":"post","link":"https:\/\/www.diarioimagen.net\/?p=439505","title":{"rendered":"Alfredo Barrera Baca reconoce la labor de estudiantes universitarios"},"content":{"rendered":"<ul>\n<li><strong><em>Otorgan Premio CENEVAL al Desempe\u00f1o de Excelencia EGEL<\/em><\/strong><\/li>\n<\/ul>\n<p>&nbsp;<\/p>\n<div id=\"attachment_439562\" style=\"width: 470px\" class=\"wp-caption aligncenter\"><a href=\"https:\/\/www.diarioimagen.net\/?attachment_id=439562\" rel=\"attachment wp-att-439562\"><img loading=\"lazy\" decoding=\"async\" aria-describedby=\"caption-attachment-439562\" class=\"size-large wp-image-439562\" src=\"https:\/\/www.diarioimagen.net\/wp-content\/uploads\/2019\/08\/UAEM20-460x307.jpg\" alt=\"\" width=\"460\" height=\"307\" srcset=\"https:\/\/www.diarioimagen.net\/wp-content\/uploads\/2019\/08\/UAEM20-460x307.jpg 460w, https:\/\/www.diarioimagen.net\/wp-content\/uploads\/2019\/08\/UAEM20-240x160.jpg 240w, https:\/\/www.diarioimagen.net\/wp-content\/uploads\/2019\/08\/UAEM20.jpg 700w\" sizes=\"auto, (max-width: 460px) 100vw, 460px\" \/><\/a><p id=\"caption-attachment-439562\" class=\"wp-caption-text\">El rector\u00a0 Alfredo Barrera Baca entreg\u00f3 el Premio CENEVAL al Desempe\u00f1o de Excelencia EGEL a tres egresados del Centro Universitario UAEM Valle de M\u00e9xico, as\u00ed como reconocimientos a 25 estudiantes de este campus que culminaron el Diplomado Superior en Econom\u00eda Financiera.<\/p><\/div>\n<p>&nbsp;<\/p>\n<p><strong>Atizap\u00e1n, Estado de M\u00e9xico<\/strong>.- El rector de la Universidad Aut\u00f3noma del Estado de M\u00e9xico, Alfredo Barrera Baca, entreg\u00f3 el Premio CENEVAL al Desempe\u00f1o de Excelencia EGEL a tres egresados del Centro Universitario UAEM Valle de M\u00e9xico, as\u00ed como reconocimientos a 25 estudiantes de este campus que culminaron el Diplomado Superior en Econom\u00eda Financiera.<\/p>\n<p>Durante este evento, el rector asever\u00f3 que es imprescindible que los universitarios cuenten con una mayor cantidad de elementos acad\u00e9micos que les permitan acceder al campo laboral y evolucionar en esta \u00e1rea.<\/p>\n<p>Asimismo, el Barrera Baca indic\u00f3 que la Aut\u00f3noma mexiquense realiza un esfuerzo para que el Centro Nacional de Evaluaci\u00f3n para la Educaci\u00f3n Superior otorgue a los egresados de la UAEM un descuento en el importe del Examen General de Egreso de Licenciatura (EGEL).<\/p>\n<p>Acompa\u00f1ado del secretario de Investigaci\u00f3n y Estudios Avanzados de esta casa de estudios, Carlos Eduardo Barrera D\u00edaz, expres\u00f3 que el Diplomado Superior en Econom\u00eda Financiera es \u00fanico en la instituci\u00f3n, por las \u00e1reas de estudios que abarca y los temas que toca.<\/p>\n<p>Los estudiantes, asever\u00f3 Alfredo Barrera Baca, \u201cdeben sentirse satisfechos y felices por este logro, que nadie les regal\u00f3; asimismo deben estar motivados e inspirados para salir al mundo laboral y conquistarlo con un sentido \u00e9tico y profesional\u201d.<\/p>\n<p>En su oportunidad, el director de este espacio acad\u00e9mico, V\u00edctor Manuel Landassuri Moreno, manifest\u00f3 que estos reconocimientos son reflejo del entusiasmo y empe\u00f1o por salir adelante, con los cuales los j\u00f3venes podr\u00e1n continuar con el tr\u00e1mite de evaluaci\u00f3n profesional y obtener su t\u00edtulo de licenciatura.<\/p>\n<p>Detall\u00f3 que los egresados del diplomado estudian las licenciaturas en Actuar\u00eda, Relaciones Econ\u00f3micas internacionales y Econom\u00eda; en tanto, los egresados de la Licenciatura en Derecho, que ganaron el Premio CENEVAL, tuvieron un desempe\u00f1o sobresaliente en todas las \u00e1reas que eval\u00faa el EGEL, lo cual \u201crefleja su preparaci\u00f3n acad\u00e9mica durante su estancia en este espacio acad\u00e9mico universitario\u201d.<\/p>\n","protected":false},"excerpt":{"rendered":"<p>El rector de la Universidad Aut\u00f3noma del Estado de M\u00e9xico, Alfredo Barrera Baca, entreg\u00f3 el Premio CENEVAL al Desempe\u00f1o de Excelencia EGEL a tres egresados del Centro Universitario UAEM Valle de M\u00e9xico, as\u00ed como reconocimientos a 25 estudiantes de este campus que culminaron el Diplomado Superior en Econom\u00eda Financiera.<\/p>\n","protected":false},"author":3,"featured_media":439562,"comment_status":"open","ping_status":"open","sticky":false,"template":"","format":"standard","meta":{"_monsterinsights_skip_tracking":false,"_monsterinsights_sitenote_active":false,"_monsterinsights_sitenote_note":"","_monsterinsights_sitenote_category":0,"footnotes":""},"categories":[5],"tags":[58572,969,87381,43675,66631],"class_list":["post-439505","post","type-post","status-publish","format-standard","has-post-thumbnail","hentry","category-estado-de-mexico","tag-alfredo-barrera-baca","tag-atizapan","tag-egel","tag-estado-de-mexico","tag-estudiante"],"_links":{"self":[{"href":"https:\/\/www.diarioimagen.net\/index.php?rest_route=\/wp\/v2\/posts\/439505","targetHints":{"allow":["GET"]}}],"collection":[{"href":"https:\/\/www.diarioimagen.net\/index.php?rest_route=\/wp\/v2\/posts"}],"about":[{"href":"https:\/\/www.diarioimagen.net\/index.php?rest_route=\/wp\/v2\/types\/post"}],"author":[{"embeddable":true,"href":"https:\/\/www.diarioimagen.net\/index.php?rest_route=\/wp\/v2\/users\/3"}],"replies":[{"embeddable":true,"href":"https:\/\/www.diarioimagen.net\/index.php?rest_route=%2Fwp%2Fv2%2Fcomments&post=439505"}],"version-history":[{"count":0,"href":"https:\/\/www.diarioimagen.net\/index.php?rest_route=\/wp\/v2\/posts\/439505\/revisions"}],"wp:featuredmedia":[{"embeddable":true,"href":"https:\/\/www.diarioimagen.net\/index.php?rest_route=\/wp\/v2\/media\/439562"}],"wp:attachment":[{"href":"https:\/\/www.diarioimagen.net\/index.php?rest_route=%2Fwp%2Fv2%2Fmedia&parent=439505"}],"wp:term":[{"taxonomy":"category","embeddable":true,"href":"https:\/\/www.diarioimagen.net\/index.php?rest_route=%2Fwp%2Fv2%2Fcategories&post=439505"},{"taxonomy":"post_tag","embeddable":true,"href":"https:\/\/www.diarioimagen.net\/index.php?rest_route=%2Fwp%2Fv2%2Ftags&post=439505"}],"curies":[{"name":"wp","href":"https:\/\/api.w.org\/{rel}","templated":true}]}}