{"id":439577,"date":"2019-08-20T00:03:55","date_gmt":"2019-08-20T05:03:55","guid":{"rendered":"https:\/\/www.diarioimagen.net\/?p=439577"},"modified":"2019-08-20T04:46:04","modified_gmt":"2019-08-20T09:46:04","slug":"etapa-vergonzosa","status":"publish","type":"post","link":"https:\/\/www.diarioimagen.net\/?p=439577","title":{"rendered":"Etapa vergonzosa"},"content":{"rendered":"<h2>Folclor urbano<\/h2>\n<h5>Salvador Estrada<\/h5>\n<p>&nbsp;<\/p>\n<p>El Partido Revolucionario Institucional entra en una etapa decisiva en su vida o se renueva o\u2026queda lisiado, por su edad, y tendr\u00e1 que sufrir \u00a0y hacer muchos esfuerzos para caminar, para moverse en el mundo pol\u00edtico electoral y convertirse en un partido de oposici\u00f3n y lograr la unidad de sus agremiados.<\/p>\n<p>En el siglo pasado el PRI ten\u00eda seguidores, simpatizantes y afiliados en todo el pa\u00eds, pero desde que perdi\u00f3 la presidencia con el panista Vicente Fox, empez\u00f3 su deterioro y se agrav\u00f3 cuando el Partido Acci\u00f3n Nacional volvi\u00f3 a ganar las elecciones y Felipe Calder\u00f3n sube al poder presidencial.<\/p>\n<p>Sus afiliados y seguidores no eran \u201crevolucionarios ni institucionales, sino oportunistas, con el af\u00e1n de lograr colocarse en alguna secretar\u00eda de Estado, en un puesto bien remunerado y empezar a ser carrera pol\u00edtica o iniciarse en negocios muy lucrativos.<\/p>\n<p>El PRI no era un partido pol\u00edtico, que como tal tendr\u00eda que exigir a sus candidatos triunfadores, la aplicaci\u00f3n de sus programas sociales para beneficio del pa\u00eds. Pero no era as\u00ed. El partido era \u201cbolsa de trabajo\u201d a la cual acud\u00edan\u201d los cuates, los amigos de los amigos, los recomendados y los familiares en busca del \u201chueso\u201d, puesto de trabajo que les permitir\u00eda \u201cenriquecerse en seis a\u00f1os\u201d.<\/p>\n<p>Era la \u201cdictablanda\u201d, como lo calific\u00f3 el escritor Mario Vargas Llosa, en donde el Presidente de la Rep\u00fablica, era el \u201cgran Tlatoani\u201d, el que hac\u00eda y deshac\u00eda a su voluntad \u00a0y a la que se somet\u00edan los miembros de su gabinete y quien \u201cse brincara las trancas\u201d \u00a0entregaba su renuncia \u201cpor motivos de salud\u201d.<\/p>\n<p>La clase pol\u00edtica estaba enfadada porque el PRI hab\u00eda perdido por segunda ocasi\u00f3n las elecciones presidenciales y no se pod\u00edan entender con el PAN porque eran \u201cmochos y \u201cno soltaban prenda\u201d. Y presum\u00edan: \u201cel PRI no daba, pero te pon\u00eda \u201cdonde hay\u201d.<\/p>\n<p>Gracias a una campa\u00f1a econ\u00f3mica-pol\u00edtica\u201d el PRI volvi\u00f3 al poder y con Enrique Pe\u00f1a Nieto \u201csus amigos\u201d recuperaron sus prebendas, pero esa administraci\u00f3n \u201csali\u00f3 muy mal librada\u201d y lo que se pensaba que en ese gobierno ser\u00eda el regreso a la \u201cdictablanda\u201d se volvi\u00f3 \u201cel principio del fin\u201d.<\/p>\n<p>Alejandro Moreno, gobernador de Campeche con licencia, gan\u00f3 las elecciones para la presidencia del PRI, y como los pri\u00edstas, entre ellos mismos \u201chicieron trampa\u201d la candidata perdedora, Ivonne Ortega, renunci\u00f3 a su militancia de 29 a\u00f1os, tras se\u00f1alar que \u201cel proceso interno en el partido fue uno de los m\u00e1s vergonzosos\u201d.<\/p>\n<p>La ex gobernadora de Yucat\u00e1n en su carta renuncia, \u201c\u00e9chele ojo\u201d expresa:\u2026\u201dDurante la jornada electiva, vivimos uno de los episodios m\u00e1s vergonzosos del PRI y de los que se puedan recordar en el pa\u00eds, no queda duda de que se utilizaron las m\u00e1s viejas y perniciosas pr\u00e1cticas que han marcado negativamente al partido las que le han ameritado humillantes calificativos y el rechazo de los ciudadanos que, es bien sabido, le dieron la espalda en las recientes elecciones\u201d.<\/p>\n<p>Entre los que renunciaron a tiempo de vivir esa etapa \u201cvergonzosa\u201d est\u00e1n el ex rector de la UNAM, Jos\u00e9 Narro, y la periodista Beatriz Pag\u00e9s y se esperan m\u00e1s renuncias.<\/p>\n<p><em><a href=\"mailto:chavasec@yahoo.com.mx\" target=\"_blank\" rel=\"noopener noreferrer\">chavasec@yahoo.com.mx<\/a><\/em><\/p>\n","protected":false},"excerpt":{"rendered":"<p><span style=\"color: #005497;\"><strong>Salvador Estrada<\/strong><\/span><\/p>\n","protected":false},"author":3,"featured_media":0,"comment_status":"open","ping_status":"open","sticky":false,"template":"","format":"standard","meta":{"_monsterinsights_skip_tracking":false,"_monsterinsights_sitenote_active":false,"_monsterinsights_sitenote_note":"","_monsterinsights_sitenote_category":0,"footnotes":""},"categories":[41601],"tags":[41599,43674,41600],"class_list":["post-439577","post","type-post","status-publish","format-standard","hentry","category-salvador-estrada-opinion","tag-folclor-urbano","tag-opinion","tag-salvador-estrada"],"_links":{"self":[{"href":"https:\/\/www.diarioimagen.net\/index.php?rest_route=\/wp\/v2\/posts\/439577","targetHints":{"allow":["GET"]}}],"collection":[{"href":"https:\/\/www.diarioimagen.net\/index.php?rest_route=\/wp\/v2\/posts"}],"about":[{"href":"https:\/\/www.diarioimagen.net\/index.php?rest_route=\/wp\/v2\/types\/post"}],"author":[{"embeddable":true,"href":"https:\/\/www.diarioimagen.net\/index.php?rest_route=\/wp\/v2\/users\/3"}],"replies":[{"embeddable":true,"href":"https:\/\/www.diarioimagen.net\/index.php?rest_route=%2Fwp%2Fv2%2Fcomments&post=439577"}],"version-history":[{"count":0,"href":"https:\/\/www.diarioimagen.net\/index.php?rest_route=\/wp\/v2\/posts\/439577\/revisions"}],"wp:attachment":[{"href":"https:\/\/www.diarioimagen.net\/index.php?rest_route=%2Fwp%2Fv2%2Fmedia&parent=439577"}],"wp:term":[{"taxonomy":"category","embeddable":true,"href":"https:\/\/www.diarioimagen.net\/index.php?rest_route=%2Fwp%2Fv2%2Fcategories&post=439577"},{"taxonomy":"post_tag","embeddable":true,"href":"https:\/\/www.diarioimagen.net\/index.php?rest_route=%2Fwp%2Fv2%2Ftags&post=439577"}],"curies":[{"name":"wp","href":"https:\/\/api.w.org\/{rel}","templated":true}]}}