{"id":439583,"date":"2019-08-20T00:04:19","date_gmt":"2019-08-20T05:04:19","guid":{"rendered":"https:\/\/www.diarioimagen.net\/?p=439583"},"modified":"2019-08-20T04:47:32","modified_gmt":"2019-08-20T09:47:32","slug":"la-ley-bonilla-y-los-corruptos","status":"publish","type":"post","link":"https:\/\/www.diarioimagen.net\/?p=439583","title":{"rendered":"La \u201cLey Bonilla\u201d y los corruptos"},"content":{"rendered":"<h2>Punto por punto<\/h2>\n<h5>Augusto Corro<\/h5>\n<p>&nbsp;<\/p>\n<p>La c\u00fapula del Partido de la Revoluci\u00f3n Democr\u00e1tica (PRD) present\u00f3 pruebas de corrupci\u00f3n contra diputados que aprobaron la \u201cLey Bonilla\u201d. Como se inform\u00f3, a principios de junio se efectuaron las elecciones estatales\u00a0 en Baja California y gan\u00f3 la gubernatura el candidato morenista, Jaime Bonilla Valdez.<\/p>\n<p>Los bajacalifornianos votaron por una administraci\u00f3n de dos a\u00f1os. \u00bfQu\u00e9 ocurri\u00f3? De entrada, se burl\u00f3 la voluntad de los electores. Todo mundo sab\u00eda que se trataba de un encargo para gobernar dos a\u00f1os. Sin embargo, una vez confirmado el triunfo del millonario Bonilla Valdez, morenista, los diputados locales ampliaron el periodo de gobierno a cinco a\u00f1os.<\/p>\n<p>La \u201cLey Bonilla\u201d, as\u00ed conocido el caso de la reforma a ley local para beneficiar a Bonilla Valdez, fue alcanzada por la corrupci\u00f3n, seg\u00fan testimonios de los perredistas. El fin de semana, dirigentes del Partido de la Revoluci\u00f3n Democr\u00e1tica (PRD) entregaron a la Fiscal\u00eda General de la Rep\u00fablica (FGR) \u201cpruebas\u201d de la corrupci\u00f3n de los diputados que aprobaron la citada \u201cley\u201d, como explicamos.<\/p>\n<p>Dijeron los del sol azteca que ser\u00eda pernicioso para la vida democr\u00e1tica de este pa\u00eds, que los congresos comprados puedan alargar o acortar los periodos constitucionales, pues eso generar\u00eda un precedente a nivel nacional muy riesgoso para la estabilidad de M\u00e9xico.<\/p>\n<p>La denuncia fue apoyada con videos y pruebas recolectadas por los perredistas, en las que se habla de entregas de miles de d\u00f3lares a los diputados panistas para que votaran a favor de la reforma, cuyo beneficiario absoluto es el millonario Bonilla Valdez.<\/p>\n<p>Por cierto, los legisladores blanquiazules acusados de corrupci\u00f3n fueron expulsados de Acci\u00f3n Nacional. Ellos son: Jos\u00e9 F\u00e9lix Arango P\u00e9rez, Irais Mar\u00eda V\u00e1zquez Aguiar, Ra\u00fal Casta\u00f1eda Pomposo, Ignacio Garc\u00eda Dworak, Sergio Tolento Hern\u00e1ndez, Carlos Alberto Torres Torres y Alfa Pe\u00f1aloza Valdez, cuya legislatura concluy\u00f3 el 31 de julio pasado.<\/p>\n<p>Los dirigentes perredistas\u00a0 \u00c1ngel \u00c1vila, Nora Arias y Fernando Belauzar\u00e1n presentaron, ante la FGR los testimonios de la corrupci\u00f3n practicada por los diputados panistas. La reforma aprobada por los legisladores que vendieron sus votos es una verg\u00fcenza para la llamada vida democr\u00e1tica de M\u00e9xico, porque no respetaron la voluntad de los electores que votaron por un gobierno estatal de dos a\u00f1os.<\/p>\n<p><strong>Ivonne renunci\u00f3 al PRI<\/strong><\/p>\n<p>Ivonne Ortega renunci\u00f3 a Partido Revolucionario Institucional (PRI. Ella, pri\u00edsta de hueso colorado, particip\u00f3 como candidata a la presidencia nacional del tricolor. Perdi\u00f3. El ganador fue Alejandro Moreno\u00a0 \u201cAlito o Amlito\u201d. El domingo 11 de agosto se vot\u00f3 por el nuevo l\u00edder de ese organismo pol\u00edtico. Propios y extra\u00f1os se quejaron del sinn\u00famero de pr\u00e1cticas ilegales en el proceso electoral.<\/p>\n<p>M\u00e1s tard\u00f3 en saber de su derrota la aspirante Ivonne que en quejarse de las piller\u00edas de que fue v\u00edctima en el proceso electoral. Dijo que \u201cNadie tiene dudas que vivimos una de las jornadas m\u00e1s vergonzosas en la vida democr\u00e1tica del PRI y del pa\u00eds. Eso est\u00e1 claro. El resultado para el PRI es que lo refundieron. Si se insiste en las viejas ma\u00f1as, en las pr\u00e1cticas deshonestas durante la elecci\u00f3n, el PRI, de la mano de la c\u00fapula, s\u00f3lo tiene una ruta, a la extinci\u00f3n\u201d y \u201cnada va a cambiar en \u00e9l\u201d.<\/p>\n<p>En realidad, nada de lo ocurrido en el PRI en los \u00faltimos a\u00f1os es para llamar la atenci\u00f3n. Lo que ocurri\u00f3 en el interior del partido, relacionado con la elecci\u00f3n,\u00a0 estaba anunciado. Ante la falta de figuras del primer nivel de la pol\u00edtica, la lucha por el poder qued\u00f3 en manos de ambiciosos, con escasas posibilidades de sobresalir. Debido a su escaso peso pol\u00edtico.<\/p>\n<p>\u00bfEn que se apoy\u00f3 la ex gobernadora de Yucat\u00e1n, Ivonne Ortega, para lanzarse en pos de la dirigencia del Revolucionario Institucional? S\u00f3lo ella lo sabe. Su pasado en la pol\u00edtica estatal contiene cr\u00edticas graves a la administraci\u00f3n de su gobierno que nunca estuvo alejado de la corrupci\u00f3n.\u00a0 Y sobre las ma\u00f1as y trampas electoreras se dijo sorprendida. Una mujer pri\u00edsta que fue diputada, senadora y gobernadora, que no conoci\u00f3 los fraudes y piller\u00edas de su partido suena a tomadura de pelo. Tuvo que ser ella misma la v\u00edctima para reconocer los abusos de los tricolores en materia electoral.\u00a0 \u00bfAcaso nunca supo del \u201cmapache\u201d, del pol\u00edtico que por su apariencia de ratero con antifaz, hace referencia al \u201ccl\u00e1sico ladr\u00f3n de votos? \u00bfJam\u00e1s conoci\u00f3 de la compra de credenciales? \u00bfDe las ca\u00eddas de los sistemas computacionales? \u00bfY las urnas que se llenaban ilegalmente?, etc.<\/p>\n<p>Ivonne se va del Revolucionario Institucional con una experiencia envidiable en trampas electorales. Por ah\u00ed, andan algunos \u201cgrillos\u201d que tratan de formar un partido pol\u00edtico. No dude en que podr\u00edan recibir a la ex pri\u00edsta con los brazos abiertos.<\/p>\n<p><em><u><a href=\"mailto:aco2742@hotmail.com\" target=\"_blank\" rel=\"noopener noreferrer\">aco2742@hotmail.com<\/a><\/u><\/em><\/p>\n","protected":false},"excerpt":{"rendered":"<p><span style=\"color: #005497;\"><strong>Augusto Corro<\/strong><\/span><\/p>\n","protected":false},"author":3,"featured_media":0,"comment_status":"open","ping_status":"open","sticky":false,"template":"","format":"standard","meta":{"_monsterinsights_skip_tracking":false,"_monsterinsights_sitenote_active":false,"_monsterinsights_sitenote_note":"","_monsterinsights_sitenote_category":0,"footnotes":""},"categories":[157],"tags":[43686,43674,11515],"class_list":["post-439583","post","type-post","status-publish","format-standard","hentry","category-augusto-corro","tag-augusto-corro","tag-opinion","tag-punto-por-punto"],"_links":{"self":[{"href":"https:\/\/www.diarioimagen.net\/index.php?rest_route=\/wp\/v2\/posts\/439583","targetHints":{"allow":["GET"]}}],"collection":[{"href":"https:\/\/www.diarioimagen.net\/index.php?rest_route=\/wp\/v2\/posts"}],"about":[{"href":"https:\/\/www.diarioimagen.net\/index.php?rest_route=\/wp\/v2\/types\/post"}],"author":[{"embeddable":true,"href":"https:\/\/www.diarioimagen.net\/index.php?rest_route=\/wp\/v2\/users\/3"}],"replies":[{"embeddable":true,"href":"https:\/\/www.diarioimagen.net\/index.php?rest_route=%2Fwp%2Fv2%2Fcomments&post=439583"}],"version-history":[{"count":0,"href":"https:\/\/www.diarioimagen.net\/index.php?rest_route=\/wp\/v2\/posts\/439583\/revisions"}],"wp:attachment":[{"href":"https:\/\/www.diarioimagen.net\/index.php?rest_route=%2Fwp%2Fv2%2Fmedia&parent=439583"}],"wp:term":[{"taxonomy":"category","embeddable":true,"href":"https:\/\/www.diarioimagen.net\/index.php?rest_route=%2Fwp%2Fv2%2Fcategories&post=439583"},{"taxonomy":"post_tag","embeddable":true,"href":"https:\/\/www.diarioimagen.net\/index.php?rest_route=%2Fwp%2Fv2%2Ftags&post=439583"}],"curies":[{"name":"wp","href":"https:\/\/api.w.org\/{rel}","templated":true}]}}