{"id":439622,"date":"2019-08-21T00:09:17","date_gmt":"2019-08-21T05:09:17","guid":{"rendered":"https:\/\/www.diarioimagen.net\/?p=439622"},"modified":"2019-08-20T23:47:44","modified_gmt":"2019-08-21T04:47:44","slug":"los-cargos-no-importan-amlo-a-batres-y-a-monreal","status":"publish","type":"post","link":"https:\/\/www.diarioimagen.net\/?p=439622","title":{"rendered":"L\u00f3pez Obrador a Mart\u00ed Batres y a Monreal: \u201clos cargos no importan\u201d"},"content":{"rendered":"<ul>\n<li><em><strong>Demanda a pol\u00edticos \u201centrega total\u201d a la causa p\u00fablica<\/strong><\/em><\/li>\n<li><em><strong>Los ciudadanos saben qui\u00e9n es trepador, oportunista y politiquero, afirma<\/strong><\/em><\/li>\n<\/ul>\n<p>&nbsp;<\/p>\n<div id=\"attachment_439624\" style=\"width: 470px\" class=\"wp-caption aligncenter\"><img loading=\"lazy\" decoding=\"async\" aria-describedby=\"caption-attachment-439624\" class=\"size-large wp-image-439624\" src=\"https:\/\/www.diarioimagen.net\/wp-content\/uploads\/2019\/08\/CARGOS21-PORTAL-460x268.jpg\" alt=\"\" width=\"460\" height=\"268\" srcset=\"https:\/\/www.diarioimagen.net\/wp-content\/uploads\/2019\/08\/CARGOS21-PORTAL-460x268.jpg 460w, https:\/\/www.diarioimagen.net\/wp-content\/uploads\/2019\/08\/CARGOS21-PORTAL-240x140.jpg 240w, https:\/\/www.diarioimagen.net\/wp-content\/uploads\/2019\/08\/CARGOS21-PORTAL.jpg 480w\" sizes=\"auto, (max-width: 460px) 100vw, 460px\" \/><p id=\"caption-attachment-439624\" class=\"wp-caption-text\">Andr\u00e9s Manuel L\u00f3pez Obrador afirm\u00f3 que quienes se dedican a la pol\u00edtica tienen que actuar poniendo por delante los ideales y principios.<\/p><\/div>\n<p>&nbsp;<\/p>\n<p>Ante las discrepancias entre los senadores de Morena, Mart\u00ed Batres y Ricardo Monreal, el presidente Andr\u00e9s Manuel L\u00f3pez Obrador afirm\u00f3 que quienes se dedican a la pol\u00edtica tienen que actuar poniendo por delante los ideales y principios, y no buscar el poder por el poder.<\/p>\n<p>En conferencia de prensa, L\u00f3pez Obrador anunci\u00f3 que tal vez a finales de a\u00f1o enviar\u00e1 una carta al Congreso para expresar su punto de vista y pedirles a los legisladores de Morena, incluidos Batres y Monreal, que no abandonen el movimiento ni al pueblo.<\/p>\n<p>\u201cYa no ayudan quienes s\u00f3lo piensan en sus intereses personales, tiene que haber m\u00edstica, convicciones, entrega total a la causa p\u00fablica, no son los cargos lo que debe de importar, sino la contribuci\u00f3n a los cambios, en este caso a la trasformaci\u00f3n del pa\u00eds\u201d, dijo el mandatario quien afirm\u00f3 que tambi\u00e9n en pol\u00edtica tiene que haber discrepancias, pol\u00e9mica y libertad.<\/p>\n<p>Descart\u00f3 que la ruptura entre los legisladores morenistas afecte las reformas que plantea su gobierno, toda vez que las propuestas que se hacen al Congreso son para beneficio del pueblo, \u201centonces no solo los legisladores de Morena sino de otros partidos nos est\u00e1n apoyando y aprueban nuestras iniciativas de ley\u201d.<\/p>\n<p>En este contexto, dijo que en los \u00faltimos tiempos se dedicaron a hacer propaganda y vender a los pol\u00edticos como productos \u201cchatarra\u201d; bien arregladitos, peinados con \u201cmoco de gorila\u201d para los medios.<\/p>\n<p>Cuestionado respecto a si contempla reunirse con liderazgos de Morena, el presidente aclar\u00f3 que no y remarc\u00f3 que enviar\u00e1 una misiva al Congreso para desear que le vaya bien al partido y que mantengan principios e ideales, que no se busque el poder por el poder.<\/p>\n<p>\u201cNo, a lo mejor env\u00edo una carta cuando sea el Congreso para expresar mi punto de vista, mis sentimientos y desear que le vaya muy bien a Morena, tratar algunos asuntos que desde luego tienen que ver con mantener principios e ideales, no buscar el poder por el poder, no abandonar al pueblo de M\u00e9xico y la lucha, no abandonar la lucha por la justicia, por la democracia, por la soberan\u00eda, por los valores\u201d.<\/p>\n<p>Agreg\u00f3 que en pol\u00edtica se debe trabajar en beneficio del pueblo y al mismo tiempo, formar j\u00f3venes para que haya relevo generacional, \u201csiempre le digo a los j\u00f3venes que van conmigo que, aunque es pesado recorrer los pueblos, son jornadas intensas, eso es lo m\u00e1s importante, no desprenderse de la gente, estar en comunicaci\u00f3n con la gente, recoger los sentimientos de la gente\u201d.<\/p>\n<p>Refiri\u00f3 que el pol\u00edtico tradicional, \u201caquel que est\u00e1 pensando en c\u00f3mo colarse no ayuda en nada y no tiene futuro, porque el pueblo de M\u00e9xico ya es otro, hubo un cambio en el pa\u00eds y, por lo tanto, la mentalidad del pueblo ya cambi\u00f3 y sabe qui\u00e9n tiene buenos sentimientos, qui\u00e9n se preocupa por ayudar y qui\u00e9n es un trepador, un oportunista, un politiquero\u201d.<\/p>\n<p>Entonces, en general, si se quiere hacer pol\u00edtica, abund\u00f3, se tiene que trabajar en beneficio de la gente, porque si una organizaci\u00f3n, cualquiera, se ancla en valores, si se afianza sosteniendo valores, resiste, pero si empieza a buscar el poder por el poder, el triunfar a toda costa sin escr\u00fapulos morales de ninguna \u00edndole, si empieza el zigzagueo, se echa perder, no dura. El escudo protector son los ideales, son los principios\u201d.<\/p>\n<p>En ese sentido reiter\u00f3 que a lo mejor para finales de a\u00f1o, \u201cantes de que se elija a los dirigentes, si hay un congreso, puedo enviar una carta, si el Congreso es un fin de semana, un domingo, por ejemplo, a lo mejor asisto\u201d, si bien dej\u00f3 en claro que ya no est\u00e1 en activo como militante de Morena, pues ahora representa a todos los mexicanos.<\/p>\n<p style=\"text-align: center;\"><strong>Seguridad sigue siendo nuestro gran pendiente, admite L\u00f3pez Obrador<\/strong><\/p>\n<p>L\u00f3pez Obrador expres\u00f3 este martes su confianza en que pronto se revierta la situaci\u00f3n de inseguridad en el pa\u00eds y admiti\u00f3 que ese tema es el gran pendiente de su gobierno.<\/p>\n<p>\u201cTengo confianza en que pronto vamos a entregar buenas cuentas, es nuestra asignatura pendiente\u201d, se\u00f1al\u00f3 el mandatario en su conferencia de prensa matutina.<\/p>\n<p>L\u00f3pez Obrador reiter\u00f3 que \u201ces lo que m\u00e1s nos ocupa, todas las dem\u00e1s \u00e1reas est\u00e1n marchando bien, pero tenemos que resolver el problema de la inseguridad y la violencia, eso est\u00e1 pendiente\u201d.<\/p>\n<p>\u201cHemos logrado estabilizar, que no se agrave, pero no hemos podido bajar la incidencia delictiva y ese es el reto, es el desaf\u00edo, por eso todos los d\u00edas estamos atendiendo este asunto\u201d, agreg\u00f3 el mandatario.<\/p>\n<p style=\"text-align: center;\"><strong>Niega venta de plazas en el sector educativo<\/strong><\/p>\n<p>L\u00f3pez Obrador neg\u00f3 que actualmente haya venta de plazas en el sector educativo como suced\u00eda en gobiernos anteriores, y que en las leyes secundarias de la reforma educativa no se permitir\u00e1 esa pr\u00e1ctica ni la corrupci\u00f3n, pues eso tuvo que ver con otra \u00e9poca.<\/p>\n<p>Sostuvo que, \u201ccon toda claridad\u201d, la Coordinadora Nacional de Trabajadores de la Educaci\u00f3n (CNTE) no est\u00e1 proponiendo la venta de plazas, \u201cse le echa la culpa de que se opusieron a la reforma educativa porque quer\u00edan que se siguieran entregando las plazas a recomendados, pero eso no es cierto\u2026 eso no existe\u201d.<\/p>\n<p>Incluso, en conferencia de prensa, el jefe del Ejecutivo federal asever\u00f3 que hay m\u00e1s expresiones de malos manejos en plazas en el Instituto Mexicano del Seguro Social (IMSS) sobre el acomodo de familiares en este sector, pero \u201ctampoco nada probado\u201d.<\/p>\n<p>Por ello, sobre la supuesta venta de plazas en educaci\u00f3n dijo que en se analiza en las leyes \u201cy no vamos a permitir que haya esos abusos; debe de darse en algunos casos \u2013reconoci\u00f3- pero no es general y no se le puede atribuir a la organizaci\u00f3n de maestros, si puede haber, pero hay que estar pendientes y no permitirlo y establecerlo en las leyes\u201d.<\/p>\n<p>En ese sentido indic\u00f3 que se trabaja en las leyes secundarias de la reforma educativa y que en los pr\u00f3ximos d\u00edas se entregan las iniciativas en las cuales se ha consultado a maestros de la CNTE y del sindicato magisterial, as\u00ed como pedagogos y especialistas, para que las leyes recojan el sentimiento de todos y se mejore la educaci\u00f3n.<\/p>\n<p>Respecto a las protestas violentas de integrantes de la CNTE en algunos estados, dijo que la violencia no es opci\u00f3n ni alternativa y quienes cometen esos hechos pierden apoyo y credibilidad, aunque alert\u00f3 que siempre en este tipo de movimientos hay quienes se infiltran y provocan, por lo que se debe tener mucho cuidado en las manifestaciones.<\/p>\n","protected":false},"excerpt":{"rendered":"<p>Ante las discrepancias entre los senadores de Morena, Mart\u00ed Batres y Ricardo Monreal, el presidente Andr\u00e9s Manuel L\u00f3pez Obrador afirm\u00f3 que quienes se dedican a la pol\u00edtica tienen que actuar poniendo por delante los ideales y principios, y no buscar el poder por el poder.<\/p>\n","protected":false},"author":5,"featured_media":439624,"comment_status":"open","ping_status":"open","sticky":false,"template":"","format":"standard","meta":{"_monsterinsights_skip_tracking":false,"_monsterinsights_sitenote_active":false,"_monsterinsights_sitenote_note":"","_monsterinsights_sitenote_category":0,"footnotes":""},"categories":[3],"tags":[2545,1352,23586,406,87401,77652,18940,43673,63773,3675],"class_list":["post-439622","post","type-post","status-publish","format-standard","has-post-thumbnail","hentry","category-nacional","tag-amlo","tag-andres-manuel-lopez-obrador","tag-cargo","tag-congreso","tag-importan","tag-marti-batres","tag-marti-batres-guadarrama","tag-nacional","tag-ricardo-monreal","tag-ricardo-monreal-avila"],"_links":{"self":[{"href":"https:\/\/www.diarioimagen.net\/index.php?rest_route=\/wp\/v2\/posts\/439622","targetHints":{"allow":["GET"]}}],"collection":[{"href":"https:\/\/www.diarioimagen.net\/index.php?rest_route=\/wp\/v2\/posts"}],"about":[{"href":"https:\/\/www.diarioimagen.net\/index.php?rest_route=\/wp\/v2\/types\/post"}],"author":[{"embeddable":true,"href":"https:\/\/www.diarioimagen.net\/index.php?rest_route=\/wp\/v2\/users\/5"}],"replies":[{"embeddable":true,"href":"https:\/\/www.diarioimagen.net\/index.php?rest_route=%2Fwp%2Fv2%2Fcomments&post=439622"}],"version-history":[{"count":0,"href":"https:\/\/www.diarioimagen.net\/index.php?rest_route=\/wp\/v2\/posts\/439622\/revisions"}],"wp:featuredmedia":[{"embeddable":true,"href":"https:\/\/www.diarioimagen.net\/index.php?rest_route=\/wp\/v2\/media\/439624"}],"wp:attachment":[{"href":"https:\/\/www.diarioimagen.net\/index.php?rest_route=%2Fwp%2Fv2%2Fmedia&parent=439622"}],"wp:term":[{"taxonomy":"category","embeddable":true,"href":"https:\/\/www.diarioimagen.net\/index.php?rest_route=%2Fwp%2Fv2%2Fcategories&post=439622"},{"taxonomy":"post_tag","embeddable":true,"href":"https:\/\/www.diarioimagen.net\/index.php?rest_route=%2Fwp%2Fv2%2Ftags&post=439622"}],"curies":[{"name":"wp","href":"https:\/\/api.w.org\/{rel}","templated":true}]}}