{"id":439631,"date":"2019-08-21T00:07:24","date_gmt":"2019-08-21T05:07:24","guid":{"rendered":"https:\/\/www.diarioimagen.net\/?p=439631"},"modified":"2019-08-20T23:47:18","modified_gmt":"2019-08-21T04:47:18","slug":"lopez-obrador-pedira-a-nuevo-embajador-de-eu-respeto-para-mexicanos","status":"publish","type":"post","link":"https:\/\/www.diarioimagen.net\/?p=439631","title":{"rendered":"L\u00f3pez Obrador pedir\u00e1 a nuevo embajador de EU respeto para mexicanos"},"content":{"rendered":"<ul>\n<li><em><strong>En pr\u00f3ximo acto de acreditaci\u00f3n <\/strong><\/em><\/li>\n<\/ul>\n<p>&nbsp;<\/p>\n<div id=\"attachment_439632\" style=\"width: 470px\" class=\"wp-caption aligncenter\"><img loading=\"lazy\" decoding=\"async\" aria-describedby=\"caption-attachment-439632\" class=\"wp-image-439632 size-large\" src=\"https:\/\/www.diarioimagen.net\/wp-content\/uploads\/2019\/08\/EMBAJADOR21-portal-460x268.jpg\" alt=\"\" width=\"460\" height=\"268\" srcset=\"https:\/\/www.diarioimagen.net\/wp-content\/uploads\/2019\/08\/EMBAJADOR21-portal-460x268.jpg 460w, https:\/\/www.diarioimagen.net\/wp-content\/uploads\/2019\/08\/EMBAJADOR21-portal-240x140.jpg 240w, https:\/\/www.diarioimagen.net\/wp-content\/uploads\/2019\/08\/EMBAJADOR21-portal.jpg 480w\" sizes=\"auto, (max-width: 460px) 100vw, 460px\" \/><p id=\"caption-attachment-439632\" class=\"wp-caption-text\">Andr\u00e9s Manuel L\u00f3pez Obrador solicitar\u00e1\u00a0 al nuevo embajador de EU en M\u00e9xico, Christopher Landau, mantener la relaci\u00f3n de cooperaci\u00f3n y de respeto.<\/p><\/div>\n<p>&nbsp;<\/p>\n<p>El presidente Andr\u00e9s Manuel L\u00f3pez Obrador adelant\u00f3 que durante la entrega de las cartas credenciales al nuevo embajador de Estados Unidos en M\u00e9xico, Christopher Landau, le solicitar\u00e1 \u201cmantener la relaci\u00f3n de amistad, de cooperaci\u00f3n, de respeto y llevarnos bien\u201d.<\/p>\n<p>Esto es, \u201cque podamos evitar la confrontaci\u00f3n y que no se fomente la xenofobia, que no se azuce en Estados Unidos para despertar racismo, maltrato y odio contra los mexicanos. Queremos respeto\u201d.<\/p>\n<p>El primer mandatario coment\u00f3 que tambi\u00e9n se plantear\u00e1 al nuevo diplom\u00e1tico estadounidense el inter\u00e9s de M\u00e9xico porque se concrete la aprobaci\u00f3n del Tratado de Libre Comercio con Estados Unidos y Canad\u00e1 (T-MEC).<\/p>\n<p>\u201cCreo que el embajador nos va a ayudar en ese prop\u00f3sito, porque nosotros tenemos que actuar con mucho respeto, es un asunto del Congreso estadounidense.<\/p>\n<p>\u201cTengo informaci\u00f3n que tanto dem\u00f3cratas como republicanos ven con buenos ojos el que se ratifique, que se apruebe este nuevo tratado; ya nosotros lo aprobamos, ya el Senado de la Rep\u00fablica lo ratific\u00f3 y estamos esperando que lo haga el Congreso de Estados Unidos. Ese tema nos importa bastante\u201d, dijo en Palacio Nacional.<\/p>\n<p>Expuso que el canciller Marcelo Ebrard Casaub\u00f3n ya se reuni\u00f3 con el embajador Landau y \u201ccuando presente sus cartas credenciales, como lo estoy haciendo con otros embajadores, vamos a tener la oportunidad de platicar\u201d. L\u00f3pez Obrador record\u00f3 que anteriormente el protocolo para la entrega de las cartas credenciales consist\u00eda en un saludo, la fotograf\u00eda \u201cy ya\u201d, mientras que ahora hay una reuni\u00f3n; \u201cpor eso, tambi\u00e9n lo de la banda presidencial porque tenemos la bandera aqu\u00ed\u201d.<\/p>\n<p>Refiri\u00f3 que la bandera representa a todos los mexicanos, no solo al jefe del Ejecutivo y que la portar\u00e1 el d\u00eda 15 de septiembre.<\/p>\n<p>Ello porque la Ley sobre el Escudo, la Bandera y el Himno Nacionales establece que la banda se porta cuando se reciben las cartas credenciales a embajadores, en la toma de posesi\u00f3n del gobierno y el 15 de septiembre, as\u00ed como al presentar el informe. Sin embargo, no la usar\u00e1 en este \u00faltimo acto, el 1 de septiembre, \u201cporque est\u00e1 la bandera\u201d.<\/p>\n","protected":false},"excerpt":{"rendered":"<p>El presidente Andr\u00e9s Manuel L\u00f3pez Obrador adelant\u00f3 que durante la entrega de las cartas credenciales al nuevo embajador de Estados Unidos en M\u00e9xico, Christopher Landau, le solicitar\u00e1 \u201cmantener la relaci\u00f3n de amistad, de cooperaci\u00f3n, de respeto y llevarnos bien\u201d.<\/p>\n","protected":false},"author":5,"featured_media":439632,"comment_status":"open","ping_status":"open","sticky":false,"template":"","format":"standard","meta":{"_monsterinsights_skip_tracking":false,"_monsterinsights_sitenote_active":false,"_monsterinsights_sitenote_note":"","_monsterinsights_sitenote_category":0,"footnotes":""},"categories":[3],"tags":[2545,87402,177,81020,44,373,54363,87392,2170],"class_list":["post-439631","post","type-post","status-publish","format-standard","has-post-thumbnail","hentry","category-nacional","tag-amlo","tag-christopher-landau","tag-estados-unidos","tag-lopez-obrador","tag-mexico","tag-palacio-nacional","tag-relacion","tag-respeto-para-mexicanos","tag-tratado-de-libre-comercio"],"_links":{"self":[{"href":"https:\/\/www.diarioimagen.net\/index.php?rest_route=\/wp\/v2\/posts\/439631","targetHints":{"allow":["GET"]}}],"collection":[{"href":"https:\/\/www.diarioimagen.net\/index.php?rest_route=\/wp\/v2\/posts"}],"about":[{"href":"https:\/\/www.diarioimagen.net\/index.php?rest_route=\/wp\/v2\/types\/post"}],"author":[{"embeddable":true,"href":"https:\/\/www.diarioimagen.net\/index.php?rest_route=\/wp\/v2\/users\/5"}],"replies":[{"embeddable":true,"href":"https:\/\/www.diarioimagen.net\/index.php?rest_route=%2Fwp%2Fv2%2Fcomments&post=439631"}],"version-history":[{"count":0,"href":"https:\/\/www.diarioimagen.net\/index.php?rest_route=\/wp\/v2\/posts\/439631\/revisions"}],"wp:featuredmedia":[{"embeddable":true,"href":"https:\/\/www.diarioimagen.net\/index.php?rest_route=\/wp\/v2\/media\/439632"}],"wp:attachment":[{"href":"https:\/\/www.diarioimagen.net\/index.php?rest_route=%2Fwp%2Fv2%2Fmedia&parent=439631"}],"wp:term":[{"taxonomy":"category","embeddable":true,"href":"https:\/\/www.diarioimagen.net\/index.php?rest_route=%2Fwp%2Fv2%2Fcategories&post=439631"},{"taxonomy":"post_tag","embeddable":true,"href":"https:\/\/www.diarioimagen.net\/index.php?rest_route=%2Fwp%2Fv2%2Ftags&post=439631"}],"curies":[{"name":"wp","href":"https:\/\/api.w.org\/{rel}","templated":true}]}}