{"id":439686,"date":"2019-08-21T00:08:53","date_gmt":"2019-08-21T05:08:53","guid":{"rendered":"https:\/\/www.diarioimagen.net\/?p=439686"},"modified":"2019-08-21T11:46:22","modified_gmt":"2019-08-21T16:46:22","slug":"gobierno-de-huixquilucan-entrega-vehiculos-para-el-trabajo-operativo","status":"publish","type":"post","link":"https:\/\/www.diarioimagen.net\/?p=439686","title":{"rendered":"Gobierno de Huixquilucan entrega\u00a0veh\u00edculos para el trabajo operativo"},"content":{"rendered":"<ul>\n<li><strong><em>Con el fin de eficientar labor de servidores p\u00fablicos<\/em><\/strong><\/li>\n<\/ul>\n<p>&nbsp;<\/p>\n<div id=\"attachment_439772\" style=\"width: 470px\" class=\"wp-caption aligncenter\"><a href=\"https:\/\/www.diarioimagen.net\/?attachment_id=439772\" rel=\"attachment wp-att-439772\"><img loading=\"lazy\" decoding=\"async\" aria-describedby=\"caption-attachment-439772\" class=\"size-large wp-image-439772\" src=\"https:\/\/www.diarioimagen.net\/wp-content\/uploads\/2019\/08\/HUIXQUILUCAN-21-460x259.jpg\" alt=\"\" width=\"460\" height=\"259\" srcset=\"https:\/\/www.diarioimagen.net\/wp-content\/uploads\/2019\/08\/HUIXQUILUCAN-21-460x259.jpg 460w, https:\/\/www.diarioimagen.net\/wp-content\/uploads\/2019\/08\/HUIXQUILUCAN-21-240x135.jpg 240w, https:\/\/www.diarioimagen.net\/wp-content\/uploads\/2019\/08\/HUIXQUILUCAN-21-235x132.jpg 235w, https:\/\/www.diarioimagen.net\/wp-content\/uploads\/2019\/08\/HUIXQUILUCAN-21-202x114.jpg 202w, https:\/\/www.diarioimagen.net\/wp-content\/uploads\/2019\/08\/HUIXQUILUCAN-21-350x196.jpg 350w, https:\/\/www.diarioimagen.net\/wp-content\/uploads\/2019\/08\/HUIXQUILUCAN-21-220x123.jpg 220w, https:\/\/www.diarioimagen.net\/wp-content\/uploads\/2019\/08\/HUIXQUILUCAN-21-237x132.jpg 237w, https:\/\/www.diarioimagen.net\/wp-content\/uploads\/2019\/08\/HUIXQUILUCAN-21.jpg 480w\" sizes=\"auto, (max-width: 460px) 100vw, 460px\" \/><\/a><p id=\"caption-attachment-439772\" class=\"wp-caption-text\">El edil precis\u00f3 que esta evaluaci\u00f3n no s\u00f3lo es para \u00e9l, sino para todo el equipo que conforma la administraci\u00f3n 2019-2021. \u201cEsta calificaci\u00f3n es para todos nosotros\u201d.<\/p><\/div>\n<p>&nbsp;<\/p>\n<p><strong>Huixquilucan, Estado de M\u00e9xico<\/strong>.- \u201cEstamos haciendo bien las cosas y tan es as\u00ed que seguimos siendo el gobierno mejor calificado de todo el Estado de M\u00e9xico\u201d, asegur\u00f3 Enrique Vargas del Villar, presidente municipal de Huixquilucan, durante la entrega de 16 nuevos veh\u00edculos y camionetas para trabajo operativo de las direcciones.<\/p>\n<p>En la explanada municipal, el edil precis\u00f3 que esta evaluaci\u00f3n no s\u00f3lo es para \u00e9l, sino para todo el equipo que conforma la administraci\u00f3n 2019-2021. \u201cEsta calificaci\u00f3n es para todos nosotros\u201d.<\/p>\n<p>Acompa\u00f1ado por personal operativo, directores de \u00e1rea e integrantes del Cabildo, Vargas del Villar record\u00f3 que las evaluaciones realizadas por distintas casas encuestadoras, Huixquilucan siempre se coloca entre los primeros 10 lugares a nivel nacional y n\u00famero uno en el estado de M\u00e9xico. \u201cEs un gran logro y un reconocimiento a todo el trabajo realizado y lo que se va a seguir haciendo\u201d. \u00a0La entrega de 16 veh\u00edculos m\u00e1s de reciente modelo, son un orgullo ya que a inicios de la primera administraci\u00f3n, en el 2016, se arranc\u00f3 pr\u00e1cticamente con nada y ahora Huixquilucan est\u00e1 cada vez mejor.<\/p>\n<p>Vargas del Villar record\u00f3, que se ha estado pagando la deuda hist\u00f3rica del municipio y los impuestos de los ciudadanos se ven reflejados en obras y servicios, muestra de ello es la inversi\u00f3n en estos 16 autos y camionetas.<\/p>\n<p>Jessica Nabil Castillo Mart\u00ednez, directora General de Infraestructura y Edificaci\u00f3n, agradeci\u00f3 por el apoyo brindado al personal operativo de las distintas dependencias municipales.<\/p>\n<p>Asegur\u00f3, que los veh\u00edculos entregados permitir\u00e1n eficientar el trabajo de los servidores p\u00fablicos municipales en beneficio de la poblaci\u00f3n.<\/p>\n","protected":false},"excerpt":{"rendered":"<p>\u201cEstamos haciendo bien las cosas y tan es as\u00ed que seguimos siendo el gobierno mejor calificado de todo el Estado de M\u00e9xico\u201d, asegur\u00f3 Enrique Vargas del Villar, presidente municipal de Huixquilucan, durante la entrega de 16 nuevos veh\u00edculos y camionetas para trabajo operativo de las direcciones.<\/p>\n","protected":false},"author":3,"featured_media":439772,"comment_status":"open","ping_status":"open","sticky":false,"template":"","format":"standard","meta":{"_monsterinsights_skip_tracking":false,"_monsterinsights_sitenote_active":false,"_monsterinsights_sitenote_note":"","_monsterinsights_sitenote_category":0,"footnotes":""},"categories":[5],"tags":[43675,1097,7349,13043],"class_list":["post-439686","post","type-post","status-publish","format-standard","has-post-thumbnail","hentry","category-estado-de-mexico","tag-estado-de-mexico","tag-huixquilucan","tag-operativo","tag-vehiculos"],"_links":{"self":[{"href":"https:\/\/www.diarioimagen.net\/index.php?rest_route=\/wp\/v2\/posts\/439686","targetHints":{"allow":["GET"]}}],"collection":[{"href":"https:\/\/www.diarioimagen.net\/index.php?rest_route=\/wp\/v2\/posts"}],"about":[{"href":"https:\/\/www.diarioimagen.net\/index.php?rest_route=\/wp\/v2\/types\/post"}],"author":[{"embeddable":true,"href":"https:\/\/www.diarioimagen.net\/index.php?rest_route=\/wp\/v2\/users\/3"}],"replies":[{"embeddable":true,"href":"https:\/\/www.diarioimagen.net\/index.php?rest_route=%2Fwp%2Fv2%2Fcomments&post=439686"}],"version-history":[{"count":0,"href":"https:\/\/www.diarioimagen.net\/index.php?rest_route=\/wp\/v2\/posts\/439686\/revisions"}],"wp:featuredmedia":[{"embeddable":true,"href":"https:\/\/www.diarioimagen.net\/index.php?rest_route=\/wp\/v2\/media\/439772"}],"wp:attachment":[{"href":"https:\/\/www.diarioimagen.net\/index.php?rest_route=%2Fwp%2Fv2%2Fmedia&parent=439686"}],"wp:term":[{"taxonomy":"category","embeddable":true,"href":"https:\/\/www.diarioimagen.net\/index.php?rest_route=%2Fwp%2Fv2%2Fcategories&post=439686"},{"taxonomy":"post_tag","embeddable":true,"href":"https:\/\/www.diarioimagen.net\/index.php?rest_route=%2Fwp%2Fv2%2Ftags&post=439686"}],"curies":[{"name":"wp","href":"https:\/\/api.w.org\/{rel}","templated":true}]}}