{"id":439704,"date":"2019-08-21T00:12:27","date_gmt":"2019-08-21T05:12:27","guid":{"rendered":"https:\/\/www.diarioimagen.net\/?p=439704"},"modified":"2019-08-21T06:02:39","modified_gmt":"2019-08-21T11:02:39","slug":"amlo-sepulta-las-ambiciones-de-batres-yeidckol-y-padierna","status":"publish","type":"post","link":"https:\/\/www.diarioimagen.net\/?p=439704","title":{"rendered":"AMLO sepulta las ambiciones de Batres, Yeidckol y Padierna"},"content":{"rendered":"<h2>Tras la puerta del poder<\/h2>\n<h5>Roberto Vizca\u00edno<\/h5>\n<p>&nbsp;<\/p>\n<div id=\"attachment_437837\" style=\"width: 470px\" class=\"wp-caption aligncenter\"><img loading=\"lazy\" decoding=\"async\" aria-describedby=\"caption-attachment-437837\" class=\"size-large wp-image-437837\" src=\"https:\/\/www.diarioimagen.net\/wp-content\/uploads\/2019\/08\/amenaza-constante-LUIS-XAVIER-460x343.jpg\" alt=\"\" width=\"460\" height=\"343\" srcset=\"https:\/\/www.diarioimagen.net\/wp-content\/uploads\/2019\/08\/amenaza-constante-LUIS-XAVIER-460x343.jpg 460w, https:\/\/www.diarioimagen.net\/wp-content\/uploads\/2019\/08\/amenaza-constante-LUIS-XAVIER-240x179.jpg 240w, https:\/\/www.diarioimagen.net\/wp-content\/uploads\/2019\/08\/amenaza-constante-LUIS-XAVIER-768x572.jpg 768w, https:\/\/www.diarioimagen.net\/wp-content\/uploads\/2019\/08\/amenaza-constante-LUIS-XAVIER.jpg 1200w\" sizes=\"auto, (max-width: 460px) 100vw, 460px\" \/><p id=\"caption-attachment-437837\" class=\"wp-caption-text\">Amenaza constante&#8230; | Luis Xavier<\/p><\/div>\n<p>&nbsp;<\/p>\n<p>Luego del berrinche con mega-pataleta de <strong>Mart\u00ed Batres<\/strong>, con denuncias p\u00fablicas de complot, amenaza, presiones y hasta \u201cca\u00f1onazos\u201d, incluidos, el todav\u00eda presidente del Senado le baj\u00f3 ayer a su ardor y, en una conferencia donde le dio vueltas a todo para no responder nada, y luego de anunciar casi una <em>cruzada santa<\/em> contra su rival pol\u00edtico <strong>Ricardo Monreal<\/strong>, termin\u00f3 con que s\u00f3lo presentar\u00e1 una queja ante la Comisi\u00f3n de Honor de Morena en pretensi\u00f3n de que esta instancia le ordene a su fracci\u00f3n en el Senado reponer el proceso de votaci\u00f3n que \u00e9l ya perdi\u00f3.<\/p>\n<p><strong>Batres<\/strong> dijo estar de acuerdo en todo lo que dijo ayer el presidente <strong>Andr\u00e9s Manuel L\u00f3pez Obrador<\/strong> respecto de su estallido de ira del lunes, pero termino haciendo como que \u201cla virgen le habla\u201d en cuanto a los conceptos del Presidente de la Rep\u00fablica, su l\u00edder pol\u00edtico.Y es que preguntado sobre el caso de <strong>Batres<\/strong>, el presidente <strong>L\u00f3pez Obrador<\/strong> afirm\u00f3 que:<\/p>\n<p>\u201c\u2026 creo, no s\u00f3lo para lo ocurrido entre <strong>Batres y Monreal<\/strong>, sino para otros, aplica parejo- que quienes nos dedicamos al noble oficio de la pol\u00edtica, tenemos que actuar poniendo por delante los ideales, los principios y le debemos de profesar un profundo amor al pueblo; si no hay ideales, no hay principios, no se puede hacer pol\u00edtica, si no se le tiene amor al pueblo no se puede llevar a cabo el oficio de la pol\u00edtica\u2026<\/p>\n<p>\u201cSe fue ya el tiempo en que la pol\u00edtica era sin\u00f3nimo de individualismo, de sacar provecho personal, de estar pensando nada m\u00e1s en intereses personales, por leg\u00edtimos que fueran<strong>, <\/strong>ya no ayudan quienes solamente piensan en sus intereses personales.<\/p>\n<p>\u201cTiene que haber m\u00edstica, convicciones, entrega total a la causa p\u00fablica, no son los cargos lo que debe importar, sino la contribuci\u00f3n a los cambios, en este caso a la transformaci\u00f3n del pa\u00eds\u2026 el pol\u00edtico tradicional, el que est\u00e1 pensando c\u00f3mo colarse, no ayuda en nada y no tiene futuro\u2026 esa es mi opini\u00f3n\u201d.<\/p>\n<p>Interesante que haya aprovechado lo ocurrido en el Senado para incluir \u00a0la siguiente frase en su respuesta:<\/p>\n<p>\u201c\u2026 no s\u00f3lo para lo ocurrido entre <strong>Batres y Monreal<\/strong>, sino para otros, aplica parejo\u201d<\/p>\n<p>Y es que al parejo est\u00e1n las disputas en la b\u00fasqueda del cambio de dirigentes nacionales de Morena y tambi\u00e9n para quienes deber\u00e1n presidir la C\u00e1mara de Diputados y donde el coordinador de los diputados de Morena, <strong>Mario Delgado<\/strong>, ya hizo acuerdo para que sea un panista quien sustituya a <strong>Porfirio Mu\u00f1oz Ledo<\/strong>.<\/p>\n<p>Ayer en Morena, y luego de que la presidenta saliente la biliosa de <strong>Yeidcold Polevnsky<\/strong> \u00a0intentara darles un madruguete emitiendo una convocatoria a modo, los dirigentes se opusieron y la obligaron a revisar el documento.<\/p>\n<p>Confrontados hasta casi los golpes, los miembros de varias comisiones de Morena debatieron la convocatoria punto por punto ya que deb\u00edan entregarla al INE a fin de que fuese publicada para ser legal.<\/p>\n<p>Los opositores a <strong>Polevnsky<\/strong>, exigieron que el documento incluyera que la elecci\u00f3n se realizar\u00eda con base en un padr\u00f3n de tres millones de militantes<\/p>\n<p>Pero <strong>Polevnsky<\/strong>, quien pretende reelegirse, es decir que cae en lo que <strong>AMLO <\/strong>califica de b\u00fasqueda del poder por el poder mismo, se resisti\u00f3 y exigi\u00f3 a su vez que el Padr\u00f3n interno de 3 millones de militantes sea auditado previamente por una empresa particular y se reconozca a su secretario de Organizaci\u00f3n<strong>, Leonel Godoy.<\/strong><\/p>\n<p>\u201cEl meollo de todo el asunto es el padr\u00f3n que no nos han entregado. Entonces qu\u00e9 nos ped\u00edan (los opositores), que acept\u00e1ramos el padr\u00f3n y les dijimos \u2018s\u00ed, pero hay que auditarlo\u2019, para tener la certeza que est\u00e9 bien. Contratar una empresa\u201d, indic\u00f3 <strong>Yeidckol<\/strong> al comenzar el encuentro.<\/p>\n<p style=\"text-align: center;\"><strong>En San L\u00e1zaro<\/strong><\/p>\n<p>En la c\u00e1mara de diputados, y para vacunarse de caer en juna situaci\u00f3n de confrontaci\u00f3n como la del Senado, el presidente saliente, Porfirio Mu\u00f1oz Ledo\u00a0declar\u00f3 que entre su grupo todo es armon\u00eda y amistad, especialmente entre \u00e9l y En la c\u00e1mara de diputados, y para vacunarse de caer en juna situaci\u00f3n de confrontaci\u00f3n como la del Senado, el presidente saliente, <strong>Porfirio Mu\u00f1oz Ledo<\/strong>\u00a0declar\u00f3 que entre su grupo todo es armon\u00eda y amistad, especialmente entre \u00e9l y <strong>Mario Delgado<\/strong>, el coordinador de los legisladores de Morena.La C\u00e1mara de Diputados es tierra firme contra el golpismo y los movimientos levantiscos, sostuvo <strong>Mu\u00f1oz Ledo<\/strong>, al resaltar la \u201cespl\u00e9ndida armon\u00eda\u201d que existe entre el grupo mayoritario de Morena y la Mesa Directiva que \u00e9l preside.<\/p>\n<p>El experimentad\u00edsimo pol\u00edtico destac\u00f3 la amistad con el diputado Delgado de quien, dijo, es su compa\u00f1ero y amigo, y elogi\u00f3 su conducci\u00f3n al frente de la Jucopo y de la fracci\u00f3n parlamentaria de Morena.<\/p>\n<p style=\"text-align: center;\"><strong>Monreal: Mart\u00ed Debe Denunciar<\/strong><\/p>\n<p>En una larga conferencia de prensa, <strong>Ricardo Monreal<\/strong> advirti\u00f3 que lo denunciado por <strong>Mart\u00ed Batres<\/strong> es grave y que si tiene pruebas de lo que dijo, de que hubo amenazas, presiones y \u201cca\u00f1onazos\u201d, es decir compra de votos, debe denunciarlos penalmente.<\/p>\n<p>Se doli\u00f3 de que al hacer estas declaraciones, <strong>Batres<\/strong> quien es todav\u00eda presidente del Senado y lo ser\u00e1 hasta el s\u00e1bado 31 de este agosto, haya ofendido a los senadores de Morena al acusarlos impl\u00edcitamente de ser corruptos.Por lo dem\u00e1s se dijo confiado en que nada pasar\u00e1 a mayores y de que <strong>Batres<\/strong> tiene garantizado su espacio dentro de su bancada.<\/p>\n<p>Por lo dem\u00e1s, dijo, he decido fijar nuestra posici\u00f3n y aclarar el procedimiento de elecci\u00f3n de Mesa Directiva en el Senado de la Rep\u00fablica, as\u00ed como sus resultados.<\/p>\n<p>La convocatoria fue aprobada y consensuada de manera amplia, y el voto fue emitido de manera directa, por primera vez, de manera secreta y, por primera vez se eligi\u00f3 por los senadores al presidente de la Mesa Directiva.La elecci\u00f3n del d\u00eda de ayer fue el resultado: 33 votos en contra de la reelecci\u00f3n y 29 en favor de la reelecci\u00f3n.<\/p>\n<p>Fue una jornada en donde estuvo asistida por un Notario P\u00fablico para dar fe. Es decir todo transparente, todo cuidadoso. Sin embargo, la discusi\u00f3n y la pol\u00e9mica se ha centrado en el voto de cinco compa\u00f1eras del Grupo Parlamentario del Partido Encuentro Social, quienes siempre han participado en las decisiones del Grupo Parlamentario de Morena, porque de manera permanente acuden a nuestras plenarias, participan en la discusi\u00f3n; asimismo, en todas las previas a la sesi\u00f3n extraordinaria u ordinaria tienen voz y voto.<\/p>\n<p>No obstante debo aclarar y repetir, todo lo que se ha estado expresando, la propia presidenta o coordinadora del grupo parlamentario, el d\u00eda 14 de agosto solicit\u00f3 la anuencia del presidente de la Comisi\u00f3n Permanente, el licenciado <strong>Mart\u00ed Batres<\/strong>, para participar de manera puntual en el proceso electivo. Le dijo que no hab\u00eda inconveniente, que estaba de acuerdo.<\/p>\n<p>A su vez, tambi\u00e9n me solicit\u00f3 la anuencia para participar las cinco legisladoras en esa elecci\u00f3n, que de manera org\u00e1nica, de manera puntual siempre han participado con nosotros. Por esa raz\u00f3n, me pareci\u00f3 muy extra\u00f1o descalificarlas, dado que siempre nos han acompa\u00f1ado.<\/p>\n<p>Al inicio de la votaci\u00f3n de legisladores y legisladoras, de las primeras en emitir su voto fue la senadora <strong>Antonia C\u00e1rdenas<\/strong>, del PES, y no hubo ning\u00fan se\u00f1alamiento ni ninguna impugnaci\u00f3n para que lo hiciera.<\/p>\n<p>Pero no s\u00f3lo eso, ella declar\u00f3 p\u00fablicamente que hab\u00eda acudido como representante de Encuentro Social y que hab\u00eda votado en favor de la permanencia del licenciado <strong>Mart\u00ed Batres<\/strong>; que incluso hab\u00eda decidido reincorporarse al grupo Morena, pero que lo har\u00eda hasta septiembre para que tuviera efectos legales.<\/p>\n<p>Escuchen lo que dijo: \u201cBueno, yo soy la senadora <strong>Antonia C\u00e1rdenas<\/strong>, soy del Grupo Parlamentario de Encuentro Social, y quiero que sepan que yo vot\u00e9 por Mart\u00ed Batres. O sea, yo vot\u00e9 porque la mesa siguiera como est\u00e1 hasta ahorita y que es un proceso que a lo mejor no result\u00f3, pero quiero que sepan que yo s\u00ed vot\u00e9 porque siguiera Mart\u00ed Batres en la Mesa Directiva.<\/p>\n<p>\u201cNo hay ninguna duda, yo siempre he pertenecido a Morena y quiero seguir perteneciendo a Morena, entonces mi traslado solamente, mi cambio de Encuentro Social a Morena es eso nada m\u00e1s, es un cambio que yo deb\u00eda estar desde el principio, pero estamos ahora en ese proceso y mi cambio entra a partir del 1\u00ba de septiembre\u201d.<\/p>\n<p><em><a href=\"mailto:rvizcainoa@gmail.com\" target=\"_blank\" rel=\"noopener noreferrer\">rvizcainoa@gmail.com<\/a><br \/>\n<u><a href=\"http:\/\/endirecto.mx\" target=\"_blank\" rel=\"noopener noreferrer\">www.endirecto.mx<\/a><br \/>\n<a href=\"https:\/\/twitter.com\/_rvizcaino\" target=\"_blank\" rel=\"noopener noreferrer\">@_RVizcaino<\/a><br \/>\n<a href=\"https:\/\/www.facebook.com\/rvizcainoa\" target=\"_blank\" rel=\"noopener noreferrer\">facebook.com\/rvizcainoa<\/a><\/u><\/em><\/p>\n","protected":false},"excerpt":{"rendered":"<p><span style=\"color: #005497;\"><strong>Roberto Vizca\u00edno<\/strong><\/span><br \/>\n<br \/>\nLuego del berrinche con mega-pataleta de <strong>Mart\u00ed Batres<\/strong>, con denuncias p\u00fablicas de complot, amenaza, presiones y hasta \u201cca\u00f1onazos\u201d, incluidos, el todav\u00eda presidente del Senado le baj\u00f3 ayer a su ardor y, en una conferencia donde le dio vueltas a todo para no responder nada, y luego de anunciar casi una <em>cruzada santa<\/em> contra su rival pol\u00edtico <strong>Ricardo Monreal<\/strong>, termin\u00f3 con que s\u00f3lo presentar\u00e1 una queja ante la Comisi\u00f3n de Honor de Morena en pretensi\u00f3n de que esta instancia le ordene a su fracci\u00f3n en el Senado reponer el proceso de votaci\u00f3n que \u00e9l ya perdi\u00f3.<\/p>\n","protected":false},"author":3,"featured_media":439750,"comment_status":"open","ping_status":"open","sticky":false,"template":"","format":"standard","meta":{"_monsterinsights_skip_tracking":false,"_monsterinsights_sitenote_active":false,"_monsterinsights_sitenote_note":"","_monsterinsights_sitenote_category":0,"footnotes":""},"categories":[136],"tags":[43674,93,94],"class_list":["post-439704","post","type-post","status-publish","format-standard","has-post-thumbnail","hentry","category-roberto-vizcaino-opinion","tag-opinion","tag-roberto-vizcaino","tag-tras-la-puerta-del-poder"],"_links":{"self":[{"href":"https:\/\/www.diarioimagen.net\/index.php?rest_route=\/wp\/v2\/posts\/439704","targetHints":{"allow":["GET"]}}],"collection":[{"href":"https:\/\/www.diarioimagen.net\/index.php?rest_route=\/wp\/v2\/posts"}],"about":[{"href":"https:\/\/www.diarioimagen.net\/index.php?rest_route=\/wp\/v2\/types\/post"}],"author":[{"embeddable":true,"href":"https:\/\/www.diarioimagen.net\/index.php?rest_route=\/wp\/v2\/users\/3"}],"replies":[{"embeddable":true,"href":"https:\/\/www.diarioimagen.net\/index.php?rest_route=%2Fwp%2Fv2%2Fcomments&post=439704"}],"version-history":[{"count":0,"href":"https:\/\/www.diarioimagen.net\/index.php?rest_route=\/wp\/v2\/posts\/439704\/revisions"}],"wp:featuredmedia":[{"embeddable":true,"href":"https:\/\/www.diarioimagen.net\/index.php?rest_route=\/wp\/v2\/media\/439750"}],"wp:attachment":[{"href":"https:\/\/www.diarioimagen.net\/index.php?rest_route=%2Fwp%2Fv2%2Fmedia&parent=439704"}],"wp:term":[{"taxonomy":"category","embeddable":true,"href":"https:\/\/www.diarioimagen.net\/index.php?rest_route=%2Fwp%2Fv2%2Fcategories&post=439704"},{"taxonomy":"post_tag","embeddable":true,"href":"https:\/\/www.diarioimagen.net\/index.php?rest_route=%2Fwp%2Fv2%2Ftags&post=439704"}],"curies":[{"name":"wp","href":"https:\/\/api.w.org\/{rel}","templated":true}]}}