{"id":439724,"date":"2019-08-21T00:04:41","date_gmt":"2019-08-21T05:04:41","guid":{"rendered":"https:\/\/www.diarioimagen.net\/?p=439724"},"modified":"2019-08-21T02:18:20","modified_gmt":"2019-08-21T07:18:20","slug":"la-ambicion-sacude-a-morena","status":"publish","type":"post","link":"https:\/\/www.diarioimagen.net\/?p=439724","title":{"rendered":"La ambici\u00f3n sacude a Morena"},"content":{"rendered":"<h2>Punto por punto<\/h2>\n<h5>Augusto Corro<\/h5>\n<p>&nbsp;<\/p>\n<p>En el partido Movimiento de Regeneraci\u00f3n Nacional (Morena) ya empezaron a darse los primeros brotes de divisionismo, el mal que acaba con los organismos pol\u00edticos. Todo ocurri\u00f3 en el marco de la elecci\u00f3n del nuevo titular de la Mesa Directiva del Senado.<\/p>\n<p>El primer pleito de pesos pesados corri\u00f3 a cargo de los senadores Mart\u00ed Batres Guadarrama y Ricardo Monreal \u00c1vila. El primero pretend\u00eda continuar como presidente de la Mesa Directiva y el segundo pugnaba por llevar a una legisladora a ese cargo. Gan\u00f3 Monreal \u00c1vila. La senadora M\u00f3nica Fern\u00e1ndez suceder\u00e1 en el puesto a\u00a0 Mart\u00ed.<\/p>\n<p>En una acci\u00f3n de la m\u00e1s pura \u201cmapacher\u00eda pri\u00edsta\u201d, Monreal \u00c1vila, coordinador de Morena en la C\u00e1mara alta, invit\u00f3 a senadores ajenos a su partido a que votaran como si pertenecieran a esa fracci\u00f3n parlamentaria. Y claro, se \u201colvid\u00f3\u201d de los legisladores del PT que pudieron, con su voto, hacer la diferencia.<\/p>\n<p>El hecho real es que se present\u00f3 el enfentamiento que, de no atenderse y solucionarse a tiempo, le dar\u00e1 agudos dolores de cabeza a la jerarqu\u00eda morenista.<\/p>\n<p>Apenas el 1 de agosto se cumplieron cinco a\u00f1os de vida de Morena. Su trayectoria pol\u00edtica mete\u00f3rica ya llev\u00f3 a la Presidencia de la Rep\u00fablica a Andr\u00e9s Manuel L\u00f3pez Obrador. Gan\u00f3 legislaturas, gubernaturas, alcald\u00edas, etc.<\/p>\n<p>Todo iba viento en popa, hasta que empezaron los dimes y diretes entre dirigentes guindas que tienen enfrentadas a Yeidckol Polevnsky, presidenta interina; con Bertha Luj\u00e1n, quien preside el Consejo Nacional. Ambas buscan la dirigencia nacional del partido.<\/p>\n<p>Tambi\u00e9n se encuentran apuntados en la lista para liderar a ese organismo pol\u00edtico el diputado Mario Delgado y el senador suplente de Ricardo Monreal, Alejandro Rojas D\u00edaz Dur\u00e1n.<\/p>\n<p style=\"text-align: center;\"><strong>Morena y su esencia social<\/strong><\/p>\n<p>Es seguro que Mart\u00ed Batres tendr\u00e1 que reflexionar mucho sobre el problema que enfrenta. Continuar su descontento no ayudar\u00eda a su propio partido, que ya da se\u00f1ales de albergar a pol\u00edticos ambiciosos, que anteponen sus intereses personales a su ideolog\u00eda o principios.<\/p>\n<p>Por ejemplo, uno de los militantes distinguidos de ese instituci\u00f3n pol\u00edtica, Paco Ignacio Taibo ll, dijo que Morena perdi\u00f3 su esencia social y se convirti\u00f3 en un partido \u201cblandengue\u201d, electoralista y <em>buscachambas.<\/em><\/p>\n<p>Tambi\u00e9n se\u00f1al\u00f3 que el problema de Morena se encuentra en las estructuras de mando, al grado de tener una direcci\u00f3n que parece la de la Loter\u00eda Nacional y no la de un partido pol\u00edtico.<\/p>\n<p>No pas\u00f3 mucho tiempo para que los legisladores morenos manifestaran sus ambiciones por el poder. Eso fue lo que reflejaron sus acciones alejadas de ideolog\u00edas o principios.<\/p>\n<p>Ya veremos qui\u00e9n de los dos legisladores result\u00f3 el m\u00e1s ambicioso. El zacatecano Monreal \u00c1vila ya logr\u00f3, con sus caprichos, mantenerse con vida en la pol\u00edtica. Seg\u00fan \u00e9l ya ten\u00eda todo ganado para su candidatura a la jefatura de gobierno de la Ciudad de M\u00e9xico.<\/p>\n<p>Sin embargo, su adversaria pol\u00edtica, Claudia Sheinbaum le mat\u00f3 las ilusiones. Ella fue la candidata por Morena. Y gan\u00f3.<\/p>\n<p>A Monreal \u00c1vila no le gust\u00f3 como lo trataron y amenaz\u00f3 con irse a otro partido. Alguien lo convenci\u00f3 que siguiera en el partido guinda y su \u201cdisciplina\u201d fue premiada con un cargo importante en el Senado.<\/p>\n<p>Mart\u00ed Batres ya demostr\u00f3 en un sinn\u00famero de ocasiones que es un luchador social, congruente con su ideolog\u00eda.<\/p>\n<p>Cuando se desempe\u00f1aba como titular de la Sedesol del DF critic\u00f3 la conducta de su jefe Marcelo Ebrard. Este lo ech\u00f3 del cargo.<\/p>\n<p>El problema surgi\u00f3 cuando el citado Ebrard\u00a0 asisti\u00f3 al informe presidente Felipe Calder\u00f3n. Argument\u00f3 Mart\u00ed que ese hecho equival\u00eda a dejar de apoyar al entonces ex candidato perredista Andr\u00e9s Manuel L\u00f3pez Obrador, quien aspiraba a la Presidencia de la Rep\u00fablica para el 2012.<\/p>\n<p>Los senadores Batres Guadarrama y Monreal \u00c1vila saben muy bien que los conflictos internos en nada ayudar\u00e1n a la estabilidad y crecimiento de Morena, como partido pol\u00edtico.<\/p>\n<p>Y fueron el divisionismo y las ambiciones pol\u00edticas desatadas de sus personajes los que tienen en la lona al PRI y al PRD.<\/p>\n<p>En el caso del Revolucionario Institucional fue la corrupci\u00f3n incontrolable de los funcionarios p\u00fablicos emanados de sus filas, lo que provoc\u00f3 el repudio de la sociedad. Los resultados electorales fueron desastrosos.<\/p>\n<p>En el PRD la destrucci\u00f3n empez\u00f3 en sus propias filas. Las luchas internas fueron demoledoras. Todos perdieron. El divisionismo, como maldici\u00f3n de los partidos de izquierda, cobr\u00f3 una v\u00edctima m\u00e1s.<\/p>\n<p>\u00bfCu\u00e1l ser\u00e1 el destino de Morena?<\/p>\n<p><em><u><a href=\"mailto:aco2742@hotmail.com\" target=\"_blank\" rel=\"noopener noreferrer\">aco2742@hotmail.com<\/a><\/u><\/em><\/p>\n","protected":false},"excerpt":{"rendered":"<p><span style=\"color: #005497;\"><strong>Augusto Corro<\/strong><\/span><\/p>\n","protected":false},"author":3,"featured_media":0,"comment_status":"open","ping_status":"open","sticky":false,"template":"","format":"standard","meta":{"_monsterinsights_skip_tracking":false,"_monsterinsights_sitenote_active":false,"_monsterinsights_sitenote_note":"","_monsterinsights_sitenote_category":0,"footnotes":""},"categories":[157],"tags":[43686,43674,11515],"class_list":["post-439724","post","type-post","status-publish","format-standard","hentry","category-augusto-corro","tag-augusto-corro","tag-opinion","tag-punto-por-punto"],"_links":{"self":[{"href":"https:\/\/www.diarioimagen.net\/index.php?rest_route=\/wp\/v2\/posts\/439724","targetHints":{"allow":["GET"]}}],"collection":[{"href":"https:\/\/www.diarioimagen.net\/index.php?rest_route=\/wp\/v2\/posts"}],"about":[{"href":"https:\/\/www.diarioimagen.net\/index.php?rest_route=\/wp\/v2\/types\/post"}],"author":[{"embeddable":true,"href":"https:\/\/www.diarioimagen.net\/index.php?rest_route=\/wp\/v2\/users\/3"}],"replies":[{"embeddable":true,"href":"https:\/\/www.diarioimagen.net\/index.php?rest_route=%2Fwp%2Fv2%2Fcomments&post=439724"}],"version-history":[{"count":0,"href":"https:\/\/www.diarioimagen.net\/index.php?rest_route=\/wp\/v2\/posts\/439724\/revisions"}],"wp:attachment":[{"href":"https:\/\/www.diarioimagen.net\/index.php?rest_route=%2Fwp%2Fv2%2Fmedia&parent=439724"}],"wp:term":[{"taxonomy":"category","embeddable":true,"href":"https:\/\/www.diarioimagen.net\/index.php?rest_route=%2Fwp%2Fv2%2Fcategories&post=439724"},{"taxonomy":"post_tag","embeddable":true,"href":"https:\/\/www.diarioimagen.net\/index.php?rest_route=%2Fwp%2Fv2%2Ftags&post=439724"}],"curies":[{"name":"wp","href":"https:\/\/api.w.org\/{rel}","templated":true}]}}