{"id":439726,"date":"2019-08-21T00:05:23","date_gmt":"2019-08-21T05:05:23","guid":{"rendered":"https:\/\/www.diarioimagen.net\/?p=439726"},"modified":"2019-08-21T02:21:29","modified_gmt":"2019-08-21T07:21:29","slug":"guelaguetza-nacional-en-fiestas-patrias","status":"publish","type":"post","link":"https:\/\/www.diarioimagen.net\/?p=439726","title":{"rendered":"Guelaguetza nacional en fiestas patrias"},"content":{"rendered":"<h2>Desde el portal<\/h2>\n<h5>\u00c1ngel Soriano<\/h5>\n<p>&nbsp;<\/p>\n<p>El presidente Andr\u00e9s Manuel L\u00f3pez Obrador ratific\u00f3 su admiraci\u00f3n por Oaxaca al ampliar la Guelaguetza -fiesta representativa de las ocho regiones de la entidad- a todo el pa\u00eds como parte de las fiestas patrias y en donde habr\u00e1 una representaci\u00f3n de los grupos \u00e9tnicos del pa\u00eds, con su cultura, sus tradiciones, m\u00fasica, gastronom\u00eda, danzas y bailes que amalgamen la diversidad nacional para disfrute de todos.<\/p>\n<p>Su orgullo patrio lo expres\u00f3 tambi\u00e9n el pasado lunes cuando, en conferencia de prensa ma\u00f1anera, invit\u00f3 a los mexicanos a conocer el pa\u00eds y su inmensa riqueza natural, en recursos humanos y minerales, atractivos tur\u00edsticos de todo tipo e incluso se\u00f1al\u00f3 rutas de transporte que salen de diversos puntos del Valle de M\u00e9xico, como Neza y Ecatepec a un costo razonable, al alcance de todos y dijo que eso propondr\u00e1 al titular de Sector, Miguel Torruco, que \u2013en nuestra opini\u00f3n- no se le prende el foco.<\/p>\n<p>Trasladar la m\u00e1xima fiesta de los oaxaque\u00f1os a todo el pa\u00eds es un acierto: los mexicanos debemos conocer lo que ofrecen las distintas regiones del pa\u00eds, desde Yucat\u00e1n hasta Baja California, en lo que debe ser un encuentro con la ra\u00edz nacionalista, para dejar de estar impulsando, a\u00fan cuando todo es respetable, los viajes hacia el exterior, sin conocer las bellezas de M\u00e9xico. El prop\u00f3sito es, tambi\u00e9n, acercar las culturas de todos los rincones de la Rep\u00fablica para que se conozcan por nacionales y extranjeros.<\/p>\n<p>De esta manera el presidente L\u00f3pez Obrador justifica el porqu\u00e9 sus recorridos a ras de la tierra: le ha dado la vuelta infinidad de veces al pa\u00eds y desea que todos lo conozcan. Y ratifica tambi\u00e9n su admiraci\u00f3n por las culturas \u2013una diversidad- de Oaxaca y, aunque \u00e9stas se han comercializado por el apetito de ganancia de algunos funcionarios, al ser rescatados por el gobierno federal y hacerlos para todo el pa\u00eds, gana la Rep\u00fablica. En las fiestas patrias, ahora Guelaguetza nacional, el Presidente usar\u00e1 la banda nacional, \u00fanicamente, aclar\u00f3.<\/p>\n<p style=\"text-align: center;\"><strong>TURBULENCIAS<br \/>\n<\/strong><strong>Acuerdan mesa permanente de di\u00e1logo<\/strong><\/p>\n<p>El presidente L\u00f3pez Obrador durante su pasada gira por Oaxaca \u2013la octava en ocho meses- ofreci\u00f3 a los pobladores de San Pedro y San Pablo Ayutla Mixes que este martes se resolver\u00eda su problema de falta de agua que enfrentan desde hace varios meses, derivado de un conflicto agrario con Tamazulapam del Esp\u00edritu Santa. Dijo que si no hab\u00eda soluci\u00f3n en esta fecha, ser\u00eda la propia titular de la Segob, Olga S\u00e1nchez Cordero, quien viajar\u00eda a Oaxaca a atender su problema. Se reunieron este martes el gobernador Alejandro Murat, la delegada federal Nancy Ort\u00edz y el defensor de los Derechos Humanos del Pueblo de Oaxaca, Bernardo Rodr\u00edguez Alamilla con las autoridades municipales y agrarias en conflicto. Se acord\u00f3 instalar una mesa permanente de di\u00e1logo para encontrar soluci\u00f3n al problema \u2013Ayutla exige a Tamazulapam la restituci\u00f3n de 25 predios-, y se precis\u00f3 que a lo largo de dos a\u00f1os se han efectuado 62 reuniones con el mismo prop\u00f3sito. La falta de agua en Ayutla, porque Tamazulapam la ataja,\u00a0 ha hecho que sus pobladores recurran a instancias internacionales y han logrado el apoyo de intelectuales para pedir la soluci\u00f3n del conflicto\u2026 En presencia del secretario ejecutivo del Sistema de Seguridad P\u00fablica de Oaxaca, Jos\u00e9 Manuel Vera Salinas,\u00a0 el alcalde de Santa Cruz Xoxocotl\u00e1n, Alejandro L\u00f3pez Jarqu\u00edn entreg\u00f3 uniformes y equipo t\u00e1ctico a elementos de la Comisi\u00f3n de Seguridad P\u00fablica y Vialidad, como parte del Programa de Fortalecimiento para la Seguridad (Fortaseg) 2019.<\/p>\n<p>\u201cEs mi compromiso brindar la protecci\u00f3n necesaria a quienes d\u00eda con d\u00eda salen a salvaguardar la seguridad de los habitantes de Xoxocotl\u00e1n, estas acciones abonan al desarrollo y profesionalizaci\u00f3n de nuestros cuerpos policiacos que est\u00e1n al servicio de la ciudadan\u00eda\u201d, expres\u00f3 el mun\u00edcipe.<\/p>\n<p><a href=\"mailto:asorianocarrasco@yahoo.com\" target=\"_blank\" rel=\"noopener noreferrer\"><em>asorianocarrasco@yahoo.com<\/em><\/a><br \/>\n<em><a href=\"https:\/\/twitter.com\/brecharevista\" target=\"_blank\" rel=\"noopener noreferrer\">@BrechaRevista<\/a><a href=\"mailto:asorianocarrasco@yahoo.com\" target=\"_blank\" rel=\"noopener noreferrer\"><br \/>\n<\/a><a href=\"https:\/\/revistabrecha.com\" target=\"_blank\" rel=\"noopener noreferrer\">www.revistabrecha.com<\/a><\/em><\/p>\n","protected":false},"excerpt":{"rendered":"<p><span style=\"color: #005497;\"><strong>\u00c1ngel Soriano<\/strong><\/span><\/p>\n","protected":false},"author":3,"featured_media":0,"comment_status":"open","ping_status":"open","sticky":false,"template":"","format":"standard","meta":{"_monsterinsights_skip_tracking":false,"_monsterinsights_sitenote_active":false,"_monsterinsights_sitenote_note":"","_monsterinsights_sitenote_category":0,"footnotes":""},"categories":[135],"tags":[85,86,43674],"class_list":["post-439726","post","type-post","status-publish","format-standard","hentry","category-angel-soriano-opinion","tag-angel-soriano","tag-desde-el-portal","tag-opinion"],"_links":{"self":[{"href":"https:\/\/www.diarioimagen.net\/index.php?rest_route=\/wp\/v2\/posts\/439726","targetHints":{"allow":["GET"]}}],"collection":[{"href":"https:\/\/www.diarioimagen.net\/index.php?rest_route=\/wp\/v2\/posts"}],"about":[{"href":"https:\/\/www.diarioimagen.net\/index.php?rest_route=\/wp\/v2\/types\/post"}],"author":[{"embeddable":true,"href":"https:\/\/www.diarioimagen.net\/index.php?rest_route=\/wp\/v2\/users\/3"}],"replies":[{"embeddable":true,"href":"https:\/\/www.diarioimagen.net\/index.php?rest_route=%2Fwp%2Fv2%2Fcomments&post=439726"}],"version-history":[{"count":0,"href":"https:\/\/www.diarioimagen.net\/index.php?rest_route=\/wp\/v2\/posts\/439726\/revisions"}],"wp:attachment":[{"href":"https:\/\/www.diarioimagen.net\/index.php?rest_route=%2Fwp%2Fv2%2Fmedia&parent=439726"}],"wp:term":[{"taxonomy":"category","embeddable":true,"href":"https:\/\/www.diarioimagen.net\/index.php?rest_route=%2Fwp%2Fv2%2Fcategories&post=439726"},{"taxonomy":"post_tag","embeddable":true,"href":"https:\/\/www.diarioimagen.net\/index.php?rest_route=%2Fwp%2Fv2%2Ftags&post=439726"}],"curies":[{"name":"wp","href":"https:\/\/api.w.org\/{rel}","templated":true}]}}