{"id":439735,"date":"2019-08-21T00:08:29","date_gmt":"2019-08-21T05:08:29","guid":{"rendered":"https:\/\/www.diarioimagen.net\/?p=439735"},"modified":"2019-08-21T02:36:11","modified_gmt":"2019-08-21T07:36:11","slug":"le-toca-a-amlo-definir-la-sana-distancia","status":"publish","type":"post","link":"https:\/\/www.diarioimagen.net\/?p=439735","title":{"rendered":"Le toca a AMLO definir la \u201csana distancia\u201d"},"content":{"rendered":"<h2>Clase Pol\u00edtica<\/h2>\n<h5>Miguel \u00c1ngel Rivera<\/h5>\n<p>&nbsp;<\/p>\n<p>En otras naciones se ha logrado establecer diferencias claras entre el gobierno y el partido que lo llev\u00f3 al poder, pero esa aspiraci\u00f3n, definida en M\u00e9xico como la \u201csana distancia\u201d entre el partido y el poder, no la han logrado materializar ni el PRI, ni el PAN, ni Morena.<\/p>\n<p>De hecho, los dos partidos que ha logrado superar al PRI en la lucha por la presidencia de la rep\u00fablica basaron gran parte de sus campa\u00f1as de descr\u00e9dito del tricolor en esa dependencia del partido respecto del primer mandatario, llamado burlonamente \u201cel primer priista de la naci\u00f3n\u201d.<\/p>\n<p style=\"text-align: center;\"><strong>Pero una cosa son las cr\u00edticas y otra la realidad<\/strong><\/p>\n<p>Como ejemplo de lo ocurrido en el PAN basta recordar que Felipe Calder\u00f3n, luego de ser derrotado en las urnas, tuvo que padecer las cr\u00edticas de sus propios compa\u00f1eros de partido, que pr\u00e1cticamente lo acusaron de traidor por no haber apoyado lo suficiente a la candidata a sucederlo, la ahora senadora Josefina V\u00e1zquez Mota.<\/p>\n<p>El tema de la dependencia respecto del poder p\u00fablico tambi\u00e9n fue tema del mensaje del nuevo presidente del PRI, Alejandro Moreno C\u00e1rdenas, quien en su reciente toma de posesi\u00f3n tuvo que recordar a propios y extra\u00f1os que su llegada a la presidencia del partido no depende de ninguna autoridad, sino del voto de sus bases.<\/p>\n<p>En contra de su deseo de no aparecer como jefe real de su Movimiento de Regeneraci\u00f3n Nacional (Morena), el presidente L\u00f3pez Obrador ha sido obligado a tomar posici\u00f3n respecto a la disputa por la presidencia de la C\u00e1mara de Senadores, la cual ha enfrentado al coordinador de los \u201cmorenos\u201d, Ricardo Monreal \u00c1vila, y al virtual ex presidente de ese cuerpo legislativo, Mart\u00ed Batres Guadarrama, quien contin\u00faa la lucha hasta el l\u00edmite para repetir en el cargo.<\/p>\n<p>En su conferencia ma\u00f1anera, L\u00f3pez Obrador aprovech\u00f3 la disputa en el Senado para advertir que quienes se dedican a la pol\u00edtica deben poner por delante los ideales y principios.<\/p>\n<p>\u201cNo ayudan quienes s\u00f3lo piensan en sus intereses personales, tiene que haber m\u00edstica, convicciones, entrega total a la causa p\u00fablica. No son los cargos lo que debe de importar, sino la contribuci\u00f3n a los cambios, en este caso a la trasformaci\u00f3n del pa\u00eds\u201d, expres\u00f3 el primer mandatario, aunque aclar\u00f3 que en el trabajo pol\u00edtico tiene que haber discrepancias, pol\u00e9mica y libertad.<\/p>\n<p>L\u00f3pez Obrador neg\u00f3 las diferencias ruptura entre los legisladores \u201cmorenos\u201d afecte las reformas que plantea su gobierno, toda vez que las propuestas que se hacen al Congreso son para beneficiar al pueblo, \u201centonces no solo los legisladores de Morena, sino de otros partidos nos est\u00e1n apoyando y aprueban nuestra iniciativas de ley\u201d.<\/p>\n<p>Sin embargo, en su estilo cr\u00edptico, el jefe del Ejecutivo se volvi\u00f3 a referir al \u201cpueblo sabio\u201d que sabe distinguir entre los funcionarios que realmente cumplen su responsabilidad y los que s\u00f3lo son \u201ctrepadores\u201d.<\/p>\n<p>\u201cEl pueblo de M\u00e9xico tiene un instinto certero, sabe qui\u00e9n habla con la verdad, qui\u00e9n tiene buenos sentimientos, qui\u00e9n se preocupa por ayudarlos y qui\u00e9n es un trepador, un oportunista, un politiquero\u201d, afirm\u00f3 el primer mandatario.<\/p>\n<p>Aparte de la necesidad de guardar distancias, el optimismo del presidente y l\u00edder real de Morena no parece estar bien sustentado, pues ayer continu\u00f3 el debate entre Batres y Monreal, adem\u00e1s de que se vienen, como lo hemos comentado anteriormente, otros fuertes enfrentamientos, por la presidencia del partido y de la C\u00e1mara de Diputados.<\/p>\n<p style=\"text-align: center;\"><strong>Otras tormentas por venir<\/strong><\/p>\n<p>Los consejeros nacionales de Morena estaban convocados para una reuni\u00f3n ayer por la tarde, de la cual se conocer\u00e1n resultados, luego de la hora de cierre de esta columna.<\/p>\n<p>Ese encuentro es para revisar la convocatoria a elecciones, lo cual para muchos analistas pronostica un \u201cagarr\u00f3n\u201d entre el Comit\u00e9 Ejecutivo Nacional encabezado por Yeidckol Polevnsky y miembros del Consejo Nacional, los cuales no est\u00e1n de acuerdo con lo que consideran \u201cmadruguete\u201d de la presidenta saliente al dar a conocer una convocatoria para la elecci\u00f3n de nueva dirigencia, el venidero 20 de noviembre, que fue elaborada entre ella y sus incondicionales.<\/p>\n<p>Integrantes del Consejo Nacional decidieron convocar a una reuni\u00f3n para determinar lo que procede para lanzar una convocatoria respaldada por todos, en la cual deber\u00e1n participar los miembros del CEN as\u00ed como los integrantes de la Comisi\u00f3n Nacional de Elecciones y a la Comisi\u00f3n Nacional de Honestidad y Justicia (CNHJ). El \u00fanico tema, indica la convocatoria, ser\u00e1 aprobar y publicar la convocatoria al Congreso Nacional del 20 de noviembre.<\/p>\n<p>La presidenta del Consejo Nacional de Morena y precandidata a encabezar el partido, Bertha Luj\u00e1n, sostuvo que en su instituto pol\u00edtico se construye la unidad a trav\u00e9s del di\u00e1logo, con estricto apego a sus documentos b\u00e1sicos.<\/p>\n<p>Por el contrario, el pasado domingo, Polevnsky sostuvo que estatutariamente lanzar la convocatoria es una facultad exclusiva del CEN que ella encabeza.<\/p>\n<p style=\"text-align: center;\"><strong>Conflicto del Senado no est\u00e1 concluido<\/strong><\/p>\n<p>A pesar del llamado del presidente L\u00f3pez Obrador y de los intentos de Monreal por dar por concluido el cap\u00edtulo del enfrentamiento con Mart\u00ed Batres, el casi ex presidente de Senado anunci\u00f3 que continuar\u00e1 la lucha para conservar el cargo, para lo cual interpondr\u00e1 una queja ante la comisi\u00f3n de Honor y Justicia de Morena en un intento porque se reponga el proceso interno en la bancada de ese partido en el Senado.<\/p>\n<p>A pesar de su beligerancia, Batres se neg\u00f3 a revelar, como lo solicit\u00f3 Monreal, en qu\u00e9 basa sus denuncias acerca de los supuestos \u201cca\u00f1onazos\u201d, chantajes y presiones de que fueron objeto legisladores afines a su candidatura para retirarle su apoyo.<\/p>\n<p>\u201cNo me retracto de lo que dije, as\u00ed lo viv\u00ed y as\u00ed se vivi\u00f3. Todos los procesos hist\u00f3ricos salen a\u00a0 flote y cada quien comentar\u00e1 su historia\u201d, coment\u00f3 Batres.<\/p>\n<p>En su intento de restar presi\u00f3n al conflicto con Batres, el coordinador de los senadores de Morena, Ricardo Monreal, inform\u00f3 que el Senado de la Rep\u00fablica mantendr\u00e1 su pol\u00edtica de austeridad y sobriedad, por lo cual no solicitar\u00e1 aumento a su presupuesto para el Ejercicio Fiscal 2020.<\/p>\n<p>En contra de lo anunciado por el presidente de la Comisi\u00f3n de Hacienda de la C\u00e1mara de Diputados, Alfonso Ram\u00edrez Cu\u00e9llar que analiza posibilidad de revivir el impuesto a la tenencia de autos, y en respaldo de L\u00f3pez Obrador, quien repiti\u00f3 que no habr\u00e1 aumento en las cargas fiscales, Monreal anticip\u00f3 tambi\u00e9n que la Ley de Ingresos de 2020 no tendr\u00e1 variaci\u00f3n ni nuevos impuestos, pero en materia del gasto s\u00ed habr\u00e1 demandas para educaci\u00f3n, infraestructura y universidades, entre otras.<\/p>\n<p>En tanto, el presidente de la Comisi\u00f3n de Hacienda, Alejandro Armenta Mier, adelant\u00f3 que en el Paquete Econ\u00f3mico 2020, que presentar\u00e1 el Ejecutivo en septiembre pr\u00f3ximo, el objetivo central consiste en cumplir con las justicias social y tributaria.<\/p>\n<p>\u201cJusticia tributaria significa que paguen m\u00e1s los que ganan m\u00e1s, y paguen menos los que ganan menos, simple. Y justicia distributiva significa que, alejados de la corrupci\u00f3n, del abuso del poder, del saqueo, los recursos lleguen al pueblo, y que se atienda la prioridad que el Plan Nacional de Desarrollo y las aspiraciones sociales que se tienen\u201d, aclar\u00f3 el legislador de Morena.<\/p>\n<p style=\"text-align: center;\"><strong>Hay, tambi\u00e9n \u201cca\u00f1onazos\u201d de salva<\/strong><\/p>\n<p>A prop\u00f3sito de \u201cca\u00f1onazos\u201d para convencer a legisladores, al fin se aclar\u00f3 el tema en contra de Alejandro Miramontes Armenta, administrador de la Aduana de Mexicali, quien hab\u00eda sido acusado por el presidente de la Mesa Directiva de la XXII Legislatura del Estado de Baja California (la cual ya concluy\u00f3 funciones), Edgar Benjam\u00edn G\u00f3mez Mac\u00edas, de corrupci\u00f3n y haber estado sobornando legisladores para que votaran a favor de la \u201cLey Bonilla\u201d tendiente a ampliar de dos a cinco a\u00f1os el periodo para el pr\u00f3ximo gobernador de ese estado fronterizo. Por medio de una carta dada a conocer a los medios, G\u00f3mez Mac\u00edas valid\u00f3 la honestidad de Miramontes Armenta, a quien hab\u00eda acusado de ofrecer millones de pesos a los diputados locales que votaran a favor de la mencionada reforma.<\/p>\n<p>En su misiva, G\u00f3mez Mac\u00edas, aclar\u00f3 que la acusaci\u00f3n la hizo en el marco de la efervescencia del ambiente pol\u00edtico electoral y que \u00fanicamente implic\u00f3 a Miramontes Armenta como estrategia pol\u00edtica, pero que de hecho nadie le ofreci\u00f3 dinero. Incluso se atrevi\u00f3 a aclarar que en realidad ni conoce a Miramontes Armenta, por lo que le ofreci\u00f3 una disculpa \u201cpor los inconvenientes\u201d.<\/p>\n<p><em><a href=\"mailto:riverapaz@infinitummail.com\" target=\"_blank\" rel=\"noopener noreferrer\">riverapaz@infinitummail.com<\/a><\/em><\/p>\n","protected":false},"excerpt":{"rendered":"<p><span style=\"color: #005497;\"><strong>Miguel \u00c1ngel Rivera<\/strong><\/span><\/p>\n","protected":false},"author":3,"featured_media":0,"comment_status":"open","ping_status":"open","sticky":false,"template":"","format":"standard","meta":{"_monsterinsights_skip_tracking":false,"_monsterinsights_sitenote_active":false,"_monsterinsights_sitenote_note":"","_monsterinsights_sitenote_category":0,"footnotes":""},"categories":[84119],"tags":[84120,84121,43674],"class_list":["post-439735","post","type-post","status-publish","format-standard","hentry","category-miguel-angel-rivera","tag-clase-politica","tag-miguel-angel-rivera","tag-opinion"],"_links":{"self":[{"href":"https:\/\/www.diarioimagen.net\/index.php?rest_route=\/wp\/v2\/posts\/439735","targetHints":{"allow":["GET"]}}],"collection":[{"href":"https:\/\/www.diarioimagen.net\/index.php?rest_route=\/wp\/v2\/posts"}],"about":[{"href":"https:\/\/www.diarioimagen.net\/index.php?rest_route=\/wp\/v2\/types\/post"}],"author":[{"embeddable":true,"href":"https:\/\/www.diarioimagen.net\/index.php?rest_route=\/wp\/v2\/users\/3"}],"replies":[{"embeddable":true,"href":"https:\/\/www.diarioimagen.net\/index.php?rest_route=%2Fwp%2Fv2%2Fcomments&post=439735"}],"version-history":[{"count":0,"href":"https:\/\/www.diarioimagen.net\/index.php?rest_route=\/wp\/v2\/posts\/439735\/revisions"}],"wp:attachment":[{"href":"https:\/\/www.diarioimagen.net\/index.php?rest_route=%2Fwp%2Fv2%2Fmedia&parent=439735"}],"wp:term":[{"taxonomy":"category","embeddable":true,"href":"https:\/\/www.diarioimagen.net\/index.php?rest_route=%2Fwp%2Fv2%2Fcategories&post=439735"},{"taxonomy":"post_tag","embeddable":true,"href":"https:\/\/www.diarioimagen.net\/index.php?rest_route=%2Fwp%2Fv2%2Ftags&post=439735"}],"curies":[{"name":"wp","href":"https:\/\/api.w.org\/{rel}","templated":true}]}}