{"id":439875,"date":"2019-08-22T00:07:50","date_gmt":"2019-08-22T05:07:50","guid":{"rendered":"https:\/\/www.diarioimagen.net\/?p=439875"},"modified":"2019-08-22T06:23:23","modified_gmt":"2019-08-22T11:23:23","slug":"celebran-congreso-de-empoderamiento-y-liderazgo-para-mujeres-naucalpan-2019","status":"publish","type":"post","link":"https:\/\/www.diarioimagen.net\/?p=439875","title":{"rendered":"Celebran Congreso de Empoderamiento y Liderazgo para Mujeres Naucalpan 2019"},"content":{"rendered":"<ul>\n<li><strong><em>Unen esfuerzos a favor de las f\u00e9minas<\/em><\/strong><\/li>\n<\/ul>\n<p>&nbsp;<\/p>\n<div id=\"attachment_439955\" style=\"width: 470px\" class=\"wp-caption aligncenter\"><a href=\"https:\/\/www.diarioimagen.net\/?attachment_id=439955\" rel=\"attachment wp-att-439955\"><img loading=\"lazy\" decoding=\"async\" aria-describedby=\"caption-attachment-439955\" class=\"size-large wp-image-439955\" src=\"https:\/\/www.diarioimagen.net\/wp-content\/uploads\/2019\/08\/NAUCALPAN-22-460x259.jpg\" alt=\"\" width=\"460\" height=\"259\" srcset=\"https:\/\/www.diarioimagen.net\/wp-content\/uploads\/2019\/08\/NAUCALPAN-22-460x259.jpg 460w, https:\/\/www.diarioimagen.net\/wp-content\/uploads\/2019\/08\/NAUCALPAN-22-240x135.jpg 240w, https:\/\/www.diarioimagen.net\/wp-content\/uploads\/2019\/08\/NAUCALPAN-22-235x132.jpg 235w, https:\/\/www.diarioimagen.net\/wp-content\/uploads\/2019\/08\/NAUCALPAN-22-202x114.jpg 202w, https:\/\/www.diarioimagen.net\/wp-content\/uploads\/2019\/08\/NAUCALPAN-22-350x196.jpg 350w, https:\/\/www.diarioimagen.net\/wp-content\/uploads\/2019\/08\/NAUCALPAN-22-220x123.jpg 220w, https:\/\/www.diarioimagen.net\/wp-content\/uploads\/2019\/08\/NAUCALPAN-22-237x132.jpg 237w, https:\/\/www.diarioimagen.net\/wp-content\/uploads\/2019\/08\/NAUCALPAN-22.jpg 480w\" sizes=\"auto, (max-width: 460px) 100vw, 460px\" \/><\/a><p id=\"caption-attachment-439955\" class=\"wp-caption-text\">La alcaldesa, Patricia Dur\u00e1n Reveles, se\u00f1al\u00f3 que el encuentro se da ante la necesidad de impulsar econ\u00f3micamente al 60 por ciento de las naucalpenses.<\/p><\/div>\n<p>&nbsp;<\/p>\n<p><strong>Naucalpan, Estado de M\u00e9xico<\/strong>.- Con la presencia de 300 mujeres, inici\u00f3 el primer Congreso de Empoderamiento y Liderazgo para Mujeres Naucalpan 2019, en el Centro de Exposiciones, Ferias y Eventos (CEFE) del Parque Naucalli.<\/p>\n<p>La alcaldesa, Patricia Dur\u00e1n Reveles, se\u00f1al\u00f3 que el encuentro se da ante la necesidad de impulsar econ\u00f3micamente al 60 por ciento de las naucalpenses, que en ocasiones toleran violencia de g\u00e9nero por no tener independencia econ\u00f3mica para defenderse.<\/p>\n<p>Record\u00f3 que, por ese motivo, de los 30 millones de pesos que se otorgar\u00e1n a emprendedores durante 2019, el 80 por ciento ser\u00e1 para mujeres. Anunci\u00f3 que a la fecha se ha beneficiado a m\u00e1s de 500 habitantes de la demarcaci\u00f3n con esta pol\u00edtica p\u00fablica.<\/p>\n<p>\u201cTenemos que trabajar permanentemente para que las mujeres tengan una buena educaci\u00f3n e inserci\u00f3n laboral. Necesitamos estar empoderadas y empoderar cada d\u00eda a otras mujeres\u201d, indic\u00f3 Dur\u00e1n Reveles.<\/p>\n<p>Durante el evento organizado por la Secretar\u00eda de las Mujeres Naucalpenses y la igualdad sustantiva, hubo ponencias, conferencias, mesas redondas y talleres orientados al desarrollo econ\u00f3mico y personal, liderazgo y lucha contra la violencia de g\u00e9nero.<\/p>\n<p>En la inauguraci\u00f3n, la Mun\u00edcipe estuvo acompa\u00f1ada por la diputada federal Martha Ang\u00e9lica Tagle Mart\u00ednez; Melissa Vargas Camacho, titular del Consejo Estatal de la Mujer y Bienestar Social; la titular de la Secretar\u00eda de las Mujeres Naucalpenses y la Igualdad Sustantiva, Adriana Gonz\u00e1lez Furlong, y la Tercera S\u00edndica, Sandra Le\u00f3n Hern\u00e1ndez.<\/p>\n","protected":false},"excerpt":{"rendered":"<p>Con la presencia de 300 mujeres, inici\u00f3 el primer Congreso de Empoderamiento y Liderazgo para Mujeres Naucalpan 2019, en el Centro de Exposiciones, Ferias y Eventos (CEFE) del Parque Naucalli.<\/p>\n","protected":false},"author":3,"featured_media":439955,"comment_status":"open","ping_status":"open","sticky":false,"template":"","format":"standard","meta":{"_monsterinsights_skip_tracking":false,"_monsterinsights_sitenote_active":false,"_monsterinsights_sitenote_note":"","_monsterinsights_sitenote_category":0,"footnotes":""},"categories":[5],"tags":[87430,66529,43675,87431,970],"class_list":["post-439875","post","type-post","status-publish","format-standard","has-post-thumbnail","hentry","category-estado-de-mexico","tag-centro-de-exposiciones","tag-empoderamiento","tag-estado-de-mexico","tag-ferias-y-eventos","tag-naucalpan"],"_links":{"self":[{"href":"https:\/\/www.diarioimagen.net\/index.php?rest_route=\/wp\/v2\/posts\/439875","targetHints":{"allow":["GET"]}}],"collection":[{"href":"https:\/\/www.diarioimagen.net\/index.php?rest_route=\/wp\/v2\/posts"}],"about":[{"href":"https:\/\/www.diarioimagen.net\/index.php?rest_route=\/wp\/v2\/types\/post"}],"author":[{"embeddable":true,"href":"https:\/\/www.diarioimagen.net\/index.php?rest_route=\/wp\/v2\/users\/3"}],"replies":[{"embeddable":true,"href":"https:\/\/www.diarioimagen.net\/index.php?rest_route=%2Fwp%2Fv2%2Fcomments&post=439875"}],"version-history":[{"count":0,"href":"https:\/\/www.diarioimagen.net\/index.php?rest_route=\/wp\/v2\/posts\/439875\/revisions"}],"wp:featuredmedia":[{"embeddable":true,"href":"https:\/\/www.diarioimagen.net\/index.php?rest_route=\/wp\/v2\/media\/439955"}],"wp:attachment":[{"href":"https:\/\/www.diarioimagen.net\/index.php?rest_route=%2Fwp%2Fv2%2Fmedia&parent=439875"}],"wp:term":[{"taxonomy":"category","embeddable":true,"href":"https:\/\/www.diarioimagen.net\/index.php?rest_route=%2Fwp%2Fv2%2Fcategories&post=439875"},{"taxonomy":"post_tag","embeddable":true,"href":"https:\/\/www.diarioimagen.net\/index.php?rest_route=%2Fwp%2Fv2%2Ftags&post=439875"}],"curies":[{"name":"wp","href":"https:\/\/api.w.org\/{rel}","templated":true}]}}