{"id":439877,"date":"2019-08-22T00:06:12","date_gmt":"2019-08-22T05:06:12","guid":{"rendered":"https:\/\/www.diarioimagen.net\/?p=439877"},"modified":"2019-08-22T06:26:29","modified_gmt":"2019-08-22T11:26:29","slug":"fiscalia-regional-pacta-con-comerciantes-por-combate-a-venta-de-celulares-robados","status":"publish","type":"post","link":"https:\/\/www.diarioimagen.net\/?p=439877","title":{"rendered":"Fiscal\u00eda regional pacta con comerciantes por combate a venta de celulares robados"},"content":{"rendered":"<ul>\n<li><strong><em>Mecanismos para inhibir robo en transporte p\u00fablico, en Tultitl\u00e1n<\/em><\/strong><\/li>\n<\/ul>\n<p>&nbsp;<\/p>\n<div id=\"attachment_439958\" style=\"width: 470px\" class=\"wp-caption aligncenter\"><a href=\"https:\/\/www.diarioimagen.net\/?attachment_id=439958\" rel=\"attachment wp-att-439958\"><img loading=\"lazy\" decoding=\"async\" aria-describedby=\"caption-attachment-439958\" class=\"size-large wp-image-439958\" src=\"https:\/\/www.diarioimagen.net\/wp-content\/uploads\/2019\/08\/TULTIL\u00c1N-22-460x259.jpg\" alt=\"\" width=\"460\" height=\"259\" srcset=\"https:\/\/www.diarioimagen.net\/wp-content\/uploads\/2019\/08\/TULTIL\u00c1N-22-460x259.jpg 460w, https:\/\/www.diarioimagen.net\/wp-content\/uploads\/2019\/08\/TULTIL\u00c1N-22-240x135.jpg 240w, https:\/\/www.diarioimagen.net\/wp-content\/uploads\/2019\/08\/TULTIL\u00c1N-22-235x132.jpg 235w, https:\/\/www.diarioimagen.net\/wp-content\/uploads\/2019\/08\/TULTIL\u00c1N-22-202x114.jpg 202w, https:\/\/www.diarioimagen.net\/wp-content\/uploads\/2019\/08\/TULTIL\u00c1N-22-350x196.jpg 350w, https:\/\/www.diarioimagen.net\/wp-content\/uploads\/2019\/08\/TULTIL\u00c1N-22-220x123.jpg 220w, https:\/\/www.diarioimagen.net\/wp-content\/uploads\/2019\/08\/TULTIL\u00c1N-22-237x132.jpg 237w, https:\/\/www.diarioimagen.net\/wp-content\/uploads\/2019\/08\/TULTIL\u00c1N-22.jpg 480w\" sizes=\"auto, (max-width: 460px) 100vw, 460px\" \/><\/a><p id=\"caption-attachment-439958\" class=\"wp-caption-text\">El fiscal regional de Cuautitl\u00e1n, Juan Minutti L\u00f3pez, encabez\u00f3 el encuentro para combatir los \u00edndices de delincuencia.<\/p><\/div>\n<p>&nbsp;<\/p>\n<p><strong>\u00a0Tultitl\u00e1n, Estado de M\u00e9xico<\/strong>.- Con el prop\u00f3sito de establecer los mecanismos necesarios para inhibir el robo de celulares en transporte p\u00fablico y estos sean comercializados ilegalmente en\u00a0 el tianguis de la demarcaci\u00f3n, la actual administraci\u00f3n encabezada por la alcaldesa Elena Garc\u00eda Mart\u00ednez en coordinaci\u00f3n con la Direcci\u00f3n de Seguridad Ciudadana, Vialidad y Protecci\u00f3n Civil y la Fiscal\u00eda Regional de Cuautitl\u00e1n llevaron a cabo una reuni\u00f3n con delegados y l\u00edderes tianguistas para prohibir la venta de celulares de dudosa procedencia.<\/p>\n<p>Dicha reuni\u00f3n tuvo lugar en el auditorio Mariano Escobedo del palacio municipal de Tultitl\u00e1n, donde decenas de l\u00edderes tianguistas de las tres zonas del municipio pactaron con los tres \u00f3rdenes de gobierno para prohibir a comerciantes que vendan celulares de dudosa procedencia.<\/p>\n<p>En su mensaje, el fiscal regional de Cuautitl\u00e1n, Juan Minutti L\u00f3pez coment\u00f3 que \u201ceste tema es de suma importancia porque el trabajo en conjunto con cada delegado y autoridades competentes har\u00e1 que la ciudadan\u00eda no compre objetos robados y bajar la incidencia delictiva en estos establecimientos semifijos\u201d.<\/p>\n<p>Abund\u00f3 tambi\u00e9n que al comercio que incumpla con estas disposiciones se le decomisar\u00e1 la mercanc\u00eda y ser\u00e1n sancionados ante la ley y a\u00f1adi\u00f3 que la idea es que el ciudadano que sufra un robo pueda bloquear su tel\u00e9fono para que no pueda ser usado en il\u00edcitos.<\/p>\n<p>Se\u00f1al\u00f3 la importancia de concientizar a la poblaci\u00f3n de la necesidad guardar el IMEI en un lugar seguro y accesible para, en caso de requerirlo, proporcionarlo en el portal hacer el bloqueo.<\/p>\n<p>Finalmente, la mun\u00edcipe Elena Garc\u00eda exhort\u00f3 a la ciudadan\u00eda a realizar sus denuncias; existen 13 fiscal\u00edas en el estado de M\u00e9xico y nos compete la regi\u00f3n de Cuautitl\u00e1n por lo que buscamos\u00a0 fortalecer el trabajo preventivo para evitar robo de tel\u00e9fonos m\u00f3viles.<\/p>\n","protected":false},"excerpt":{"rendered":"<p>Con el prop\u00f3sito de establecer los mecanismos necesarios para inhibir el robo de celulares en transporte p\u00fablico y estos sean comercializados ilegalmente en\u00a0 el tianguis de la demarcaci\u00f3n, la actual administraci\u00f3n encabezada por la alcaldesa Elena Garc\u00eda Mart\u00ednez en coordinaci\u00f3n con la Direcci\u00f3n de Seguridad Ciudadana, Vialidad y Protecci\u00f3n Civil y la Fiscal\u00eda Regional de Cuautitl\u00e1n llevaron a cabo una reuni\u00f3n con delegados y l\u00edderes tianguistas para prohibir la venta de celulares de dudosa procedencia.<\/p>\n","protected":false},"author":3,"featured_media":439958,"comment_status":"open","ping_status":"open","sticky":false,"template":"","format":"standard","meta":{"_monsterinsights_skip_tracking":false,"_monsterinsights_sitenote_active":false,"_monsterinsights_sitenote_note":"","_monsterinsights_sitenote_category":0,"footnotes":""},"categories":[5],"tags":[5333,43675,87432,578],"class_list":["post-439877","post","type-post","status-publish","format-standard","has-post-thumbnail","hentry","category-estado-de-mexico","tag-celulares","tag-estado-de-mexico","tag-robados","tag-tultitlan"],"_links":{"self":[{"href":"https:\/\/www.diarioimagen.net\/index.php?rest_route=\/wp\/v2\/posts\/439877","targetHints":{"allow":["GET"]}}],"collection":[{"href":"https:\/\/www.diarioimagen.net\/index.php?rest_route=\/wp\/v2\/posts"}],"about":[{"href":"https:\/\/www.diarioimagen.net\/index.php?rest_route=\/wp\/v2\/types\/post"}],"author":[{"embeddable":true,"href":"https:\/\/www.diarioimagen.net\/index.php?rest_route=\/wp\/v2\/users\/3"}],"replies":[{"embeddable":true,"href":"https:\/\/www.diarioimagen.net\/index.php?rest_route=%2Fwp%2Fv2%2Fcomments&post=439877"}],"version-history":[{"count":0,"href":"https:\/\/www.diarioimagen.net\/index.php?rest_route=\/wp\/v2\/posts\/439877\/revisions"}],"wp:featuredmedia":[{"embeddable":true,"href":"https:\/\/www.diarioimagen.net\/index.php?rest_route=\/wp\/v2\/media\/439958"}],"wp:attachment":[{"href":"https:\/\/www.diarioimagen.net\/index.php?rest_route=%2Fwp%2Fv2%2Fmedia&parent=439877"}],"wp:term":[{"taxonomy":"category","embeddable":true,"href":"https:\/\/www.diarioimagen.net\/index.php?rest_route=%2Fwp%2Fv2%2Fcategories&post=439877"},{"taxonomy":"post_tag","embeddable":true,"href":"https:\/\/www.diarioimagen.net\/index.php?rest_route=%2Fwp%2Fv2%2Ftags&post=439877"}],"curies":[{"name":"wp","href":"https:\/\/api.w.org\/{rel}","templated":true}]}}