{"id":439931,"date":"2019-08-22T00:07:22","date_gmt":"2019-08-22T05:07:22","guid":{"rendered":"https:\/\/www.diarioimagen.net\/?p=439931"},"modified":"2019-08-22T05:06:44","modified_gmt":"2019-08-22T10:06:44","slug":"pena-nieto-el-gran-solitario","status":"publish","type":"post","link":"https:\/\/www.diarioimagen.net\/?p=439931","title":{"rendered":"Pe\u00f1a Nieto, el gran solitario"},"content":{"rendered":"<h2>\u00a1Que conste,.. son reflexiones!<\/h2>\n<h5>S\u00f3crates A. Campos Lemus<\/h5>\n<p>&nbsp;<\/p>\n<p>Un pol\u00edtico encumbrado, gozando de las mieles del poder, aun en las condiciones de la austeridad, debe sentirse pleno, cuando rodeado de gente de todo tipo lo \u00fanico que escucha son alabanzas sobre su talento, inteligencia y visi\u00f3n y, cuando al paso del tiempo, donde se viene a dar cuenta de que es el \u201cgran solitario\u201d, que todo lo que le rodeaba era falso o se terminaba al concluir los tiempos del poder, con toda seguridad se tiene que enfrentar a la muerte chiquita: la soledad. No todos pueden lidiar con la soledad, la educaci\u00f3n lo muestra siempre como un ser social rodeado y al servicio o con el servicio de los dem\u00e1s, nadie salvo en algunos casos especiales y en culturas diferentes a la nuestra se ense\u00f1a que al primer demonio al que uno debe de enfrentar es a uno mismo, a su soledad, ah\u00ed no hay enga\u00f1os, todo es claro y por ello, la cr\u00edtica y la autocr\u00edtica poco estudiada y generada por los pol\u00edticos la dejan a un lado y as\u00ed, cuando tienen la obligaci\u00f3n de dejar las mieles del poder y entrar a lo suyo con su yo interno, pocos pueden superar los estragos de ese encuentro, por ello, se refugian en los \u201cdeportes\u201d y las muchas reuniones sin sentido, pero con gente, para sentir que est\u00e1n haciendo algo con su vida y esto es lo que dicen algunos ahora, sucede al ex presidente Pe\u00f1a Nieto y a los dem\u00e1s que solamente se la pasan rumiando que sus tiempos fueron mejores y que al final de cuentas creen que ser\u00e1n indispensables cuando no se dan cuenta que el tiempo pasa y los va destruyendo en lo f\u00edsico y lo intelectual, porque no se dan cuenta que sostuvieron un poder que, en algunos casos, no merec\u00edan y en otros no supieron cumplir como se obligaba en los tiempos y las circunstancias para el beneficio del pa\u00eds y no para su beneficio con el de sus cuates\u2026 que cuando los ven en ca\u00edda los ignoran o los rechazan o niegan\u2026 por eso, la soledad es vital para que al conocerla puedan encaminar sus pasos como seres normales que pueden andar por las calles y salir a donde se les venga en gana y no como ahora lo hacen todos, ocultos en sus cotos de poder, esperando que pase el tiempo y se olviden de ellos\u2026<\/p>\n<p>En el tiempo que he vivido, siempre he escuchado a los pol\u00edticos decir que ellos se preparan para el poder, seducen a muchos para que les sirvan y les pongan el incienso para darles olor y sabor, pero no he escuchado a los pol\u00edticos decir que se preparan, tambi\u00e9n, para dejar el poder, para reflexionar los tiempos que estuvieron en la silla y al lado de los hombres y mujeres m\u00e1s poderosos del pa\u00eds, suspiran y hacen en sus casas los nichos de la EGOTECA, llena de fotos y condecoraciones, de viajes y recuerdos, de regalos, como si al final de todo ese inmenso poder lo \u00fanico que queda son esas fotos y recuerdos, sin m\u00e1s valor que los que ellos les brindan. Pocos hombres de poder siguen leyendo y saliendo a las calles para confrontar la realidad y conocer lo que la gente com\u00fan dice sobre los temas del d\u00eda, no, se re\u00fanen con sus \u201cpares\u201d y, entre ellos, se cuentan mentiras y soledades, pero no realidades, el tacto \u201cpol\u00edtico\u201d es lo que impera en esas platicas ma\u00f1aneras, para despu\u00e9s entrar en las soledades o recibiendo a algunos amigos para continuar con esos temas trillados y dejados al garete, los que no pudieron resolver, los que resolvieron, pero no por su talento, sino porque alg\u00fan estudioso les dio el tip y lo tomaron como un modela para salir delante de algunos temas y, seguramente, se preocupan mucho m\u00e1s porque no se descubran sus defectos y errores, porque si algo no soportan es la cr\u00edtica y menos ejercen la autocr\u00edtica para su bien y bienestar, por ello son los grandes solitarios y, si ese es el pago por el poder pues muchos lo deben de pensar, claro, pero la ambici\u00f3n oculta la realidad y genera el brillo del oro falso para que caigan en sus garras, sin duda, para ser pol\u00edtico o dedicarse a la pol\u00edtica, debe tenerse mucha ambici\u00f3n y mucho ego, lo dem\u00e1s, vendr\u00e1 despu\u00e9s, y no se piensa en la soledad ni en que el tiempo pasa.<\/p>\n<p>Y en los nuevos tiempos tambi\u00e9n deben pensar en que las cosas cambian y que podr\u00edan caer en la c\u00e1rcel porque al final de cuentas son temas de pol\u00edtica y esto tambi\u00e9n puede suceder, sobre todo, cuando el \u201cpueblo sabio\u201d tiene mucho odio y rencor, resentimiento, encabronamiento y algunos deben de saciar su hambre de venganza, si no de justicia y, entre esos sabrosos bocados pues ahora, por las condiciones y los tiempos, est\u00e1n ellos mismos, a pesar de los acuerdos serios o no, que se hayan generado, total, \u00bfqui\u00e9n cabrones saldr\u00e1 a las calles demandando su libertad?, pues nadie, al contrario, se escuchar\u00e1n los gritos y los aplausos y el nuevo \u201cTlatoani\u201d tendr\u00e1 el reconocimiento de ese evento, aunque en el fondo no lo quiera, como dice, que no quiere enlodar ni ajusticiar a los ex presidentes, pero aclara que, al final de cuentas, los que mandan son las voces y los reclamos del pueblo sabio y as\u00ed, cuando menos, \u00a0no cargar\u00e1 en la conciencia el encarcelamiento y los juicios de sus antecesores, sabe que el mundo da muchas vueltas y que al final de cuentas: las reses de hoy podr\u00edan ser los carniceros del ma\u00f1ana\u201d y bueno, a lo mejor, ya lo vieron con Lula en Brasil, y eso, pone en alerta a los de hoy\u2026mientras tanto, los pol\u00edticos deber\u00edan entender que todo termina no terminando y que lo importante es saber vivir en la soledad, con uno mismo, tranquilo en la conciencia, lo dem\u00e1s, es falso.<\/p>\n<p><a href=\"mailto:socrates_campos8@yahoo.com.mx\" target=\"_blank\" rel=\"noopener noreferrer\"><em>socrates_campos8@yahoo.com.mx<\/em><\/a><\/p>\n","protected":false},"excerpt":{"rendered":"<p><span style=\"color: #005497;\"><strong>S\u00f3crates A. Campos Lemus<\/strong><\/span><\/p>\n","protected":false},"author":3,"featured_media":0,"comment_status":"open","ping_status":"open","sticky":false,"template":"","format":"standard","meta":{"_monsterinsights_skip_tracking":false,"_monsterinsights_sitenote_active":false,"_monsterinsights_sitenote_note":"","_monsterinsights_sitenote_category":0,"footnotes":""},"categories":[82147],"tags":[82149,43674,82150,82148],"class_list":["post-439931","post","type-post","status-publish","format-standard","hentry","category-socrates-a-campos-lemus","tag-son-reflexiones","tag-opinion","tag-socrates-a-campos-lemus","tag-que-conste"],"_links":{"self":[{"href":"https:\/\/www.diarioimagen.net\/index.php?rest_route=\/wp\/v2\/posts\/439931","targetHints":{"allow":["GET"]}}],"collection":[{"href":"https:\/\/www.diarioimagen.net\/index.php?rest_route=\/wp\/v2\/posts"}],"about":[{"href":"https:\/\/www.diarioimagen.net\/index.php?rest_route=\/wp\/v2\/types\/post"}],"author":[{"embeddable":true,"href":"https:\/\/www.diarioimagen.net\/index.php?rest_route=\/wp\/v2\/users\/3"}],"replies":[{"embeddable":true,"href":"https:\/\/www.diarioimagen.net\/index.php?rest_route=%2Fwp%2Fv2%2Fcomments&post=439931"}],"version-history":[{"count":0,"href":"https:\/\/www.diarioimagen.net\/index.php?rest_route=\/wp\/v2\/posts\/439931\/revisions"}],"wp:attachment":[{"href":"https:\/\/www.diarioimagen.net\/index.php?rest_route=%2Fwp%2Fv2%2Fmedia&parent=439931"}],"wp:term":[{"taxonomy":"category","embeddable":true,"href":"https:\/\/www.diarioimagen.net\/index.php?rest_route=%2Fwp%2Fv2%2Fcategories&post=439931"},{"taxonomy":"post_tag","embeddable":true,"href":"https:\/\/www.diarioimagen.net\/index.php?rest_route=%2Fwp%2Fv2%2Ftags&post=439931"}],"curies":[{"name":"wp","href":"https:\/\/api.w.org\/{rel}","templated":true}]}}