{"id":440057,"date":"2019-08-23T00:07:35","date_gmt":"2019-08-23T05:07:35","guid":{"rendered":"https:\/\/www.diarioimagen.net\/?p=440057"},"modified":"2019-08-23T06:28:38","modified_gmt":"2019-08-23T11:28:38","slug":"atizapenses-destacados-reciben-premio-municipal-de-la-juventud","status":"publish","type":"post","link":"https:\/\/www.diarioimagen.net\/?p=440057","title":{"rendered":"Atizapenses destacados reciben Premio Municipal de la Juventud"},"content":{"rendered":"<ul>\n<li><strong><em>Gobierno de Atizap\u00e1n entrega galardones<\/em><\/strong><\/li>\n<\/ul>\n<p>&nbsp;<\/p>\n<div id=\"attachment_440143\" style=\"width: 470px\" class=\"wp-caption aligncenter\"><a href=\"https:\/\/www.diarioimagen.net\/?attachment_id=440143\" rel=\"attachment wp-att-440143\"><img loading=\"lazy\" decoding=\"async\" aria-describedby=\"caption-attachment-440143\" class=\"size-large wp-image-440143\" src=\"https:\/\/www.diarioimagen.net\/wp-content\/uploads\/2019\/08\/ATIZAPAN-23-460x259.jpg\" alt=\"\" width=\"460\" height=\"259\" srcset=\"https:\/\/www.diarioimagen.net\/wp-content\/uploads\/2019\/08\/ATIZAPAN-23-460x259.jpg 460w, https:\/\/www.diarioimagen.net\/wp-content\/uploads\/2019\/08\/ATIZAPAN-23-240x135.jpg 240w, https:\/\/www.diarioimagen.net\/wp-content\/uploads\/2019\/08\/ATIZAPAN-23-235x132.jpg 235w, https:\/\/www.diarioimagen.net\/wp-content\/uploads\/2019\/08\/ATIZAPAN-23-202x114.jpg 202w, https:\/\/www.diarioimagen.net\/wp-content\/uploads\/2019\/08\/ATIZAPAN-23-350x196.jpg 350w, https:\/\/www.diarioimagen.net\/wp-content\/uploads\/2019\/08\/ATIZAPAN-23-220x123.jpg 220w, https:\/\/www.diarioimagen.net\/wp-content\/uploads\/2019\/08\/ATIZAPAN-23-237x132.jpg 237w, https:\/\/www.diarioimagen.net\/wp-content\/uploads\/2019\/08\/ATIZAPAN-23.jpg 480w\" sizes=\"auto, (max-width: 460px) 100vw, 460px\" \/><\/a><p id=\"caption-attachment-440143\" class=\"wp-caption-text\">El primer lugar fue para Carlos Iv\u00e1n Madrigal P\u00e9rez, el segundo sitio se lo llev\u00f3 Vania Canseco Mancilla y el tercero fue para Joaqu\u00edn Jollaux Torres Ch\u00e1vez<\/p><\/div>\n<p>&nbsp;<\/p>\n<p><strong>Atizap\u00e1n, Estado de M\u00e9xico<\/strong>.- El gobierno de Atizap\u00e1n de Zaragoza entreg\u00f3 el Premio Municipal de la Juventud en el marco de la clausura de la Semana de la Juventud, que tuvo como invitado al grupo \u201cLos Cadetes de Linares\u201d y del cantante Luis Antonio L\u00f3pez \u201cMimoso\u201d.<\/p>\n<p>A trav\u00e9s de la Direcci\u00f3n de Bienestar, el Premio Municipal de la Juventud fue otorgado a atizapenses que se han destacado por su participaci\u00f3n en beneficio de su localidad.<\/p>\n<p>El primer lugar fue para Carlos Iv\u00e1n Madrigal P\u00e9rez, por su trayectoria acad\u00e9mica en la colonia Adolfo L\u00f3pez Mateos; el segundo sitio se lo llev\u00f3 Vania Canseco Mancilla por cuidado a los animales en Las Alamedas, en tanto que el tercero fue para Joaqu\u00edn Jollaux Torres Ch\u00e1vez, por su trayectoria acad\u00e9mica en Las Alamedas II, quienes fueron premiados con tel\u00e9fonos celulares y bocinas port\u00e1tiles.<\/p>\n<p>Asimismo, durante la clausura de la Semana de la Juventud, que tuvo como objetivo principal incentivar el desarrollo pleno de los j\u00f3venes en un \u00e1mbito de sana convivencia, los atizapenses gozaron la actuaci\u00f3n de la banda norte\u00f1a mexicana \u201cLos Cadetes de Linares\u201d y Luis Antonio L\u00f3pez \u201cEl Mimoso\u201d, uno de los cantantes de banda y regional mexicano m\u00e1s reconocidos del momento.<\/p>\n<p>El espect\u00e1culo se realiz\u00f3 el pasado s\u00e1bado en las canchas del Deportivo Zaragoza donde cientos de familias corearon y bailaron los \u00e9xitos \u201cUsted me am\u00f3\u201d, \u201cT\u00edpico, cl\u00e1sico\u201d, \u201c\u00c1malo\u201d, \u201cTu mentira\u201d, \u201cMi prisionera\u201d del cantante \u201cMimoso\u201d; adem\u00e1s de \u201cEl palomito\u201d, \u201cLos dos amigos\u201d, \u201cNo hay novedad\u201d, \u201cS\u00e1came, S\u00e1came\u201d, \u201cEl Ranchero\u201d, \u201cEl Rog\u00f3n\u201d, \u201cEstoy Pagando\u201d de la grupo mexicano \u201cLos Cadetes de Linares\u201d.<\/p>\n<p>Un d\u00eda antes, los j\u00f3venes vivieron la actuaci\u00f3n del grupo de rock urbano \u201cLiran Roll\u201d tambi\u00e9n en las Canchas del Deportivo Zaragoza. Cabe destacar que como parte de las actividades enfocadas a los j\u00f3venes, el fin de semana se llev\u00f3 a cabo el combate de exhibici\u00f3n \u201cChoque de Guantes. Sparring de Box\u201d en el Deportivo Ana G. Guevara, donde los asistentes presenciaron 15 peleas, rama varonil y femenil.<\/p>\n<p>Adem\u00e1s de la tradicional \u201c5ta. Marcha Zombie de Atizap\u00e1n 2019\u201d, donde los mejores disfraces de muertos vivientes desfilaron del Mausoleo L\u00f3pez Mateos hacia el Palacio Municipal.<\/p>\n","protected":false},"excerpt":{"rendered":"<p>El gobierno de Atizap\u00e1n de Zaragoza entreg\u00f3 el Premio Municipal de la Juventud en el marco de la clausura de la Semana de la Juventud, que tuvo como invitado al grupo \u201cLos Cadetes de Linares\u201d y del cantante Luis Antonio L\u00f3pez \u201cMimoso\u201d.<\/p>\n","protected":false},"author":3,"featured_media":440143,"comment_status":"open","ping_status":"open","sticky":false,"template":"","format":"standard","meta":{"_monsterinsights_skip_tracking":false,"_monsterinsights_sitenote_active":false,"_monsterinsights_sitenote_note":"","_monsterinsights_sitenote_category":0,"footnotes":""},"categories":[5],"tags":[969,43675,68120],"class_list":["post-440057","post","type-post","status-publish","format-standard","has-post-thumbnail","hentry","category-estado-de-mexico","tag-atizapan","tag-estado-de-mexico","tag-premio-municipal-de-la-juventud"],"_links":{"self":[{"href":"https:\/\/www.diarioimagen.net\/index.php?rest_route=\/wp\/v2\/posts\/440057","targetHints":{"allow":["GET"]}}],"collection":[{"href":"https:\/\/www.diarioimagen.net\/index.php?rest_route=\/wp\/v2\/posts"}],"about":[{"href":"https:\/\/www.diarioimagen.net\/index.php?rest_route=\/wp\/v2\/types\/post"}],"author":[{"embeddable":true,"href":"https:\/\/www.diarioimagen.net\/index.php?rest_route=\/wp\/v2\/users\/3"}],"replies":[{"embeddable":true,"href":"https:\/\/www.diarioimagen.net\/index.php?rest_route=%2Fwp%2Fv2%2Fcomments&post=440057"}],"version-history":[{"count":0,"href":"https:\/\/www.diarioimagen.net\/index.php?rest_route=\/wp\/v2\/posts\/440057\/revisions"}],"wp:featuredmedia":[{"embeddable":true,"href":"https:\/\/www.diarioimagen.net\/index.php?rest_route=\/wp\/v2\/media\/440143"}],"wp:attachment":[{"href":"https:\/\/www.diarioimagen.net\/index.php?rest_route=%2Fwp%2Fv2%2Fmedia&parent=440057"}],"wp:term":[{"taxonomy":"category","embeddable":true,"href":"https:\/\/www.diarioimagen.net\/index.php?rest_route=%2Fwp%2Fv2%2Fcategories&post=440057"},{"taxonomy":"post_tag","embeddable":true,"href":"https:\/\/www.diarioimagen.net\/index.php?rest_route=%2Fwp%2Fv2%2Ftags&post=440057"}],"curies":[{"name":"wp","href":"https:\/\/api.w.org\/{rel}","templated":true}]}}