{"id":440059,"date":"2019-08-23T00:06:47","date_gmt":"2019-08-23T05:06:47","guid":{"rendered":"https:\/\/www.diarioimagen.net\/?p=440059"},"modified":"2019-08-23T06:32:17","modified_gmt":"2019-08-23T11:32:17","slug":"huixquilucan-pone-en-operacion-el-escuadron-vida","status":"publish","type":"post","link":"https:\/\/www.diarioimagen.net\/?p=440059","title":{"rendered":"Huixquilucan pone en operaci\u00f3n el \u201cEscuadr\u00f3n Vida\u201d"},"content":{"rendered":"<p><a href=\"https:\/\/www.diarioimagen.net\/?attachment_id=440146\" rel=\"attachment wp-att-440146\"><img loading=\"lazy\" decoding=\"async\" class=\"aligncenter size-large wp-image-440146\" src=\"https:\/\/www.diarioimagen.net\/wp-content\/uploads\/2019\/08\/HUIXQUILUCAN-460x259.jpg\" alt=\"\" width=\"460\" height=\"259\" srcset=\"https:\/\/www.diarioimagen.net\/wp-content\/uploads\/2019\/08\/HUIXQUILUCAN-460x259.jpg 460w, https:\/\/www.diarioimagen.net\/wp-content\/uploads\/2019\/08\/HUIXQUILUCAN-240x135.jpg 240w, https:\/\/www.diarioimagen.net\/wp-content\/uploads\/2019\/08\/HUIXQUILUCAN-235x132.jpg 235w, https:\/\/www.diarioimagen.net\/wp-content\/uploads\/2019\/08\/HUIXQUILUCAN-202x114.jpg 202w, https:\/\/www.diarioimagen.net\/wp-content\/uploads\/2019\/08\/HUIXQUILUCAN-350x196.jpg 350w, https:\/\/www.diarioimagen.net\/wp-content\/uploads\/2019\/08\/HUIXQUILUCAN-220x123.jpg 220w, https:\/\/www.diarioimagen.net\/wp-content\/uploads\/2019\/08\/HUIXQUILUCAN-237x132.jpg 237w, https:\/\/www.diarioimagen.net\/wp-content\/uploads\/2019\/08\/HUIXQUILUCAN.jpg 480w\" sizes=\"auto, (max-width: 460px) 100vw, 460px\" \/><\/a><\/p>\n<p>&nbsp;<\/p>\n<p><strong>Huixquilucan, Estado de M\u00e9xico.- <\/strong>Para atender de forma r\u00e1pida y oportuna alguna emergencia, el gobierno municipal de Huixquilucan puso en operaci\u00f3n el \u201cEscuadr\u00f3n Vida\u201d, un nuevo equipo de param\u00e9dicos en motocicleta.<\/p>\n<p>El presidente municipal, Enrique Vargas del Villar, precis\u00f3 que este proyecto inici\u00f3 con una motocicleta y se evaluar\u00e1 su funcionamiento para determinar si se adquieren m\u00e1s unidades.<\/p>\n<p>Record\u00f3, que el municipio ha invertido en equipo para emergencias y ahora cuenta con ambulancias que fortalecen este rubro, por lo que hoy, Huixquilucan, tiene respuesta casi inmediata a una emergencia.<\/p>\n","protected":false},"excerpt":{"rendered":"<p>Para atender de forma r\u00e1pida y oportuna alguna emergencia, el gobierno municipal de Huixquilucan puso en operaci\u00f3n el \u201cEscuadr\u00f3n Vida\u201d, un nuevo equipo de param\u00e9dicos en motocicleta.<\/p>\n","protected":false},"author":3,"featured_media":440146,"comment_status":"open","ping_status":"open","sticky":false,"template":"","format":"standard","meta":{"_monsterinsights_skip_tracking":false,"_monsterinsights_sitenote_active":false,"_monsterinsights_sitenote_note":"","_monsterinsights_sitenote_category":0,"footnotes":""},"categories":[5],"tags":[87455,43675,1097],"class_list":["post-440059","post","type-post","status-publish","format-standard","has-post-thumbnail","hentry","category-estado-de-mexico","tag-escuadron-vida","tag-estado-de-mexico","tag-huixquilucan"],"_links":{"self":[{"href":"https:\/\/www.diarioimagen.net\/index.php?rest_route=\/wp\/v2\/posts\/440059","targetHints":{"allow":["GET"]}}],"collection":[{"href":"https:\/\/www.diarioimagen.net\/index.php?rest_route=\/wp\/v2\/posts"}],"about":[{"href":"https:\/\/www.diarioimagen.net\/index.php?rest_route=\/wp\/v2\/types\/post"}],"author":[{"embeddable":true,"href":"https:\/\/www.diarioimagen.net\/index.php?rest_route=\/wp\/v2\/users\/3"}],"replies":[{"embeddable":true,"href":"https:\/\/www.diarioimagen.net\/index.php?rest_route=%2Fwp%2Fv2%2Fcomments&post=440059"}],"version-history":[{"count":0,"href":"https:\/\/www.diarioimagen.net\/index.php?rest_route=\/wp\/v2\/posts\/440059\/revisions"}],"wp:featuredmedia":[{"embeddable":true,"href":"https:\/\/www.diarioimagen.net\/index.php?rest_route=\/wp\/v2\/media\/440146"}],"wp:attachment":[{"href":"https:\/\/www.diarioimagen.net\/index.php?rest_route=%2Fwp%2Fv2%2Fmedia&parent=440059"}],"wp:term":[{"taxonomy":"category","embeddable":true,"href":"https:\/\/www.diarioimagen.net\/index.php?rest_route=%2Fwp%2Fv2%2Fcategories&post=440059"},{"taxonomy":"post_tag","embeddable":true,"href":"https:\/\/www.diarioimagen.net\/index.php?rest_route=%2Fwp%2Fv2%2Ftags&post=440059"}],"curies":[{"name":"wp","href":"https:\/\/api.w.org\/{rel}","templated":true}]}}