{"id":440061,"date":"2019-08-23T00:05:55","date_gmt":"2019-08-23T05:05:55","guid":{"rendered":"https:\/\/www.diarioimagen.net\/?p=440061"},"modified":"2019-08-23T06:31:18","modified_gmt":"2019-08-23T11:31:18","slug":"ninos-de-nicolas-romero-cumplen-el-sueno-de-ser-policias-por-un-dia","status":"publish","type":"post","link":"https:\/\/www.diarioimagen.net\/?p=440061","title":{"rendered":"Ni\u00f1os de Nicol\u00e1s Romero cumplen el sue\u00f1o de ser polic\u00edas por un d\u00eda"},"content":{"rendered":"<ul>\n<li><strong><em>En la Comisar\u00eda de Seguridad P\u00fablica<\/em><\/strong><\/li>\n<\/ul>\n<p>&nbsp;<\/p>\n<div id=\"attachment_440149\" style=\"width: 470px\" class=\"wp-caption aligncenter\"><a href=\"https:\/\/www.diarioimagen.net\/?attachment_id=440149\" rel=\"attachment wp-att-440149\"><img loading=\"lazy\" decoding=\"async\" aria-describedby=\"caption-attachment-440149\" class=\"size-large wp-image-440149\" src=\"https:\/\/www.diarioimagen.net\/wp-content\/uploads\/2019\/08\/NICOLAS-ROMERO-23-460x259.jpg\" alt=\"\" width=\"460\" height=\"259\" srcset=\"https:\/\/www.diarioimagen.net\/wp-content\/uploads\/2019\/08\/NICOLAS-ROMERO-23-460x259.jpg 460w, https:\/\/www.diarioimagen.net\/wp-content\/uploads\/2019\/08\/NICOLAS-ROMERO-23-240x135.jpg 240w, https:\/\/www.diarioimagen.net\/wp-content\/uploads\/2019\/08\/NICOLAS-ROMERO-23-235x132.jpg 235w, https:\/\/www.diarioimagen.net\/wp-content\/uploads\/2019\/08\/NICOLAS-ROMERO-23-202x114.jpg 202w, https:\/\/www.diarioimagen.net\/wp-content\/uploads\/2019\/08\/NICOLAS-ROMERO-23-350x196.jpg 350w, https:\/\/www.diarioimagen.net\/wp-content\/uploads\/2019\/08\/NICOLAS-ROMERO-23-220x123.jpg 220w, https:\/\/www.diarioimagen.net\/wp-content\/uploads\/2019\/08\/NICOLAS-ROMERO-23-237x132.jpg 237w, https:\/\/www.diarioimagen.net\/wp-content\/uploads\/2019\/08\/NICOLAS-ROMERO-23.jpg 480w\" sizes=\"auto, (max-width: 460px) 100vw, 460px\" \/><\/a><p id=\"caption-attachment-440149\" class=\"wp-caption-text\">Yavid, un ni\u00f1o con s\u00edndrome de Down, particip\u00f3 en las labores de seguridad, bajo el mando del comandante Eduardo Aguilera.<\/p><\/div>\n<p>&nbsp;<\/p>\n<p><strong>Nicol\u00e1s Romero, Estado de M\u00e9xico<\/strong>.- La edad ya no es requisito para ingresar a la Comisar\u00eda de Seguridad P\u00fablica municipal. El gobierno del alcalde Armando Navarrete, a trav\u00e9s de la corporaci\u00f3n policiaca, cumplir\u00e1 el sue\u00f1o de ni\u00f1as y ni\u00f1os que quieran ser polic\u00edas por un d\u00eda. Se trata de una actividad con la que se pretende generar una mayor cercan\u00eda y confianza entre los elementos y la ciudadan\u00eda.<\/p>\n<p>El primero fue Yavid, un ni\u00f1o con s\u00edndrome de Down, que particip\u00f3 en las labores de seguridad municipal durante recorridos y pase de lista bajo el mando del comandante Eduardo Aguilera.<\/p>\n<p>\u201cEs un programa para personas con el deseo de pertenecer a la polic\u00eda, pueden venir, incorporarse por un d\u00eda y ver las actividades que desarrollamos. Este programa es para fortalecer las acciones de proximidad social, como parte de las instrucciones de nuestro presidente municipal\u201c, detall\u00f3 Aguilera.<\/p>\n<p>\u201cQue la gente se d\u00e9 cuenta de que la polic\u00eda municipal no solamente est\u00e1 para detener delincuentes, para inhibir o detectar las faltas administrativas o hechos delictivos en el territorio municipal, sino tambi\u00e9n para que se den cuenta de que se pueden acercar y vean que somos una polic\u00eda de proximidad social, una polic\u00eda dispuesta a entablar una conversaci\u00f3n, un di\u00e1logo con los diferentes actores sociales y se pueda romper esa barrera que existe entre la polic\u00eda y la sociedad\u201c.<\/p>\n<p>Yavid, quien como miembro honorario fue nombrado \u201cComandante Lechuza\u201c, recibi\u00f3 un obsequio por parte de los uniformados, les expres\u00f3 con abrazos su cari\u00f1o y estuvo muy emocionado durante su estancia en la corporaci\u00f3n. \u201cVemos lo que son, humanos y muy amables con nosotros\u201c, agreg\u00f3 Buenaventura Santill\u00e1n, padre de Yavid.<\/p>\n","protected":false},"excerpt":{"rendered":"<p>La edad ya no es requisito para ingresar a la Comisar\u00eda de Seguridad P\u00fablica municipal. El gobierno del alcalde Armando Navarrete, a trav\u00e9s de la corporaci\u00f3n policiaca, cumplir\u00e1 el sue\u00f1o de ni\u00f1as y ni\u00f1os que quieran ser polic\u00edas por un d\u00eda. Se trata de una actividad con la que se pretende generar una mayor cercan\u00eda y confianza entre los elementos y la ciudadan\u00eda.<\/p>\n","protected":false},"author":3,"featured_media":440149,"comment_status":"open","ping_status":"open","sticky":false,"template":"","format":"standard","meta":{"_monsterinsights_skip_tracking":false,"_monsterinsights_sitenote_active":false,"_monsterinsights_sitenote_note":"","_monsterinsights_sitenote_category":0,"footnotes":""},"categories":[5],"tags":[43675,752,6187,87456,7830],"class_list":["post-440061","post","type-post","status-publish","format-standard","has-post-thumbnail","hentry","category-estado-de-mexico","tag-estado-de-mexico","tag-nicolas-romero","tag-ninos","tag-policniasm","tag-sueno"],"_links":{"self":[{"href":"https:\/\/www.diarioimagen.net\/index.php?rest_route=\/wp\/v2\/posts\/440061","targetHints":{"allow":["GET"]}}],"collection":[{"href":"https:\/\/www.diarioimagen.net\/index.php?rest_route=\/wp\/v2\/posts"}],"about":[{"href":"https:\/\/www.diarioimagen.net\/index.php?rest_route=\/wp\/v2\/types\/post"}],"author":[{"embeddable":true,"href":"https:\/\/www.diarioimagen.net\/index.php?rest_route=\/wp\/v2\/users\/3"}],"replies":[{"embeddable":true,"href":"https:\/\/www.diarioimagen.net\/index.php?rest_route=%2Fwp%2Fv2%2Fcomments&post=440061"}],"version-history":[{"count":0,"href":"https:\/\/www.diarioimagen.net\/index.php?rest_route=\/wp\/v2\/posts\/440061\/revisions"}],"wp:featuredmedia":[{"embeddable":true,"href":"https:\/\/www.diarioimagen.net\/index.php?rest_route=\/wp\/v2\/media\/440149"}],"wp:attachment":[{"href":"https:\/\/www.diarioimagen.net\/index.php?rest_route=%2Fwp%2Fv2%2Fmedia&parent=440061"}],"wp:term":[{"taxonomy":"category","embeddable":true,"href":"https:\/\/www.diarioimagen.net\/index.php?rest_route=%2Fwp%2Fv2%2Fcategories&post=440061"},{"taxonomy":"post_tag","embeddable":true,"href":"https:\/\/www.diarioimagen.net\/index.php?rest_route=%2Fwp%2Fv2%2Ftags&post=440061"}],"curies":[{"name":"wp","href":"https:\/\/api.w.org\/{rel}","templated":true}]}}