{"id":440095,"date":"2019-08-23T00:05:24","date_gmt":"2019-08-23T05:05:24","guid":{"rendered":"https:\/\/www.diarioimagen.net\/?p=440095"},"modified":"2019-08-23T01:08:57","modified_gmt":"2019-08-23T06:08:57","slug":"no-quiero-ya-responsabilizar-al-pasado-amlo","status":"publish","type":"post","link":"https:\/\/www.diarioimagen.net\/?p=440095","title":{"rendered":"No quiero ya responsabilizar al pasado: AMLO"},"content":{"rendered":"<h2>Desde el portal<\/h2>\n<h5>\u00c1ngel Soriano<\/h5>\n<p>&nbsp;<\/p>\n<p>Respecto a los rezagos en la reconstrucci\u00f3n del sismo del 2017, el presidente Andr\u00e9s Manuel L\u00f3pez Obrador dijo que \u201cno quiero ya seguir responsabilizando a la administraci\u00f3n pasada y a los de antes de esa administraci\u00f3n, solamente cuando se necesite para diferenciarnos, porque hay veces que calienta porque nos comparan. Entonces, s\u00ed\u201d.<\/p>\n<p>Agreg\u00f3 que \u201cya es nuestra responsabilidad, o sea, ya no es para estar diagnosticando; ya sabemos, hay grandes, graves problemas nacionales y los tenemos que enfrentar.<\/p>\n<p>Estoy optimista y s\u00e9 que vamos a sacar adelante al pa\u00eds, lo estamos haciendo, estamos poniendo de pie, levantando al elefante que estaba echado, lo estamos parando y lo estamos empujando, al elefante reum\u00e1tico y lleno de ma\u00f1as; y me est\u00e1n ayudando a empujar al elefante todos los mexicanos y ya empezamos a lograr que camine el elefante, que es un cuerpo de avance lento, pero ya est\u00e1 caminando\u201d.<\/p>\n<p>Esto aun cuando responsabiliz\u00f3 a los conservadores que no quieren la transformaci\u00f3n, entre ellos el dirigente empresarial Claudio X Gonz\u00e1lez, cuyos abogados promueven amparos \u2013unos 147 m\u00e1s los que se acumulen- para impedir que se construya el aeropuerto de Santa Luc\u00eda, que quieren que fracase, de la misma manera como se opusieron con los segundos piso cuando fue jefe de Gobierno del DF, pero no triunfar\u00e1n porque no les asiste la raz\u00f3n, precis\u00f3.<\/p>\n<p style=\"text-align: center;\"><strong>Turbulencias<br \/>\nCultura en San L\u00e1zaro, investigar\u00e1n \u201cmoches\u201d<\/strong><\/p>\n<p>La secretaria de Cultura, Alejandra Frausto Guerrero, manifest\u00f3 el apoyo de la dependencia federal que dirige para enriquecer la vida cultural de la C\u00e1mara de Diputados. \u201cEs importante impulsar este espacio en el circuito cultural; esta zona requiere esa oferta art\u00edstica, y la cantidad de gente que vive alrededor y que tengan posibilidad de acceder a la cultura por medio de una infraestructura tan importante\u201d, dijo luego de firmar un convenio con el presidente de la Mesa Directiva de la C\u00e1mara de Diputados, Porfirio Mu\u00f1oz Ledo. Subray\u00f3 que \u201ceste sitio es la casa del pueblo y la pol\u00edtica de la secretar\u00eda es que nadie quede atr\u00e1s\u201d. Adem\u00e1s, consider\u00f3 que en la C\u00e1mara ya hay espacios que funcionan para albergar exposiciones y otras manifestaciones art\u00edsticas; no obstante, se debe dar cabida a la pintura y a las artes esc\u00e9nicas, porque es un gran recinto para la cultura. Y a su vez Mu\u00f1oz Ledo indic\u00f3 que se investigar\u00e1n los \u201cmoches\u201d de 30% atribuidos al presidente de la Comisi\u00f3n de Cultura, Sergio Mayer, pues se incurre en un delito, en peculado, que puede castigarse con desafuero en caso de comprobarse tal denuncia que hizo la legisladora In\u00e9s Parra respecto al presupuesto \u201cmanoseado\u201d con proyectos culturales\u2026 La secretaria de bienestar, Mar\u00eda Luisa Albores Gonz\u00e1lez, firm\u00f3 en Palacio de Gobierno de Villahermosa un convenio de colaboraci\u00f3n para la producci\u00f3n social de vivienda en beneficio de 100 familias tabasque\u00f1as incorporadas al Programa Sembrando Vida con el gobernador Ad\u00e1n Augusto L\u00f3pez Hern\u00e1ndez, con el cual el Instituto de Vivienda de Tabasco y la Secretar\u00eda de Desarrollo Agrario, Territorial y Urbano (Sedatu), a trav\u00e9s de la Comisi\u00f3n Nacional de Vivienda (CONAVI), apoyar\u00e1n en la construcci\u00f3n de hogares sustentables en los municipios de Jalapa, Tacotalpa y Teapa. La titular de la Secretar\u00eda de Bienestar subray\u00f3 en este contexto, la importancia de que las distintas dependencias e instituciones de la federaci\u00f3n hagan equipo con los gobiernos estatales y municipales, as\u00ed como con la comunidad para poder lograr la reducci\u00f3n de la pobreza resolviendo carencias en salud, educaci\u00f3n, infraestructura y vivienda, porque una sola instituci\u00f3n, dijo, no va a poder hacerlo, pero si se suman esfuerzos se lograr\u00e1\u2026<\/p>\n<p><a href=\"mailto:asorianocarrasco@yahoo.com\" target=\"_blank\" rel=\"noopener noreferrer\"><em>asorianocarrasco@yahoo.com<\/em><\/a><br \/>\n<em><a href=\"https:\/\/twitter.com\/brecharevista\" target=\"_blank\" rel=\"noopener noreferrer\">@BrechaRevista<\/a><a href=\"mailto:asorianocarrasco@yahoo.com\" target=\"_blank\" rel=\"noopener noreferrer\"><br \/>\n<\/a><a href=\"https:\/\/revistabrecha.com\" target=\"_blank\" rel=\"noopener noreferrer\">www.revistabrecha.com<\/a><\/em><\/p>\n","protected":false},"excerpt":{"rendered":"<p><span style=\"color: #005497;\"><strong>\u00c1ngel Soriano<\/strong><\/span><\/p>\n","protected":false},"author":3,"featured_media":0,"comment_status":"open","ping_status":"open","sticky":false,"template":"","format":"standard","meta":{"_monsterinsights_skip_tracking":false,"_monsterinsights_sitenote_active":false,"_monsterinsights_sitenote_note":"","_monsterinsights_sitenote_category":0,"footnotes":""},"categories":[135],"tags":[85,86,43674],"class_list":["post-440095","post","type-post","status-publish","format-standard","hentry","category-angel-soriano-opinion","tag-angel-soriano","tag-desde-el-portal","tag-opinion"],"_links":{"self":[{"href":"https:\/\/www.diarioimagen.net\/index.php?rest_route=\/wp\/v2\/posts\/440095","targetHints":{"allow":["GET"]}}],"collection":[{"href":"https:\/\/www.diarioimagen.net\/index.php?rest_route=\/wp\/v2\/posts"}],"about":[{"href":"https:\/\/www.diarioimagen.net\/index.php?rest_route=\/wp\/v2\/types\/post"}],"author":[{"embeddable":true,"href":"https:\/\/www.diarioimagen.net\/index.php?rest_route=\/wp\/v2\/users\/3"}],"replies":[{"embeddable":true,"href":"https:\/\/www.diarioimagen.net\/index.php?rest_route=%2Fwp%2Fv2%2Fcomments&post=440095"}],"version-history":[{"count":0,"href":"https:\/\/www.diarioimagen.net\/index.php?rest_route=\/wp\/v2\/posts\/440095\/revisions"}],"wp:attachment":[{"href":"https:\/\/www.diarioimagen.net\/index.php?rest_route=%2Fwp%2Fv2%2Fmedia&parent=440095"}],"wp:term":[{"taxonomy":"category","embeddable":true,"href":"https:\/\/www.diarioimagen.net\/index.php?rest_route=%2Fwp%2Fv2%2Fcategories&post=440095"},{"taxonomy":"post_tag","embeddable":true,"href":"https:\/\/www.diarioimagen.net\/index.php?rest_route=%2Fwp%2Fv2%2Ftags&post=440095"}],"curies":[{"name":"wp","href":"https:\/\/api.w.org\/{rel}","templated":true}]}}