{"id":440105,"date":"2019-08-23T00:09:16","date_gmt":"2019-08-23T05:09:16","guid":{"rendered":"https:\/\/www.diarioimagen.net\/?p=440105"},"modified":"2019-08-23T01:36:37","modified_gmt":"2019-08-23T06:36:37","slug":"gobernacion-negociar-con-delincuentes","status":"publish","type":"post","link":"https:\/\/www.diarioimagen.net\/?p=440105","title":{"rendered":"Gobernaci\u00f3n: negociar con delincuentes"},"content":{"rendered":"<h2>Poder y dinero<\/h2>\n<h5>V\u00edctor S\u00e1nchez Ba\u00f1os<\/h5>\n<p>&nbsp;<\/p>\n<p style=\"text-align: right;\"><strong><em>La bondad es la excepci\u00f3n de todos los defectos y todas las maldades<br \/>\n<\/em><\/strong><em>Sim\u00f3n Bol\u00edvar, 1783-1830;<\/em><em> militar y pol\u00edtico venezolano<\/em><\/p>\n<p>&nbsp;<\/p>\n<p>#Autodefensas #C\u00e1rtelesCriminales #OlgaS\u00e1nchezCordero #RicardoPeralta #NegociarConDelincuentes #Inseguridad #Impunidad #PueblosAgobiados #GobernadoresPAN #EstebanMoctezuma #SEP #Volkswagen #AeropuertoCanc\u00edn #CabezaDeVaca<\/p>\n<p>&nbsp;<\/p>\n<p>La secretaria de Gobernaci\u00f3n, Olga S\u00e1nchez Cordero, acept\u00f3 que el gobierno federal tuvo acercamientos con grupos delictivos. No se explic\u00f3 con qui\u00e9nes, lo que dej\u00f3 abierta la especulaci\u00f3n. Despu\u00e9s, ante la presi\u00f3n medi\u00e1tica, desde las instancias gubernamentales dieron marcha atr\u00e1s, con lo que pretend\u00edan desmentir esa versi\u00f3n.<\/p>\n<p>Independientemente de la veracidad de ese hecho, lo que queda en el colectivo es la duda. \u00bfDe verdad se reunieron con delincuentes? \u00bfCon qui\u00e9nes? \u00bfPara qu\u00e9?<\/p>\n<p>Esto lleva a la reflexi\u00f3n: \u00bfconviene llegar a acuerdos con la delincuencia para terminar o disminuir la violencia que se vive en el pa\u00eds? \u00bfEs legal? \u00bfEs moral?<\/p>\n<p>Los mexicanos materialmente estamos acostumbrados a vivir en la violencia. El robo cotidiano, en el transporte p\u00fablico, en las calles, en los autom\u00f3viles, en las casas en todos lados, es \u201cnormal\u201d. El asesinato, la agresi\u00f3n y la impunidad, no s\u00f3lo es normal, sino hasta motivada desde las instancias gubernamentales.<\/p>\n<p>Claro, que no estamos de acuerdo a vivir en medio de esos vicios sociales. Es inaudito que viejas y nuevas generaciones, se acostumbren a vivir en medio de la violencia, el miedo, la intimidaci\u00f3n y, lo m\u00e1s grave, en la impunidad.<\/p>\n<p>Si hay o existieron acercamientos entre el gobierno de Andr\u00e9s Manuel L\u00f3pez Obrador, con las autodefensas. Esos grupos, algunos representativos de las comunidades donde la polic\u00eda ni el Ej\u00e9rcito llegan por temor a agresiones, y otros ligados a narcotraficantes, taladores de bosque u otro tipo de delincuentes organizados, son la realidad de muchas regiones del pa\u00eds.<\/p>\n<p>Sin embargo, negociar con delincuentes es moralmente incorrecto. Esto implica aceptar que son grupos beligerantes y les dan una categor\u00eda jur\u00eddica. Sin embargo, para los habitantes de esas regiones, lo que quieren es paz y acabar con aquellos que quieren someterlos, saquearlos y esclavizarlos.<\/p>\n<p>La delincuencia organizada y las autodefensas existen, porque existe impunidad. El Estado, para no ser declarado fallido, debe otorgar todo tipo de protecci\u00f3n a la sociedad par que tengan una vida armoniosa. Si no se protege a la comunidad, simplemente el Estado est\u00e1 fracasando. Este es el riesgo de cualquier gobierno. Llevamos varios sexenios, desde Adolfo Ruiz Cortines, conviviendo con la violencia ante el fracaso de aplicar la ley y llevar a la c\u00e1rcel a quienes ofenden a la sociedad. En cuanto a otros delincuentes organizados, la situaci\u00f3n es igual.<\/p>\n<p>Negociar con delincuentes no es el camino. Pacificar al pa\u00eds, es una tarea monumental en las condiciones que hoy se encuentra el pa\u00eds. Hacerlo, refleja un gobierno desesperado por encontrar soluciones a un problema que se les sali\u00f3 de las manos.<\/p>\n<p>El subsecretario de Gobernaci\u00f3n, Ricardo Peralta, a pesar de ser descalificado en sus acercamientos con autodefensas en Tamaulipas y Michoac\u00e1n, por el mismo Presidente de la Rep\u00fablica, no podemos pensar que actu\u00f3 son el benepl\u00e1cito de su superiores. De lo contrario,<\/p>\n<p><strong>Poderosos Caballeros:<\/strong> Los miembros de la Asamblea de gobernadores de Acci\u00f3n Nacional, liderados por Francisco Garc\u00eda Cabeza de Vaca, est\u00e1n inconformes por la falta de transferencia de recursos del programa U080, requisito indispensable para el desarrollo de un sistema educativo de excelencia. Los Ejecutivos de Aguascalientes, Mart\u00edn Orozco; Baja California Sur, Carlos Mendoza; Durango, Jos\u00e9 Rosas Aispuro; Quer\u00e9taro, Francisco Dom\u00ednguez; Quintana Roo, Carlos Joaqu\u00edn; Yucat\u00e1n, Mauricio Vila, y Cabeza de Vaca de Tamaulipas, solicitaron una reuni\u00f3n urgente con el secretario de Educaci\u00f3n P\u00fablica, Esteban Moctezuma para analizar y resolver este asunto. *** El Pleno de la Cofece, que preside Alejandra Palacios, determin\u00f3 que el Aeropuerto de Canc\u00fan, incurri\u00f3 en pr\u00e1cticas monop\u00f3licas relativa, al impedir entraran taxis con origen en el Aeropuerto Internacional de Canc\u00fan. Por ello le impuso una multa de 72 millones 540 mil pesos.<\/p>\n<p><strong>Responsabilidad Social Corporativa<\/strong>: Volkswagen, bajo la presidencia de Steffen Reiche, present\u00f3 los avances de su programa \u201cPor Amor a M\u00e9xico\u201d, que cumple 10 a\u00f1os. Busca dar un incentivo de 500 mil pesos al ganador de un concurso de proyectos que versan sobre la biodiversidad y sostenibilidad. Se presentaron m\u00e1s de 100 proyectos. El jurado formado por cient\u00edficos, decidi\u00f3 por dos finalistas; el primero busca la conservaci\u00f3n del jaguar en el estado de Guerrero, y el otro pretende hacer lo propio con la mariposa monarca, dos especies ic\u00f3nicas de M\u00e9xico.<\/p>\n<p>Esc\u00fachame en MVS Radio (102.5 FM) de 21 a 22 hrs. de lunes a viernes en Poder y Dinero. <u>MVSnoticias.com<\/u><\/p>\n<p><a href=\"http:\/\/poderydinero.mx\" target=\"_blank\" rel=\"noopener noreferrer\"><em>poderydinero.mx<\/em><\/a><em><b><br \/>\n<\/b><a href=\"mailto:vsanchezb@gmail.com\" target=\"_blank\" rel=\"noopener noreferrer\">vsanchezb@gmail.com<br \/>\n<\/a><strong>Twitter:<\/strong><a href=\"https:\/\/twitter.com\/vsanchezbanos\" target=\"_blank\" rel=\"noopener noreferrer\">@vsanchezbano<br \/>\n<\/a><strong>Facebook:\u00a0<\/strong><a href=\"https:\/\/www.facebook.com\/vsanchezbanos?fref=ts\" target=\"_blank\" rel=\"noopener noreferrer\">vsanchezbano<\/a><\/em><\/p>\n","protected":false},"excerpt":{"rendered":"<p><span style=\"color: #005497;\"><strong>V\u00edctor S\u00e1nchez Ba\u00f1os<\/strong><\/span><\/p>\n","protected":false},"author":3,"featured_media":0,"comment_status":"open","ping_status":"open","sticky":false,"template":"","format":"standard","meta":{"_monsterinsights_skip_tracking":false,"_monsterinsights_sitenote_active":false,"_monsterinsights_sitenote_note":"","_monsterinsights_sitenote_category":0,"footnotes":""},"categories":[38844],"tags":[43674,38847,38848],"class_list":["post-440105","post","type-post","status-publish","format-standard","hentry","category-victor-sanchez-banos","tag-opinion","tag-poder-y-dinero","tag-victor-sanchez-banos"],"_links":{"self":[{"href":"https:\/\/www.diarioimagen.net\/index.php?rest_route=\/wp\/v2\/posts\/440105","targetHints":{"allow":["GET"]}}],"collection":[{"href":"https:\/\/www.diarioimagen.net\/index.php?rest_route=\/wp\/v2\/posts"}],"about":[{"href":"https:\/\/www.diarioimagen.net\/index.php?rest_route=\/wp\/v2\/types\/post"}],"author":[{"embeddable":true,"href":"https:\/\/www.diarioimagen.net\/index.php?rest_route=\/wp\/v2\/users\/3"}],"replies":[{"embeddable":true,"href":"https:\/\/www.diarioimagen.net\/index.php?rest_route=%2Fwp%2Fv2%2Fcomments&post=440105"}],"version-history":[{"count":0,"href":"https:\/\/www.diarioimagen.net\/index.php?rest_route=\/wp\/v2\/posts\/440105\/revisions"}],"wp:attachment":[{"href":"https:\/\/www.diarioimagen.net\/index.php?rest_route=%2Fwp%2Fv2%2Fmedia&parent=440105"}],"wp:term":[{"taxonomy":"category","embeddable":true,"href":"https:\/\/www.diarioimagen.net\/index.php?rest_route=%2Fwp%2Fv2%2Fcategories&post=440105"},{"taxonomy":"post_tag","embeddable":true,"href":"https:\/\/www.diarioimagen.net\/index.php?rest_route=%2Fwp%2Fv2%2Ftags&post=440105"}],"curies":[{"name":"wp","href":"https:\/\/api.w.org\/{rel}","templated":true}]}}