{"id":440215,"date":"2019-08-26T00:03:20","date_gmt":"2019-08-26T05:03:20","guid":{"rendered":"https:\/\/www.diarioimagen.net\/?p=440215"},"modified":"2019-08-25T21:34:42","modified_gmt":"2019-08-26T02:34:42","slug":"primer-informe","status":"publish","type":"post","link":"https:\/\/www.diarioimagen.net\/?p=440215","title":{"rendered":"Primer informe\u00a0"},"content":{"rendered":"<h2>Espacio Electoral<\/h2>\n<h5>Eleazar Flores<\/h5>\n<p>&nbsp;<\/p>\n<p><strong>\u2026Yo tampoco-.<\/strong> La ya legendaria frase de Elba Esther Gordillo, \u201c \u00bfUsted le cree?, yo tampoco,<span class=\"Apple-converted-space\">\u00a0 <\/span>en contra de Roberto Madrazo hace unos tres lustros, cobra vigencia ahora por las frases del presidente Andr\u00e9s Manuel L\u00f3pez Obrador de ser un \u201chombre de palabra\u201d que cumple lo que dice.<\/p>\n<p>Incluso desde mediados de la semana pasada cuando en la ma\u00f1anera prometi\u00f3 que su gobierno asumir\u00eda toda responsabilidad ya sin volver a culpar a administraciones pasadas de todos los males del pa\u00eds\u2026y resulta que al d\u00eda siguiente mal record\u00f3 a quien lo venci\u00f3 en 2006, Felipe Calder\u00f3n, cuando lo llama en lenguaje indigno de un mandatario \u201cEl Comandante Borolas\u201d.<\/p>\n<p>Obvio que don Felipe no se qued\u00f3 con el golpe, le respondi\u00f3 al tabasque\u00f1o que seguramente a \u00e9l no le qued\u00f3 el uniforme militar pero que a otros les qued\u00f3 grande el cargo.<span class=\"Apple-converted-space\">\u00a0<\/span><\/p>\n<p>Ante la afirmaci\u00f3n del michoacano no se necesitan ni sesudas interpretaciones y menos traducciones de otra \u00edndole. Tras el pronunciamiento esta fue la primera promesa incumplida de L\u00f3pez<span class=\"Apple-converted-space\">\u00a0 <\/span>a M\u00e9xico.<\/p>\n<p>No exagero cuando digo que le incumpli\u00f3 a M\u00e9xico pues la promesa del padre de la Cuarta Transformaci\u00f3n de no culpar m\u00e1s a gobiernos anteriores de todos los males y asumir desde ya lo que le corresponde a este gobierno no la hizo solo ante los reporteros madrugadores, sus palabras tienen eco en todos los medios, impresos<span class=\"Apple-converted-space\">\u00a0 <\/span>electr\u00f3nicos y las \u201cbenditas\u201d redes sociales.<\/p>\n<p>En uno de los primeros promocionales previos a su primer informe, el mandatario asegura que hay mejores salarios, m\u00e1s apoyo a los adultos mayores, -ambas cosas irrefutables-, pero de ah\u00ed en adelante surgen las dudas y m\u00e1s que eso, aumenta la incertidumbre, salvo que con los \u201cotros datos\u201d que siempre trae a la mano, el panorama nacional sea otro.<\/p>\n<p>Por ejemplo hay impuntualidad en la entrega de libros de texto no obstante que el ciclo escolar inici\u00f3 hoy, guarder\u00edas sin dotaci\u00f3n suficiente de insumos para los desayunos infantiles pero lo m\u00e1s grave es que la escasez de medicamentos y<span class=\"Apple-converted-space\">\u00a0 <\/span>retrovirales en el Sistema Nacional de Salud y hospitales casi toca fondo, sin ver una pronta soluci\u00f3n al problema.<\/p>\n<p><strong>PRD-.<span class=\"Apple-converted-space\">\u00a0 <\/span><\/strong>A diferencia de su nacimiento en los lejanos 1988-89, lo que queda del PRD son \u201crescoldos del placer desventurado\u201d, dir\u00eda el poeta, pues quienes dan la cara para resucitar al desahuciado son personas con presencia medi\u00e1tica por sus trabajos en el servicio p\u00fablico en distintas administraciones, pero figuras de arrastre brillan por su ausencia.<\/p>\n<p>En el ocaso de sus carreras pol\u00edticas como Jos\u00e9 Narro, la reconocida periodista Beatriz Pag\u00e9s, la carism\u00e1tica intelectual Julieta Fierro y Miguel \u00c1ngel Mancera son rivales d\u00e9biles ante Morena.<span class=\"Apple-converted-space\">\u00a0<\/span><\/p>\n<p><a href=\"mailto:elefa44@gmail.com\" target=\"_blank\" rel=\"noopener noreferrer\"><em>elefa44@gmail.com<\/em><\/a><\/p>\n","protected":false},"excerpt":{"rendered":"<p><span style=\"color: #005497;\"><strong>Eleazar Flores<\/strong><\/span><\/p>\n","protected":false},"author":1,"featured_media":0,"comment_status":"open","ping_status":"open","sticky":false,"template":"","format":"standard","meta":{"_monsterinsights_skip_tracking":false,"_monsterinsights_sitenote_active":false,"_monsterinsights_sitenote_note":"","_monsterinsights_sitenote_category":0,"footnotes":""},"categories":[81743],"tags":[81744,81776,43674],"class_list":["post-440215","post","type-post","status-publish","format-standard","hentry","category-eleazar-flores","tag-eleazar-flores","tag-espacio-electoral","tag-opinion"],"_links":{"self":[{"href":"https:\/\/www.diarioimagen.net\/index.php?rest_route=\/wp\/v2\/posts\/440215","targetHints":{"allow":["GET"]}}],"collection":[{"href":"https:\/\/www.diarioimagen.net\/index.php?rest_route=\/wp\/v2\/posts"}],"about":[{"href":"https:\/\/www.diarioimagen.net\/index.php?rest_route=\/wp\/v2\/types\/post"}],"author":[{"embeddable":true,"href":"https:\/\/www.diarioimagen.net\/index.php?rest_route=\/wp\/v2\/users\/1"}],"replies":[{"embeddable":true,"href":"https:\/\/www.diarioimagen.net\/index.php?rest_route=%2Fwp%2Fv2%2Fcomments&post=440215"}],"version-history":[{"count":0,"href":"https:\/\/www.diarioimagen.net\/index.php?rest_route=\/wp\/v2\/posts\/440215\/revisions"}],"wp:attachment":[{"href":"https:\/\/www.diarioimagen.net\/index.php?rest_route=%2Fwp%2Fv2%2Fmedia&parent=440215"}],"wp:term":[{"taxonomy":"category","embeddable":true,"href":"https:\/\/www.diarioimagen.net\/index.php?rest_route=%2Fwp%2Fv2%2Fcategories&post=440215"},{"taxonomy":"post_tag","embeddable":true,"href":"https:\/\/www.diarioimagen.net\/index.php?rest_route=%2Fwp%2Fv2%2Ftags&post=440215"}],"curies":[{"name":"wp","href":"https:\/\/api.w.org\/{rel}","templated":true}]}}