{"id":440278,"date":"2019-08-25T00:04:20","date_gmt":"2019-08-25T05:04:20","guid":{"rendered":"https:\/\/www.diarioimagen.net\/?p=440278"},"modified":"2019-08-25T23:08:57","modified_gmt":"2019-08-26T04:08:57","slug":"periodista-asesinado-3","status":"publish","type":"post","link":"https:\/\/www.diarioimagen.net\/?p=440278","title":{"rendered":"Periodista asesinado"},"content":{"rendered":"<h2>Punto por punto<\/h2>\n<h5>Augusto Corro<\/h5>\n<p>&nbsp;<\/p>\n<p>El periodista Nevith Cond\u00e9s Jaramillo, de 42 a\u00f1os, fue asesinado en Tejupilco, Estado de M\u00e9xico (Edomex).<\/p>\n<p>Las autoridades dijeron que el comunicador presentaba varias pu\u00f1aladas en diferentes partes del cuerpo.<\/p>\n<p>El cad\u00e1ver fue localizado en el Cerro de Cacalotepec el s\u00e1bado en la ma\u00f1ana.<\/p>\n<p>Cond\u00e9s Jaramillo se desempe\u00f1aba como periodista en El Observatorio del Sur, portal de internet con noticias del estado de Guerrero, Edomex y Michoac\u00e1n.<\/p>\n<p>A\u00fan se desconoce si la muerte del comunicador se origin\u00f3 por un ataque directo o un asalto.<\/p>\n<p>Cond\u00e9s Jaramillo es el cuarto periodista mexicano asesinado en el \u00faltimo mes y el d\u00e9cimo segundo en lo que va del a\u00f1o.<\/p>\n<p>Trascendi\u00f3 que el comunicador recibi\u00f3 amenazas en las \u00faltimas semanas, pero no recibi\u00f3 protecci\u00f3n alguna.<\/p>\n<p>Cabe se\u00f1alar que Cond\u00e9s Jaramillo practicaba un periodismo de denuncia.<\/p>\n<p>M\u00e9xico, en los \u00faltimos a\u00f1os, fue se\u00f1alado como un pa\u00eds muy peligroso para la pr\u00e1ctica del periodismo. La delincuencia organizada y los caciques saben que los asesinos de periodistas gozan de total impunidad.<\/p>\n<p>De acuerdo con las estad\u00edsticas\u00a0 desde 2000 a la fecha\u00a0 de 153 comunicadores fueron privados de la vida.<\/p>\n<p>El hecho real es que la agresi\u00f3n a los periodistas contin\u00faa y nadie es capaz de evitarla.<\/p>\n<p style=\"text-align: center;\"><strong>El <em>Comandante Borolas<\/em><\/strong><\/p>\n<p>El presidente Andr\u00e9s Manuel L\u00f3pez Obrador bautiz\u00f3 al ex presidente Felipe Calder\u00f3n como el <em>Comandante Borolas<\/em>.<\/p>\n<p>El mandatario se refiri\u00f3 al d\u00eda en que el michoacano le declar\u00f3 la guerra al crimen organizado, a principios de 2007.<\/p>\n<p>Evoc\u00f3 la indumentaria de Calder\u00f3n de esa fecha:<\/p>\n<p>\u201cVa vestido de militar. Se pone un chaleco que hasta le quedaba grande. Parec\u00eda el <em>Comandante Borolas<\/em>. All\u00ed declara la guerra\u201d.<\/p>\n<p>En efecto, la chamarra de militar le quedaba varias tallas m\u00e1s grande a Calder\u00f3n. Mov\u00eda a risa. Tras las palabras del presidente L\u00f3pez Obrador, los memes del <em>Comandante Borolas<\/em> causaron furor en las\u00a0 redes sociales.<\/p>\n<p>Borolas era un actor c\u00f3mico en la Epoca de Oro del Cine Mexicano. Se llamaba Joaqu\u00edn Garc\u00eda Vargas. La ropa que usaba en las pel\u00edculas le quedaba varias tallas m\u00e1s grande.<\/p>\n<p>\u00bfEl chascarrillo presidencial, analizado a fondo, favorece al ex mandatario Calder\u00f3n? Supongo que s\u00ed, pues lo hace a un lado del tema central de lo ocurrido en la guerra fallida contra el crimen organizado.<\/p>\n<p>Como se sabe durante el sexenio panista 121 mil 683 personas murieron violentamente. \u00bfY los miles de hu\u00e9rfanos y viudas? \u00bfY los miles de desaparecidos?<\/p>\n<p>Sin embargo, el ex mandatario, en una actitud llena de cinismo, respondi\u00f3\u00a0 lo siguiente a lo declarado por el presidente L\u00f3pez Obrador:<\/p>\n<p>\u201cHoy se cometen m\u00e1s de 100 homicidios al d\u00eda. Casi el doble que al final de mi gobierno, el cual comenz\u00f3 a limpiar la casa plagada de animales venenosos. Hoy se les deja crecer porque no distinguen alacranes de abejas. A m\u00ed no me queda el saco. A otros el cargo les queda grande\u201d.<\/p>\n<p>En fin, a Calder\u00f3n le fue bien con el apodo de <em>Comandante Borolas,<\/em> porque el sobrenombre apropiado para el michoacano tendr\u00eda que ser el de <em>Comandante Muerte<\/em>. \u00bfUsted qu\u00e9 opina amable lector?<\/p>\n<p style=\"text-align: center;\"><strong>Agarrados del chongo<\/strong><\/p>\n<p>Sabemos cu\u00e1ndo empez\u00f3 la pugna entre los senadores morenistas Mart\u00ed Batres y Ricardo Monreal, pero ignoramos la fecha de la reconciliaci\u00f3n si esta llega a ocurrir.<\/p>\n<p>El pleito se agudiz\u00f3 cuando el legislador Mart\u00ed perdi\u00f3 la elecci\u00f3n que de ganarla seguir\u00eda como presidente de la Mesa Directiva del Senado.<\/p>\n<p>Pero no consigui\u00f3 los votos suficientes para continuar en la presidencia mencionada. Una jugada ilegal de Monreal, de \u00faltima hora, le dio el triunfo a la senadora morenista, M\u00f3nica Fern\u00e1ndez.<\/p>\n<p>Legisladores del Partido Encuentro Social (PES) que no debieron emitir su voto, s\u00ed lo hicieron a favor de la senadora M\u00f3nica Fern\u00e1ndez. Con eso hecho se ensuci\u00f3 el proceso, dijo el propio Mart\u00ed.<\/p>\n<p>El legislador Mart\u00ed manifest\u00f3 que Monreal debe renunciar a su cargo de coordinador de la bancada morenista en el Senado para que lo ocupe una mujer y la situaci\u00f3n sea m\u00e1s pareja para ambos.<\/p>\n<p>Mientras, el derrotado Mart\u00ed present\u00f3 ante la Comisi\u00f3n Nacional de Honestidad y Justicia de Morena una queja ante las anomal\u00edas en el proceso de elecci\u00f3n, para la presidencia de la Mesa Directiva del Senado. El senador Monreal no quiere hablar del tema.<\/p>\n<p>Por cierto, el enfrentamiento entre los citados legisladores surgi\u00f3 a unos cuantos meses del cambio en la dirigencia nacional del Movimiento de Regeneraci\u00f3n Nacional (Morena), que amenaza con una lucha interna por el poder.<\/p>\n<p><em><u><a href=\"mailto:aco2742@hotmail.com\" target=\"_blank\" rel=\"noopener noreferrer\">aco2742@hotmail.com<\/a><\/u><\/em><\/p>\n","protected":false},"excerpt":{"rendered":"<p><span style=\"color: #005497;\"><strong>Augusto Corro<\/strong><\/span><\/p>\n","protected":false},"author":3,"featured_media":0,"comment_status":"open","ping_status":"open","sticky":false,"template":"","format":"standard","meta":{"_monsterinsights_skip_tracking":false,"_monsterinsights_sitenote_active":false,"_monsterinsights_sitenote_note":"","_monsterinsights_sitenote_category":0,"footnotes":""},"categories":[157],"tags":[43686,43674,11515],"class_list":["post-440278","post","type-post","status-publish","format-standard","hentry","category-augusto-corro","tag-augusto-corro","tag-opinion","tag-punto-por-punto"],"_links":{"self":[{"href":"https:\/\/www.diarioimagen.net\/index.php?rest_route=\/wp\/v2\/posts\/440278","targetHints":{"allow":["GET"]}}],"collection":[{"href":"https:\/\/www.diarioimagen.net\/index.php?rest_route=\/wp\/v2\/posts"}],"about":[{"href":"https:\/\/www.diarioimagen.net\/index.php?rest_route=\/wp\/v2\/types\/post"}],"author":[{"embeddable":true,"href":"https:\/\/www.diarioimagen.net\/index.php?rest_route=\/wp\/v2\/users\/3"}],"replies":[{"embeddable":true,"href":"https:\/\/www.diarioimagen.net\/index.php?rest_route=%2Fwp%2Fv2%2Fcomments&post=440278"}],"version-history":[{"count":0,"href":"https:\/\/www.diarioimagen.net\/index.php?rest_route=\/wp\/v2\/posts\/440278\/revisions"}],"wp:attachment":[{"href":"https:\/\/www.diarioimagen.net\/index.php?rest_route=%2Fwp%2Fv2%2Fmedia&parent=440278"}],"wp:term":[{"taxonomy":"category","embeddable":true,"href":"https:\/\/www.diarioimagen.net\/index.php?rest_route=%2Fwp%2Fv2%2Fcategories&post=440278"},{"taxonomy":"post_tag","embeddable":true,"href":"https:\/\/www.diarioimagen.net\/index.php?rest_route=%2Fwp%2Fv2%2Ftags&post=440278"}],"curies":[{"name":"wp","href":"https:\/\/api.w.org\/{rel}","templated":true}]}}