{"id":440298,"date":"2019-08-26T00:06:50","date_gmt":"2019-08-26T05:06:50","guid":{"rendered":"https:\/\/www.diarioimagen.net\/?p=440298"},"modified":"2019-08-25T23:33:07","modified_gmt":"2019-08-26T04:33:07","slug":"la-verdad-mentirosa","status":"publish","type":"post","link":"https:\/\/www.diarioimagen.net\/?p=440298","title":{"rendered":"La verdad mentirosa"},"content":{"rendered":"<h2>Con mi mano izquierda&#8230;<\/h2>\n<h5>Edgar G\u00f3mez Flores<\/h5>\n<p>&nbsp;<\/p>\n<p>Ninguna persona y ning\u00fan gobierno puede mejorar si no acepta su realidad. Sobre esto, no es dif\u00edcil saber cu\u00e1l es la realidad de nuestro pa\u00eds: la inseguridad, lo endeble de nuestra econom\u00eda, la dependencia de nuestros vecinos del norte, la corrupci\u00f3n, entre otros temas. Se conoce su diagn\u00f3stico y, aun cuando no se conociera, se intuir\u00eda; sin embargo, en las palabras del Presidente de M\u00e9xico, en conjunto con el coro de la cuarta transformaci\u00f3n, el pa\u00eds se desborda de felicidad, ya que distribuye mejor la riqueza (con un crecimiento del 0%), es un pa\u00eds optimista de su futuro, aun cuando se contabilizan m\u00e1s de 100 asesinatos diarios en este a\u00f1o.<\/p>\n<p>La estrategia de Andr\u00e9s Manuel es clara: mantener un discurso sobre la realidad que pretende imponer a los mexicanos\u00a0 y mover la verdad hacia donde le convenga.<\/p>\n<p>Si en la oposici\u00f3n un crecimiento de .8% era mediocre y demostraba la incapacidad de los gobiernos neoliberales, ahora el 0% es muestra de una mejor\u00eda en la distribuci\u00f3n de la riqueza en nuestro pa\u00eds. Antes, la guerra contra el narcotr\u00e1fico fue fallida, porque nunca debi\u00f3 salir el Ej\u00e9rcito a las calles.<\/p>\n<p>Ahora, con el Ej\u00e9rcito empoderado constitucionalmente, v\u00eda la Guardia Nacional y con el a\u00f1o m\u00e1s violento del pa\u00eds, M\u00e9xico es un pa\u00eds feliz, y estas cifras, son asesinatos entre el crimen organizado, los cuales no afectan a la poblaci\u00f3n.<\/p>\n<p>En este sentido, nos queda claro que cualquier realidad que aqueje a nuestro pa\u00eds tiene un discurso de salida minuciosamente estructurado en tres pasos: (1) culpar a gobiernos anteriores (neoliberales y conservadores), (2) decir que esa verdad es informaci\u00f3n tergiversada de los opositores de este gobierno (los famosos \u201cotros datos) y, en caso de estar acorralado ante las cifras que su mismo gobierno genera, (3) interpretar el dato negativo como un dato positivo.<\/p>\n<p>As\u00ed, han pasado nueve meses y seguramente pasar\u00e1n los siguientes sesenta y tres, hasta que termine este sexenio. Con un discurso evasivo y por lo tanto, irresponsable y con un inventario de culpables que no apoyan esta cuarta transformaci\u00f3n. Por esto, veremos, hasta en doble fila, a la prensa \u201cfif\u00ed\u201d, a los empresarios conservadores y a los pol\u00edticos neoliberales, como los enemigos que pretende el Presidente combatir, pero no vencer, porque su existencia es necesaria para justificar sus incapacidades y las de su gabinete. Esto lleg\u00f3 al extremo en esta semana, cuando, la secretaria de Gobernaci\u00f3n, Olga S\u00e1nchez Cordero, mencion\u00f3 a los periodistas que el gobierno federal est\u00e1 dialogando con grupos armados en todo el pa\u00eds. Sin embargo, la misma titular de la Segob, en un posterior <em>tuit<\/em>, se\u00f1al\u00f3 que los grupos no son del crimen organizado, sino autodefensas y mencion\u00f3 que la informaci\u00f3n referida al di\u00e1logo que mantiene este gobierno con el crimen organizado, es falso y es producto de una \u201clamentable edici\u00f3n de declaraciones\u201d. Esto desvi\u00f3 la discusi\u00f3n de una nula pol\u00edtica para combatir el crimen organizado en M\u00e9xico y una p\u00e9sima comunicaci\u00f3n de la secretaria de Gobernaci\u00f3n.<\/p>\n<p>Empero, con esta declaraci\u00f3n, todo se centr\u00f3 en la mala fe del editor y de los cibernautas que retuitearon las fallidas declaraciones de nuestra secretaria de Gobernaci\u00f3n.<\/p>\n<p>Este ejemplo y otros tantos relacionados con el mal funcionamiento de las pol\u00edticas p\u00fablicas que impulsa la cuarta transformaci\u00f3n nos permiten ver todo un gobierno y todo un estilo pol\u00edtico para justificar lo injustificable, para evadir hasta la evidencia de un pa\u00eds que no ser\u00e1 m\u00e1s feliz con un freno econ\u00f3mico, con una violencia creciente y con un deterioro de los servicios p\u00fablicos.<\/p>\n<p>Andr\u00e9s Manuel debe saber que este estilo le es \u00fatil a \u00e9l y a su gobierno mientras mantenga los niveles de popularidad actuales. Pero, una vez que rebase su piso de popularidad, seguir evadiendo la realidad de sus gobernados le generar\u00e1 una espiral descendiente alimentada por el soslayo de los problemas venideros. Ahora, en lo que llegamos a este momento, veremos qu\u00e9 nueva realidad es modificada, porque nuestro Presidente nos ha acostumbrado a que, cuando dice una cosa, tambi\u00e9n dice otra.<\/p>\n<p><a href=\"mailto:edgargomez_cide@yahoo.com.mx\"><em>edgargomez_cide@yahoo.com.mx<\/em><\/a><\/p>\n","protected":false},"excerpt":{"rendered":"<p><span style=\"color: #005497;\"><strong>Edgar G\u00f3mez Flores<\/strong><\/span><\/p>\n","protected":false},"author":3,"featured_media":0,"comment_status":"open","ping_status":"open","sticky":false,"template":"","format":"standard","meta":{"_monsterinsights_skip_tracking":false,"_monsterinsights_sitenote_active":false,"_monsterinsights_sitenote_note":"","_monsterinsights_sitenote_category":0,"footnotes":""},"categories":[3819],"tags":[85911,85912,43674],"class_list":["post-440298","post","type-post","status-publish","format-standard","hentry","category-edgar-gomez-flores","tag-con-mi-mano-izquierda","tag-edgar-gomez-flores","tag-opinion"],"_links":{"self":[{"href":"https:\/\/www.diarioimagen.net\/index.php?rest_route=\/wp\/v2\/posts\/440298","targetHints":{"allow":["GET"]}}],"collection":[{"href":"https:\/\/www.diarioimagen.net\/index.php?rest_route=\/wp\/v2\/posts"}],"about":[{"href":"https:\/\/www.diarioimagen.net\/index.php?rest_route=\/wp\/v2\/types\/post"}],"author":[{"embeddable":true,"href":"https:\/\/www.diarioimagen.net\/index.php?rest_route=\/wp\/v2\/users\/3"}],"replies":[{"embeddable":true,"href":"https:\/\/www.diarioimagen.net\/index.php?rest_route=%2Fwp%2Fv2%2Fcomments&post=440298"}],"version-history":[{"count":0,"href":"https:\/\/www.diarioimagen.net\/index.php?rest_route=\/wp\/v2\/posts\/440298\/revisions"}],"wp:attachment":[{"href":"https:\/\/www.diarioimagen.net\/index.php?rest_route=%2Fwp%2Fv2%2Fmedia&parent=440298"}],"wp:term":[{"taxonomy":"category","embeddable":true,"href":"https:\/\/www.diarioimagen.net\/index.php?rest_route=%2Fwp%2Fv2%2Fcategories&post=440298"},{"taxonomy":"post_tag","embeddable":true,"href":"https:\/\/www.diarioimagen.net\/index.php?rest_route=%2Fwp%2Fv2%2Ftags&post=440298"}],"curies":[{"name":"wp","href":"https:\/\/api.w.org\/{rel}","templated":true}]}}