{"id":440556,"date":"2019-08-28T00:05:01","date_gmt":"2019-08-28T05:05:01","guid":{"rendered":"https:\/\/www.diarioimagen.net\/?p=440556"},"modified":"2019-08-29T01:49:07","modified_gmt":"2019-08-29T06:49:07","slug":"gobierno-y-empresas-logran-acuerdo-sobre-gasoductos-lopez-obrador","status":"publish","type":"post","link":"https:\/\/www.diarioimagen.net\/?p=440556","title":{"rendered":"Se garantiza abasto de gas para industria el\u00e9ctrica, dice AMLO"},"content":{"rendered":"<ul>\n<li><em><strong>Ahorro para la hacienda p\u00fablica por 4,500 mdd<\/strong><\/em><\/li>\n<\/ul>\n<p><strong>\u00a0<\/strong><\/p>\n<div id=\"attachment_440557\" style=\"width: 470px\" class=\"wp-caption aligncenter\"><img loading=\"lazy\" decoding=\"async\" aria-describedby=\"caption-attachment-440557\" class=\"size-large wp-image-440557\" src=\"https:\/\/www.diarioimagen.net\/wp-content\/uploads\/2019\/08\/AMLO28-portal-460x268.jpg\" alt=\"\" width=\"460\" height=\"268\" srcset=\"https:\/\/www.diarioimagen.net\/wp-content\/uploads\/2019\/08\/AMLO28-portal-460x268.jpg 460w, https:\/\/www.diarioimagen.net\/wp-content\/uploads\/2019\/08\/AMLO28-portal-240x140.jpg 240w, https:\/\/www.diarioimagen.net\/wp-content\/uploads\/2019\/08\/AMLO28-portal.jpg 480w\" sizes=\"auto, (max-width: 460px) 100vw, 460px\" \/><p id=\"caption-attachment-440557\" class=\"wp-caption-text\">Andr\u00e9s Manuel L\u00f3pez Obrador dio a conocer este martes que se logr\u00f3 un \u201cmuy buen acuerdo\u201d con las empresas constructoras de gasoductos.<\/p><\/div>\n<p>&nbsp;<\/p>\n<p>El presidente Andr\u00e9s Manuel L\u00f3pez Obrador dio a conocer que se logr\u00f3 un \u201cmuy buen acuerdo\u201d con las empresas constructoras de gasoductos en el pa\u00eds, que permitir\u00e1 un ahorro para la hacienda p\u00fablica de 4 mil 500 millones de d\u00f3lares en beneficio de la Comisi\u00f3n Federal de Electricidad (CFE) y que garantiza el abasto de gas y energ\u00eda el\u00e9ctrica.<\/p>\n<p>Durante su conferencia de prensa matutina, sostuvo que con este acuerdo se garantiza el abasto de gas para la industria el\u00e9ctrica, \u201cpara que no tengamos apagones en muchos a\u00f1os y para el fomento de la industria nacional; vamos a tener gas suficiente en M\u00e9xico\u201d.<\/p>\n<p>Acompa\u00f1ado por el secretario de Hacienda, Arturo Herrera Guti\u00e9rrez, y el director de la CFE, Manuel Bartlett D\u00edaz, el mandatario federal agradeci\u00f3 la voluntad de los empresarios para llegar a un acuerdo mediante el di\u00e1logo, \u201cponiendo por delante el inter\u00e9s nacional y considerando tambi\u00e9n el inter\u00e9s leg\u00edtimo de las empresas\u201d.<\/p>\n<p>Reconoci\u00f3 que hab\u00eda discrepancias con las compa\u00f1\u00edas e \u201cincluso se estaba a punto de acudir a tribunales internacionales por los contratos que se suscribieron en la construcci\u00f3n de gasoductos\u201d, debido a la controversia que hubo desde el inicio de la administraci\u00f3n por los costos del servicio de transporte de gas.<\/p>\n<p>Con la presencia de Carlos Slim, presidente de Grupo Carso; Carlos Salazar, titular del Consejo Coordinador Empresarial (CCE), y Antonio del Valle, dirigente del Consejo Mexicano de Negocios (CMN), el jefe del Ejecutivo federal record\u00f3 que hizo un llamado a los empresarios para buscar un acuerdo.<\/p>\n<p>Dijo que en este tema \u201cse hab\u00edan acordado condiciones que nosotros consideramos da\u00f1inas para la hacienda p\u00fablica, y por eso se acudi\u00f3 a los due\u00f1os de las empresas, para que haciendo a un lado los compromisos legales, se llegara a un acuerdo en beneficio de todos\u201d.<\/p>\n<p>En el sal\u00f3n Tesorer\u00eda de Palacio Nacional a donde tambi\u00e9n asistieron Carlos Ruiz Sacrist\u00e1n, presidente ejecutivo de IEnova; Tania Ortiz Mena, directora General de IENova, y Robert Jones, director de TransCanad\u00e1, el presidente L\u00f3pez Obrador afirm\u00f3 que los empresarios actuaron con mucha responsabilidad.<\/p>\n<p>Hizo un reconocimiento especial al presidente de Grupo Carso, Carlos Slim, por haber sido el primero en llegar a un acuerdo con la CFE, lo que \u201cmarc\u00f3 la pauta para lograr los acuerdos\u201d, al tiempo que destac\u00f3 la intermediaci\u00f3n de dirigentes del sector empresarial del pa\u00eds, quienes estuvieron en todos los encuentros que se llevaron a cabo.<\/p>\n<p>\u201cGanamos porque se reduce el costo de las tarifas en el transporte del gas y esto va a repercutir en que se produzca energ\u00eda el\u00e9ctrica a menores costos y no aumenten las tarifas\u00bb, indic\u00f3 el mandatario federal.<\/p>\n","protected":false},"excerpt":{"rendered":"<p>El presidente Andr\u00e9s Manuel L\u00f3pez Obrador dio a conocer que se logr\u00f3 un \u201cmuy buen acuerdo\u201d con las empresas constructoras de gasoductos en el pa\u00eds, que permitir\u00e1 un ahorro para la hacienda p\u00fablica de 4 mil 500 millones de d\u00f3lares en beneficio de la Comisi\u00f3n Federal de Electricidad (CFE) y que garantiza el abasto de gas y energ\u00eda el\u00e9ctrica.<\/p>\n","protected":false},"author":1,"featured_media":440557,"comment_status":"open","ping_status":"open","sticky":false,"template":"","format":"standard","meta":{"_monsterinsights_skip_tracking":false,"_monsterinsights_sitenote_active":false,"_monsterinsights_sitenote_note":"","_monsterinsights_sitenote_category":0,"footnotes":""},"categories":[8],"tags":[87512,2545,81194,139,177,43678,81020,3002],"class_list":["post-440556","post","type-post","status-publish","format-standard","has-post-thumbnail","hentry","category-finanzas","tag-abasto-de-gas","tag-amlo","tag-arturo-herrera-gutierrez","tag-cfe","tag-estados-unidos","tag-finanzas","tag-lopez-obrador","tag-manuel-bartlett-diaz"],"_links":{"self":[{"href":"https:\/\/www.diarioimagen.net\/index.php?rest_route=\/wp\/v2\/posts\/440556","targetHints":{"allow":["GET"]}}],"collection":[{"href":"https:\/\/www.diarioimagen.net\/index.php?rest_route=\/wp\/v2\/posts"}],"about":[{"href":"https:\/\/www.diarioimagen.net\/index.php?rest_route=\/wp\/v2\/types\/post"}],"author":[{"embeddable":true,"href":"https:\/\/www.diarioimagen.net\/index.php?rest_route=\/wp\/v2\/users\/1"}],"replies":[{"embeddable":true,"href":"https:\/\/www.diarioimagen.net\/index.php?rest_route=%2Fwp%2Fv2%2Fcomments&post=440556"}],"version-history":[{"count":0,"href":"https:\/\/www.diarioimagen.net\/index.php?rest_route=\/wp\/v2\/posts\/440556\/revisions"}],"wp:featuredmedia":[{"embeddable":true,"href":"https:\/\/www.diarioimagen.net\/index.php?rest_route=\/wp\/v2\/media\/440557"}],"wp:attachment":[{"href":"https:\/\/www.diarioimagen.net\/index.php?rest_route=%2Fwp%2Fv2%2Fmedia&parent=440556"}],"wp:term":[{"taxonomy":"category","embeddable":true,"href":"https:\/\/www.diarioimagen.net\/index.php?rest_route=%2Fwp%2Fv2%2Fcategories&post=440556"},{"taxonomy":"post_tag","embeddable":true,"href":"https:\/\/www.diarioimagen.net\/index.php?rest_route=%2Fwp%2Fv2%2Ftags&post=440556"}],"curies":[{"name":"wp","href":"https:\/\/api.w.org\/{rel}","templated":true}]}}