{"id":440615,"date":"2019-08-28T00:09:39","date_gmt":"2019-08-28T05:09:39","guid":{"rendered":"https:\/\/www.diarioimagen.net\/?p=440615"},"modified":"2019-08-28T02:58:02","modified_gmt":"2019-08-28T07:58:02","slug":"cooperacion-academica-de-la-uaem-con-universidades-japonesas-cumple-4-decadas","status":"publish","type":"post","link":"https:\/\/www.diarioimagen.net\/?p=440615","title":{"rendered":"Cooperaci\u00f3n acad\u00e9mica de la UAEM con universidades japonesas cumple 4 d\u00e9cadas"},"content":{"rendered":"<ul>\n<li><strong><em>Estancia en la Facultad de Odontolog\u00eda<\/em><\/strong><\/li>\n<\/ul>\n<p>&nbsp;<\/p>\n<div id=\"attachment_440688\" style=\"width: 470px\" class=\"wp-caption aligncenter\"><a href=\"https:\/\/www.diarioimagen.net\/?attachment_id=440688\" rel=\"attachment wp-att-440688\"><img loading=\"lazy\" decoding=\"async\" aria-describedby=\"caption-attachment-440688\" class=\"size-large wp-image-440688\" src=\"https:\/\/www.diarioimagen.net\/wp-content\/uploads\/2019\/08\/UAEM-28-460x259.jpg\" alt=\"\" width=\"460\" height=\"259\" srcset=\"https:\/\/www.diarioimagen.net\/wp-content\/uploads\/2019\/08\/UAEM-28-460x259.jpg 460w, https:\/\/www.diarioimagen.net\/wp-content\/uploads\/2019\/08\/UAEM-28-240x135.jpg 240w, https:\/\/www.diarioimagen.net\/wp-content\/uploads\/2019\/08\/UAEM-28-235x132.jpg 235w, https:\/\/www.diarioimagen.net\/wp-content\/uploads\/2019\/08\/UAEM-28-202x114.jpg 202w, https:\/\/www.diarioimagen.net\/wp-content\/uploads\/2019\/08\/UAEM-28-350x196.jpg 350w, https:\/\/www.diarioimagen.net\/wp-content\/uploads\/2019\/08\/UAEM-28-220x123.jpg 220w, https:\/\/www.diarioimagen.net\/wp-content\/uploads\/2019\/08\/UAEM-28-237x132.jpg 237w, https:\/\/www.diarioimagen.net\/wp-content\/uploads\/2019\/08\/UAEM-28.jpg 480w\" sizes=\"auto, (max-width: 460px) 100vw, 460px\" \/><\/a><p id=\"caption-attachment-440688\" class=\"wp-caption-text\">La titular de la Secretar\u00eda de Cooperaci\u00f3n Internacional, Mar\u00eda del Pilar Ampudia Garc\u00eda, encabez\u00f3, en representaci\u00f3n del rector Alfredo Barrera Baca, la bienvenida a 10 estudiantes y un acad\u00e9mico de las universidades japonesas de Meikai y Asahi.<\/p><\/div>\n<p>&nbsp;<\/p>\n<p><strong>Toluca, Estado de M\u00e9xico<\/strong>.\u2013 La cooperaci\u00f3n internacional es esencial para mejorar la formaci\u00f3n acad\u00e9mica de los estudiantes y crear en ellos conciencia de la ciudadan\u00eda universal que los lleva a reconocer el valor y respeto que cada persona merece sin importar su raza, religi\u00f3n o nacionalidad, afirm\u00f3 la titular de la Secretar\u00eda de Cooperaci\u00f3n Internacional de la Universidad Aut\u00f3noma del Estado de M\u00e9xico, Mar\u00eda del Pilar Ampudia Garc\u00eda.<\/p>\n<p>En el Edificio de Rector\u00eda, la servidora universitaria encabez\u00f3, en representaci\u00f3n del rector Alfredo Barrera Baca, la bienvenida a 10 estudiantes y un acad\u00e9mico de las universidades japonesas de Meikai y Asahi que realizan una estancia acad\u00e9mica y cultural en la Facultad de Odontolog\u00eda.<\/p>\n<p>Ampudia Garc\u00eda indic\u00f3 que este a\u00f1o se cumplen cuatro d\u00e9cadas de cooperaci\u00f3n acad\u00e9mica entre la UAEM y las instituciones de educaci\u00f3n superior niponas y agradeci\u00f3 el equipamiento tecnol\u00f3gico que de ellas recibir\u00e1 el Centro de Investigaci\u00f3n y Estudios Avanzados en Odontolog\u00eda de la UAEM.<\/p>\n<p>Por su parte, la directora de la Facultad, Edith Lara Carrillo, expres\u00f3 que, por primera vez, gracias al apoyo del programa Sakura del Ministerio de Educaci\u00f3n de Jap\u00f3n, la delegaci\u00f3n de la UAEM que realizar\u00e1 su estancia acad\u00e9mica en Meikai y Asahi tendr\u00e1 hospedaje, alimentaci\u00f3n y transporte sin costo alguno.<\/p>\n<p>\u201cIntercambiar experiencias, conocimiento, cultura, tradiciones y valores es valioso para todos los que participamos en este programa, que nos ha brindado la oportunidad de crecimiento acad\u00e9mico, cultural y personal, cosechar amigos, recuerdos y experiencias, sentirnos afortunados y orgullosos de nuestra universidad\u201d.<\/p>\n<p>Cabe destacar que, como parte de este programa, estudiantes japoneses realizan pr\u00e1cticas en las cl\u00ednicas de la Facultad de Odontolog\u00eda, bajo la supervisi\u00f3n de docentes; asimismo, participan en diversas actividades culturales que lleva a cabo dicho organismo acad\u00e9mico.<\/p>\n","protected":false},"excerpt":{"rendered":"<p>La cooperaci\u00f3n internacional es esencial para mejorar la formaci\u00f3n acad\u00e9mica de los estudiantes y crear en ellos conciencia de la ciudadan\u00eda universal que los lleva a reconocer el valor y respeto que cada persona merece sin importar su raza, religi\u00f3n o nacionalidad, afirm\u00f3 la titular de la Secretar\u00eda de Cooperaci\u00f3n Internacional de la Universidad Aut\u00f3noma del Estado de M\u00e9xico, Mar\u00eda del Pilar Ampudia Garc\u00eda.<\/p>\n","protected":false},"author":3,"featured_media":440688,"comment_status":"open","ping_status":"open","sticky":false,"template":"","format":"standard","meta":{"_monsterinsights_skip_tracking":false,"_monsterinsights_sitenote_active":false,"_monsterinsights_sitenote_note":"","_monsterinsights_sitenote_category":0,"footnotes":""},"categories":[5],"tags":[32052,87516,43675,452,1491],"class_list":["post-440615","post","type-post","status-publish","format-standard","has-post-thumbnail","hentry","category-estado-de-mexico","tag-cooperacion","tag-decadas","tag-estado-de-mexico","tag-toluca","tag-uaem"],"_links":{"self":[{"href":"https:\/\/www.diarioimagen.net\/index.php?rest_route=\/wp\/v2\/posts\/440615","targetHints":{"allow":["GET"]}}],"collection":[{"href":"https:\/\/www.diarioimagen.net\/index.php?rest_route=\/wp\/v2\/posts"}],"about":[{"href":"https:\/\/www.diarioimagen.net\/index.php?rest_route=\/wp\/v2\/types\/post"}],"author":[{"embeddable":true,"href":"https:\/\/www.diarioimagen.net\/index.php?rest_route=\/wp\/v2\/users\/3"}],"replies":[{"embeddable":true,"href":"https:\/\/www.diarioimagen.net\/index.php?rest_route=%2Fwp%2Fv2%2Fcomments&post=440615"}],"version-history":[{"count":0,"href":"https:\/\/www.diarioimagen.net\/index.php?rest_route=\/wp\/v2\/posts\/440615\/revisions"}],"wp:featuredmedia":[{"embeddable":true,"href":"https:\/\/www.diarioimagen.net\/index.php?rest_route=\/wp\/v2\/media\/440688"}],"wp:attachment":[{"href":"https:\/\/www.diarioimagen.net\/index.php?rest_route=%2Fwp%2Fv2%2Fmedia&parent=440615"}],"wp:term":[{"taxonomy":"category","embeddable":true,"href":"https:\/\/www.diarioimagen.net\/index.php?rest_route=%2Fwp%2Fv2%2Fcategories&post=440615"},{"taxonomy":"post_tag","embeddable":true,"href":"https:\/\/www.diarioimagen.net\/index.php?rest_route=%2Fwp%2Fv2%2Ftags&post=440615"}],"curies":[{"name":"wp","href":"https:\/\/api.w.org\/{rel}","templated":true}]}}