{"id":440617,"date":"2019-08-28T00:08:52","date_gmt":"2019-08-28T05:08:52","guid":{"rendered":"https:\/\/www.diarioimagen.net\/?p=440617"},"modified":"2019-08-28T04:07:43","modified_gmt":"2019-08-28T09:07:43","slug":"huixquilucan-gobierno-transparente-afirma-el-alcalde-vargas-del-villar","status":"publish","type":"post","link":"https:\/\/www.diarioimagen.net\/?p=440617","title":{"rendered":"Huixquilucan, gobierno transparente, afirma el alcalde Vargas del Villar"},"content":{"rendered":"<ul>\n<li><strong><em>Referente a nivel nacional<\/em><\/strong><\/li>\n<\/ul>\n<p>&nbsp;<\/p>\n<div id=\"attachment_440692\" style=\"width: 470px\" class=\"wp-caption aligncenter\"><a href=\"https:\/\/www.diarioimagen.net\/?attachment_id=440692\" rel=\"attachment wp-att-440692\"><img loading=\"lazy\" decoding=\"async\" aria-describedby=\"caption-attachment-440692\" class=\"size-large wp-image-440692\" src=\"https:\/\/www.diarioimagen.net\/wp-content\/uploads\/2019\/08\/HUIXQUILUCAN-28-460x259.jpg\" alt=\"\" width=\"460\" height=\"259\" srcset=\"https:\/\/www.diarioimagen.net\/wp-content\/uploads\/2019\/08\/HUIXQUILUCAN-28-460x259.jpg 460w, https:\/\/www.diarioimagen.net\/wp-content\/uploads\/2019\/08\/HUIXQUILUCAN-28-240x135.jpg 240w, https:\/\/www.diarioimagen.net\/wp-content\/uploads\/2019\/08\/HUIXQUILUCAN-28-235x132.jpg 235w, https:\/\/www.diarioimagen.net\/wp-content\/uploads\/2019\/08\/HUIXQUILUCAN-28-202x114.jpg 202w, https:\/\/www.diarioimagen.net\/wp-content\/uploads\/2019\/08\/HUIXQUILUCAN-28-350x196.jpg 350w, https:\/\/www.diarioimagen.net\/wp-content\/uploads\/2019\/08\/HUIXQUILUCAN-28-220x123.jpg 220w, https:\/\/www.diarioimagen.net\/wp-content\/uploads\/2019\/08\/HUIXQUILUCAN-28-237x132.jpg 237w, https:\/\/www.diarioimagen.net\/wp-content\/uploads\/2019\/08\/HUIXQUILUCAN-28.jpg 480w\" sizes=\"auto, (max-width: 460px) 100vw, 460px\" \/><\/a><p id=\"caption-attachment-440692\" class=\"wp-caption-text\">Enrique Vargas Villar, mun\u00edcipe de Huixquilucan, encabez\u00f3 el seminario en materia de acceso a la informaci\u00f3n, protecci\u00f3n de datos personales y uso del sistema SAIMEX.<\/p><\/div>\n<p>&nbsp;<\/p>\n<p><strong>Huixquilucan, Estado de M\u00e9xico<\/strong>.- \u201cSiempre he dado la instrucci\u00f3n de ser transparente en mi gobierno\u201d, asegur\u00f3 Enrique Vargas del Villar, presidente municipal de Huixquilucan, al inaugurar el seminario de capacitaci\u00f3n en materia de acceso a la informaci\u00f3n, protecci\u00f3n de datos personales y uso del sistema SAIMEX.<\/p>\n<p>Al ser Huixquilucan un referente a nivel estatal y nacional, debido a que es el gobierno mejor calificado del Estado de M\u00e9xico y entre los 10 primeros en todo el pa\u00eds, Vargas del Villar reconoci\u00f3 que la ciudadan\u00eda cada vez requiere de mayor informaci\u00f3n sobre el trabajo que hacen los gobiernos.<\/p>\n<p>Record\u00f3, que el municipio ha sido reconocido por revistas prestigiadas, en lo referente a la transparencia, por lo que refrend\u00f3 su compromiso de seguir en la misma l\u00ednea.<\/p>\n<p>\u201cAqu\u00ed les dejo el compromiso de seguir siendo transparentes, seguir siendo un gobierno cercano a la ciudadan\u00eda y aqu\u00ed estamos para seguir siendo un gobierno transparente a favor de la ciudadan\u00eda y el mejor gobierno del Estado de M\u00e9xico\u201d, asever\u00f3 el edil, ante integrantes del Cabildo, gabinete y servidores p\u00fablicos de las diferentes \u00e1reas que conforman la administraci\u00f3n p\u00fablica.<\/p>\n<p>Luis Gustavo Parra Noriega, comisionado del Instituto de Transparencia, acceso a la Informaci\u00f3n P\u00fablica y Protecci\u00f3n de Datos Personales del Estado de M\u00e9xico y municipios (Infoem), record\u00f3 que la transparencia es una vacuna contra la corrupci\u00f3n y una gran herramienta de comunicaci\u00f3n social.<\/p>\n<p>Coment\u00f3, que el municipio es uno de los sujetos obligados con mayor n\u00famero de solicitudes de transparencia, no solo en el Estado de M\u00e9xico sino a nivel nacional, por ello, dijo \u201cla responsabilidad de lo que ustedes hagan y de lo que pasa por sus manos es fundamental\u201d.<\/p>\n<p>Ulises Mauricio Salazar Franco, titular de la Unidad de Transparencia del Ayuntamiento de Huixquilucan, se\u00f1al\u00f3 que el municipio ha tenido un cambio sustancial en materia de acceso a la informaci\u00f3n y transparencia. En este sentido, precis\u00f3 que Huixquilucan, como sujeto obligado, recibe poco m\u00e1s de mil 600 solicitudes de acceso a la informaci\u00f3n.<\/p>\n","protected":false},"excerpt":{"rendered":"<p>\u201cSiempre he dado la instrucci\u00f3n de ser transparente en mi gobierno\u201d, asegur\u00f3 Enrique Vargas del Villar, presidente municipal de Huixquilucan, al inaugurar el seminario de capacitaci\u00f3n en materia de acceso a la informaci\u00f3n, protecci\u00f3n de datos personales y uso del sistema SAIMEX.<\/p>\n","protected":false},"author":3,"featured_media":440692,"comment_status":"open","ping_status":"open","sticky":false,"template":"","format":"standard","meta":{"_monsterinsights_skip_tracking":false,"_monsterinsights_sitenote_active":false,"_monsterinsights_sitenote_note":"","_monsterinsights_sitenote_category":0,"footnotes":""},"categories":[5],"tags":[47218,43675,1097,87517],"class_list":["post-440617","post","type-post","status-publish","format-standard","has-post-thumbnail","hentry","category-estado-de-mexico","tag-enrique-vargas-del-villar","tag-estado-de-mexico","tag-huixquilucan","tag-saimex"],"_links":{"self":[{"href":"https:\/\/www.diarioimagen.net\/index.php?rest_route=\/wp\/v2\/posts\/440617","targetHints":{"allow":["GET"]}}],"collection":[{"href":"https:\/\/www.diarioimagen.net\/index.php?rest_route=\/wp\/v2\/posts"}],"about":[{"href":"https:\/\/www.diarioimagen.net\/index.php?rest_route=\/wp\/v2\/types\/post"}],"author":[{"embeddable":true,"href":"https:\/\/www.diarioimagen.net\/index.php?rest_route=\/wp\/v2\/users\/3"}],"replies":[{"embeddable":true,"href":"https:\/\/www.diarioimagen.net\/index.php?rest_route=%2Fwp%2Fv2%2Fcomments&post=440617"}],"version-history":[{"count":0,"href":"https:\/\/www.diarioimagen.net\/index.php?rest_route=\/wp\/v2\/posts\/440617\/revisions"}],"wp:featuredmedia":[{"embeddable":true,"href":"https:\/\/www.diarioimagen.net\/index.php?rest_route=\/wp\/v2\/media\/440692"}],"wp:attachment":[{"href":"https:\/\/www.diarioimagen.net\/index.php?rest_route=%2Fwp%2Fv2%2Fmedia&parent=440617"}],"wp:term":[{"taxonomy":"category","embeddable":true,"href":"https:\/\/www.diarioimagen.net\/index.php?rest_route=%2Fwp%2Fv2%2Fcategories&post=440617"},{"taxonomy":"post_tag","embeddable":true,"href":"https:\/\/www.diarioimagen.net\/index.php?rest_route=%2Fwp%2Fv2%2Ftags&post=440617"}],"curies":[{"name":"wp","href":"https:\/\/api.w.org\/{rel}","templated":true}]}}