{"id":440727,"date":"2019-08-29T00:09:28","date_gmt":"2019-08-29T05:09:28","guid":{"rendered":"https:\/\/www.diarioimagen.net\/?p=440727"},"modified":"2019-08-29T06:03:33","modified_gmt":"2019-08-29T11:03:33","slug":"amlo-pide-a-fgr-investigar-ataque-en-bar-de-coatzacoalcos","status":"publish","type":"post","link":"https:\/\/www.diarioimagen.net\/?p=440727","title":{"rendered":"AMLO pide a FGR investigar ataque en bar de Coatzacoalcos"},"content":{"rendered":"<ul>\n<li><em><strong>Al menos 26 personas muertas<\/strong><\/em><\/li>\n<\/ul>\n<p>&nbsp;<\/p>\n<div id=\"attachment_440729\" style=\"width: 470px\" class=\"wp-caption aligncenter\"><img loading=\"lazy\" decoding=\"async\" aria-describedby=\"caption-attachment-440729\" class=\"size-large wp-image-440729\" src=\"https:\/\/www.diarioimagen.net\/wp-content\/uploads\/2019\/08\/ATAQUE29-buena-portal-460x268.jpg\" alt=\"\" width=\"460\" height=\"268\" srcset=\"https:\/\/www.diarioimagen.net\/wp-content\/uploads\/2019\/08\/ATAQUE29-buena-portal-460x268.jpg 460w, https:\/\/www.diarioimagen.net\/wp-content\/uploads\/2019\/08\/ATAQUE29-buena-portal-240x140.jpg 240w, https:\/\/www.diarioimagen.net\/wp-content\/uploads\/2019\/08\/ATAQUE29-buena-portal.jpg 480w\" sizes=\"auto, (max-width: 460px) 100vw, 460px\" \/><p id=\"caption-attachment-440729\" class=\"wp-caption-text\"><br \/>Andr\u00e9s Manuel L\u00f3pez Obrador pidi\u00f3 a la FGR atraer la investigaci\u00f3n sobre el ataque armado a un centro nocturno en Coatzacoalcos.<\/p><\/div>\n<p>&nbsp;<\/p>\n<p>El presidente Andr\u00e9s Manuel L\u00f3pez Obrador pidi\u00f3 a la Fiscal\u00eda General de la Rep\u00fablica (FGR) atraer la investigaci\u00f3n sobre el ataque armado a un centro nocturno en Coatzacoalcos, Veracruz, registrado la noche del martes y en el que han muerto al menos 28 personas.<\/p>\n<p>En su conferencia de prensa matutina, admiti\u00f3 que \u201cayer fue un d\u00eda muy dif\u00edcil por la violencia, por lo que sucedi\u00f3 en Veracruz\u201d y revel\u00f3 que de acuerdo con las primeras investigaciones, \u201clos posibles responsables ya hab\u00edan sido detenidos y se les dej\u00f3 en libertad\u00bb.<\/p>\n<p>\u201cEstamos pidiendo al fiscal general que se atraiga este lamentable hecho y que se investigue a fondo porque son dos cosas: lo lamentable de que la delincuencia organizada act\u00fae de esta manera tan inhumana y lo otro, que posiblemente exista contubernio con autoridades\u201d, se\u00f1al\u00f3 el mandatario.<\/p>\n","protected":false},"excerpt":{"rendered":"<p>El presidente Andr\u00e9s Manuel L\u00f3pez Obrador pidi\u00f3 a la Fiscal\u00eda General de la Rep\u00fablica (FGR) atraer la investigaci\u00f3n sobre el ataque armado a un centro nocturno en Coatzacoalcos, Veracruz, registrado la noche del martes y en el que han muerto al menos 28 personas.<\/p>\n","protected":false},"author":1,"featured_media":440729,"comment_status":"open","ping_status":"open","sticky":false,"template":"","format":"standard","meta":{"_monsterinsights_skip_tracking":false,"_monsterinsights_sitenote_active":false,"_monsterinsights_sitenote_note":"","_monsterinsights_sitenote_category":0,"footnotes":""},"categories":[7],"tags":[1352,11806,65036,43677],"class_list":["post-440727","post","type-post","status-publish","format-standard","has-post-thumbnail","hentry","category-seguridad","tag-andres-manuel-lopez-obrador","tag-coatzacoalcos","tag-fiscalia-general-de-la-republica","tag-seguridad"],"_links":{"self":[{"href":"https:\/\/www.diarioimagen.net\/index.php?rest_route=\/wp\/v2\/posts\/440727","targetHints":{"allow":["GET"]}}],"collection":[{"href":"https:\/\/www.diarioimagen.net\/index.php?rest_route=\/wp\/v2\/posts"}],"about":[{"href":"https:\/\/www.diarioimagen.net\/index.php?rest_route=\/wp\/v2\/types\/post"}],"author":[{"embeddable":true,"href":"https:\/\/www.diarioimagen.net\/index.php?rest_route=\/wp\/v2\/users\/1"}],"replies":[{"embeddable":true,"href":"https:\/\/www.diarioimagen.net\/index.php?rest_route=%2Fwp%2Fv2%2Fcomments&post=440727"}],"version-history":[{"count":0,"href":"https:\/\/www.diarioimagen.net\/index.php?rest_route=\/wp\/v2\/posts\/440727\/revisions"}],"wp:featuredmedia":[{"embeddable":true,"href":"https:\/\/www.diarioimagen.net\/index.php?rest_route=\/wp\/v2\/media\/440729"}],"wp:attachment":[{"href":"https:\/\/www.diarioimagen.net\/index.php?rest_route=%2Fwp%2Fv2%2Fmedia&parent=440727"}],"wp:term":[{"taxonomy":"category","embeddable":true,"href":"https:\/\/www.diarioimagen.net\/index.php?rest_route=%2Fwp%2Fv2%2Fcategories&post=440727"},{"taxonomy":"post_tag","embeddable":true,"href":"https:\/\/www.diarioimagen.net\/index.php?rest_route=%2Fwp%2Fv2%2Ftags&post=440727"}],"curies":[{"name":"wp","href":"https:\/\/api.w.org\/{rel}","templated":true}]}}