{"id":440784,"date":"2019-08-29T00:07:19","date_gmt":"2019-08-29T05:07:19","guid":{"rendered":"https:\/\/www.diarioimagen.net\/?p=440784"},"modified":"2019-08-29T05:54:18","modified_gmt":"2019-08-29T10:54:18","slug":"uaem-establece-alianza-estrategica-con-municipios-mexiquenses-del-sur","status":"publish","type":"post","link":"https:\/\/www.diarioimagen.net\/?p=440784","title":{"rendered":"UAEM establece alianza estrat\u00e9gica con municipios mexiquenses del sur"},"content":{"rendered":"<ul>\n<li><strong><em>Para mejora la productividad y sustentabilidad<\/em><\/strong><\/li>\n<\/ul>\n<p>&nbsp;<\/p>\n<div id=\"attachment_440856\" style=\"width: 470px\" class=\"wp-caption aligncenter\"><a href=\"https:\/\/www.diarioimagen.net\/?attachment_id=440856\" rel=\"attachment wp-att-440856\"><img loading=\"lazy\" decoding=\"async\" aria-describedby=\"caption-attachment-440856\" class=\"size-large wp-image-440856\" src=\"https:\/\/www.diarioimagen.net\/wp-content\/uploads\/2019\/08\/UAEM-1-460x259.jpg\" alt=\"\" width=\"460\" height=\"259\" srcset=\"https:\/\/www.diarioimagen.net\/wp-content\/uploads\/2019\/08\/UAEM-1-460x259.jpg 460w, https:\/\/www.diarioimagen.net\/wp-content\/uploads\/2019\/08\/UAEM-1-240x135.jpg 240w, https:\/\/www.diarioimagen.net\/wp-content\/uploads\/2019\/08\/UAEM-1-235x132.jpg 235w, https:\/\/www.diarioimagen.net\/wp-content\/uploads\/2019\/08\/UAEM-1-202x114.jpg 202w, https:\/\/www.diarioimagen.net\/wp-content\/uploads\/2019\/08\/UAEM-1-350x196.jpg 350w, https:\/\/www.diarioimagen.net\/wp-content\/uploads\/2019\/08\/UAEM-1-220x123.jpg 220w, https:\/\/www.diarioimagen.net\/wp-content\/uploads\/2019\/08\/UAEM-1-237x132.jpg 237w, https:\/\/www.diarioimagen.net\/wp-content\/uploads\/2019\/08\/UAEM-1.jpg 480w\" sizes=\"auto, (max-width: 460px) 100vw, 460px\" \/><\/a><p id=\"caption-attachment-440856\" class=\"wp-caption-text\">El rector de la UAEM, Alfredo Barrera Baca, firm\u00f3 convenios generales de colaboraci\u00f3n con los presidentes municipales de Luvianos, San Sim\u00f3n de Guerrero, Tejupilco y Temascaltepec.<\/p><\/div>\n<p>&nbsp;<\/p>\n<p><strong>Temascaltepec, Estado de M\u00e9xico<\/strong>.- Al firmar convenios generales de colaboraci\u00f3n con los presidentes municipales de Luvianos, San Sim\u00f3n de Guerrero, Tejupilco y Temascaltepec, el rector de la Universidad Aut\u00f3noma del Estado de M\u00e9xico, Alfredo Barrera Baca, sostuvo que estas alianzas son prueba fehaciente de que la autonom\u00eda universitaria es un bien p\u00fablico al servicio de todos los sectores, g\u00e9neros, \u00e9tnias e ideolog\u00edas que respeten la dignidad humana.<\/p>\n<p>En el Centro Universitario UAEM Temascaltepec, Barrera Baca afirm\u00f3 que la instituci\u00f3n ofrece ampliar la colaboraci\u00f3n para investigar y desarrollar soluciones que mejoren la productividad y sustentabilidad en \u00e1reas de la agricultura, ganader\u00eda, silvicultura, pesca, avicultura, turismo, textiles y miner\u00eda, entre otras actividades que distinguen al sur de la entidad.<\/p>\n<p>Tras reconocer que mediante la firma de dichos instrumentos legales, las autoridades municipales depositan su confianza en la inteligencia y \u00e9tica de los universitarios, el rector manifest\u00f3 que a cambio de conocimiento, la UAEM recibe apoyo de los ayuntamientos, como el resguardo de los espacios universitarios por parte de los cuerpos policiacos municipales.<\/p>\n<p>Ante el director del Centro Universitario UAEM Temascaltepec, Manuel Antonio P\u00e9rez Ch\u00e1vez, Alfredo Barrera Baca indic\u00f3 que la comunidad auriverde consolida sus v\u00ednculos con otras instituciones e impulsa la capacitaci\u00f3n de servidores p\u00fablicos en aspectos como el ahorro de energ\u00eda, acoso escolar, administraci\u00f3n p\u00fablica y otros prop\u00f3sitos que fundamentan pol\u00edticas p\u00fablicas.<\/p>\n<p>El alcalde de Luvianos, Alfredo Jaimes Ben\u00edtez, se\u00f1al\u00f3 que esta firma, a la que se dar\u00e1 puntual seguimiento, es un acto significativo para la zona sur de la entidad.<\/p>\n<p>En tanto, la presidenta municipal de San Sim\u00f3n de Guerrero, Sara Mora de Jes\u00fas, dijo que, a trav\u00e9s de esta alianza, las circunscripciones adquieren un compromiso con los universitarios y colaboran para el dise\u00f1o de pol\u00edticas p\u00fablicas.<\/p>\n<p>El presidente municipal de Tejupilco, Manuel Anthony Dom\u00ednguez Vargas, expres\u00f3 la disposici\u00f3n del ayuntamiento para fortalecer y apoyar las tareas, objetivos y prop\u00f3sitos de la m\u00e1xima casa de estudios mexiquense.<\/p>\n<p>El alcalde de Temascaltepec, Erick Ram\u00edrez Hern\u00e1ndez, consider\u00f3 que la firma de estos convenios abre la posibilidad de atender juntos problemas urgentes y generar soluciones efectivas en beneficio de la poblaci\u00f3n.<\/p>\n<p>Ante los secretarios de Extensi\u00f3n y Vinculaci\u00f3n, Sandra Ch\u00e1vez Mar\u00edn, y T\u00e9cnico de la UAEM, Jorge Bern\u00e1ldez Garc\u00eda, el director de este campus, Manuel Antonio P\u00e9rez Ch\u00e1vez, expres\u00f3 que la firma de los convenios establece las bases para la realizaci\u00f3n de actividades conjuntas encaminadas a la superaci\u00f3n acad\u00e9mica, formaci\u00f3n y capacitaci\u00f3n profesional, desarrollo de la ciencia y la tecnolog\u00eda.<\/p>\n","protected":false},"excerpt":{"rendered":"<p>Al firmar convenios generales de colaboraci\u00f3n con los presidentes municipales de Luvianos, San Sim\u00f3n de Guerrero, Tejupilco y Temascaltepec, el rector de la Universidad Aut\u00f3noma del Estado de M\u00e9xico, Alfredo Barrera Baca, sostuvo que estas alianzas son prueba fehaciente de que la autonom\u00eda universitaria es un bien p\u00fablico al servicio de todos los sectores, g\u00e9neros, \u00e9tnias e ideolog\u00edas que respeten la dignidad humana.<\/p>\n","protected":false},"author":3,"featured_media":440856,"comment_status":"open","ping_status":"open","sticky":false,"template":"","format":"standard","meta":{"_monsterinsights_skip_tracking":false,"_monsterinsights_sitenote_active":false,"_monsterinsights_sitenote_note":"","_monsterinsights_sitenote_category":0,"footnotes":""},"categories":[5],"tags":[9453,43675,87537,7683,1491],"class_list":["post-440784","post","type-post","status-publish","format-standard","has-post-thumbnail","hentry","category-estado-de-mexico","tag-alianza","tag-estado-de-mexico","tag-estrategica","tag-temascaltepec","tag-uaem"],"_links":{"self":[{"href":"https:\/\/www.diarioimagen.net\/index.php?rest_route=\/wp\/v2\/posts\/440784","targetHints":{"allow":["GET"]}}],"collection":[{"href":"https:\/\/www.diarioimagen.net\/index.php?rest_route=\/wp\/v2\/posts"}],"about":[{"href":"https:\/\/www.diarioimagen.net\/index.php?rest_route=\/wp\/v2\/types\/post"}],"author":[{"embeddable":true,"href":"https:\/\/www.diarioimagen.net\/index.php?rest_route=\/wp\/v2\/users\/3"}],"replies":[{"embeddable":true,"href":"https:\/\/www.diarioimagen.net\/index.php?rest_route=%2Fwp%2Fv2%2Fcomments&post=440784"}],"version-history":[{"count":0,"href":"https:\/\/www.diarioimagen.net\/index.php?rest_route=\/wp\/v2\/posts\/440784\/revisions"}],"wp:featuredmedia":[{"embeddable":true,"href":"https:\/\/www.diarioimagen.net\/index.php?rest_route=\/wp\/v2\/media\/440856"}],"wp:attachment":[{"href":"https:\/\/www.diarioimagen.net\/index.php?rest_route=%2Fwp%2Fv2%2Fmedia&parent=440784"}],"wp:term":[{"taxonomy":"category","embeddable":true,"href":"https:\/\/www.diarioimagen.net\/index.php?rest_route=%2Fwp%2Fv2%2Fcategories&post=440784"},{"taxonomy":"post_tag","embeddable":true,"href":"https:\/\/www.diarioimagen.net\/index.php?rest_route=%2Fwp%2Fv2%2Ftags&post=440784"}],"curies":[{"name":"wp","href":"https:\/\/api.w.org\/{rel}","templated":true}]}}