{"id":440787,"date":"2019-08-29T00:11:18","date_gmt":"2019-08-29T05:11:18","guid":{"rendered":"https:\/\/www.diarioimagen.net\/?p=440787"},"modified":"2019-08-30T00:50:13","modified_gmt":"2019-08-30T05:50:13","slug":"tlalnepantla-celebra-y-reconoce-a-los-adultos-mayores","status":"publish","type":"post","link":"https:\/\/www.diarioimagen.net\/?p=440787","title":{"rendered":"Tlalnepantla celebra y reconoce a los adultos mayores"},"content":{"rendered":"<p><a href=\"https:\/\/www.diarioimagen.net\/?attachment_id=440859\" rel=\"attachment wp-att-440859\"><img loading=\"lazy\" decoding=\"async\" class=\"aligncenter size-large wp-image-440859\" src=\"https:\/\/www.diarioimagen.net\/wp-content\/uploads\/2019\/08\/TLALNEPANTLA-29-460x259.jpg\" alt=\"\" width=\"460\" height=\"259\" srcset=\"https:\/\/www.diarioimagen.net\/wp-content\/uploads\/2019\/08\/TLALNEPANTLA-29-460x259.jpg 460w, https:\/\/www.diarioimagen.net\/wp-content\/uploads\/2019\/08\/TLALNEPANTLA-29-240x135.jpg 240w, https:\/\/www.diarioimagen.net\/wp-content\/uploads\/2019\/08\/TLALNEPANTLA-29-235x132.jpg 235w, https:\/\/www.diarioimagen.net\/wp-content\/uploads\/2019\/08\/TLALNEPANTLA-29-202x114.jpg 202w, https:\/\/www.diarioimagen.net\/wp-content\/uploads\/2019\/08\/TLALNEPANTLA-29-350x196.jpg 350w, https:\/\/www.diarioimagen.net\/wp-content\/uploads\/2019\/08\/TLALNEPANTLA-29-220x123.jpg 220w, https:\/\/www.diarioimagen.net\/wp-content\/uploads\/2019\/08\/TLALNEPANTLA-29-237x132.jpg 237w, https:\/\/www.diarioimagen.net\/wp-content\/uploads\/2019\/08\/TLALNEPANTLA-29.jpg 480w\" sizes=\"auto, (max-width: 460px) 100vw, 460px\" \/><\/a><\/p>\n<p>&nbsp;<\/p>\n<p><strong>Tlalnepantla, Estado de M\u00e9xico.- <\/strong>Con gran alegr\u00eda, bailes y sorpresas, el gobierno de Tlalnepantla y el Sistema Municipal para el Desarrollo Integral de la Familia (DIF), celebraron el D\u00eda del Adulto Mayor, en reconocimiento a la labor que han realizado en favor de las familias del pa\u00eds y nuestra ciudad.<\/p>\n<p>Ante m\u00e1s de 4 mil personas adultas mayores de los 136 grupos con que cuenta el DIF, el presidente municipal, Raciel P\u00e9rez Cruz, se\u00f1al\u00f3 que el gobierno de Tlalnepantla ha puesto especial atenci\u00f3n a este sector de la poblaci\u00f3n, \u201cqueremos que siempre tengan una sonrisa, que sepan lo mucho que los queremos y estimamos su presencia en nuestras vidas\u201d.<\/p>\n","protected":false},"excerpt":{"rendered":"<p>Con gran alegr\u00eda, bailes y sorpresas, el gobierno de Tlalnepantla y el Sistema Municipal para el Desarrollo Integral de la Familia (DIF), celebraron el D\u00eda del Adulto Mayor, en reconocimiento a la labor que han realizado en favor de las familias del pa\u00eds y nuestra ciudad.<\/p>\n","protected":false},"author":3,"featured_media":440859,"comment_status":"open","ping_status":"open","sticky":false,"template":"","format":"standard","meta":{"_monsterinsights_skip_tracking":false,"_monsterinsights_sitenote_active":false,"_monsterinsights_sitenote_note":"","_monsterinsights_sitenote_category":0,"footnotes":""},"categories":[5],"tags":[22805,43675,169],"class_list":["post-440787","post","type-post","status-publish","format-standard","has-post-thumbnail","hentry","category-estado-de-mexico","tag-adulto-mayor","tag-estado-de-mexico","tag-tlalnepantla"],"_links":{"self":[{"href":"https:\/\/www.diarioimagen.net\/index.php?rest_route=\/wp\/v2\/posts\/440787","targetHints":{"allow":["GET"]}}],"collection":[{"href":"https:\/\/www.diarioimagen.net\/index.php?rest_route=\/wp\/v2\/posts"}],"about":[{"href":"https:\/\/www.diarioimagen.net\/index.php?rest_route=\/wp\/v2\/types\/post"}],"author":[{"embeddable":true,"href":"https:\/\/www.diarioimagen.net\/index.php?rest_route=\/wp\/v2\/users\/3"}],"replies":[{"embeddable":true,"href":"https:\/\/www.diarioimagen.net\/index.php?rest_route=%2Fwp%2Fv2%2Fcomments&post=440787"}],"version-history":[{"count":0,"href":"https:\/\/www.diarioimagen.net\/index.php?rest_route=\/wp\/v2\/posts\/440787\/revisions"}],"wp:featuredmedia":[{"embeddable":true,"href":"https:\/\/www.diarioimagen.net\/index.php?rest_route=\/wp\/v2\/media\/440859"}],"wp:attachment":[{"href":"https:\/\/www.diarioimagen.net\/index.php?rest_route=%2Fwp%2Fv2%2Fmedia&parent=440787"}],"wp:term":[{"taxonomy":"category","embeddable":true,"href":"https:\/\/www.diarioimagen.net\/index.php?rest_route=%2Fwp%2Fv2%2Fcategories&post=440787"},{"taxonomy":"post_tag","embeddable":true,"href":"https:\/\/www.diarioimagen.net\/index.php?rest_route=%2Fwp%2Fv2%2Ftags&post=440787"}],"curies":[{"name":"wp","href":"https:\/\/api.w.org\/{rel}","templated":true}]}}