{"id":440791,"date":"2019-08-29T00:00:26","date_gmt":"2019-08-29T05:00:26","guid":{"rendered":"https:\/\/www.diarioimagen.net\/?p=440791"},"modified":"2019-08-29T00:55:26","modified_gmt":"2019-08-29T05:55:26","slug":"gobierno-federal-detiene-el-desarrollo-de-q-roo","status":"publish","type":"post","link":"https:\/\/www.diarioimagen.net\/?p=440791","title":{"rendered":"Gobierno federal detiene el desarrollo de Q. Roo"},"content":{"rendered":"<h2>Derecho de r\u00e9plica<\/h2>\n<p>&nbsp;<\/p>\n<ul>\n<li><strong><em>Ha recibido 2 mil 158 millones de pesos menos con respecto al mismo periodo de 2018, por concepto de participaciones<\/em><\/strong><\/li>\n<\/ul>\n<p>&nbsp;<\/p>\n<p>El gobernador, Carlos Joaqu\u00edn Gonz\u00e1lez, inform\u00f3 que ha recibido 2 mil 158 millones de pesos menos con respecto al mismo periodo de 2018, por concepto de participaciones y aportaciones federales.<\/p>\n<p>En el Presupuesto de Egresos de la Federaci\u00f3n<strong>,<\/strong> a Quintana Roo se le asignaron 22 mil 518.6 millones de pesos para el ejercicio fiscal 2019, que significa, en teor\u00eda, 12 por ciento m\u00e1s con respecto a 2018, cuando recibi\u00f3 20 mil 459.7 millones de pesos.<\/p>\n<p>Del monto para este a\u00f1o, 10,386.2 millones de pesos son por concepto del Fondo de Aportaciones a las Entidades Federativas y Municipios (Ramo 33), y 12,429.4 millones de pesos de Participaciones a las Entidades Federativas y Municipios (Ramo 28).<\/p>\n<p>Carlos Joaqu\u00edn explic\u00f3 que Quintana Roo va abajo en la recepci\u00f3n de ese dinero federal, que asciende a 2 mil 158 millones de pesos.<\/p>\n<p>\u201cVamos muy abajo en ese sentido, vamos m\u00e1s de 2 mil 158 millones de pesos menos que el a\u00f1o anterior, por diversas situaciones, porque las secretar\u00edas o dependencias ya no cuentan con esos programas, porque esos proyectos ya no est\u00e1n, entonces evidentemente requerimos de una mayor coordinaci\u00f3n para buscar la manera y la forma de ir sustituyendo; buscando esos recursos en los nuevos programas\u201d.<\/p>\n<p style=\"text-align: center;\"><strong>Menos para infraestructura y seguridad<\/strong><\/p>\n<p>Precis\u00f3 que las \u00e1reas m\u00e1s afectadas son infraestructura, con m\u00e1s de mil 500 millones de pesos; el Programa de Fortalecimiento para la Seguridad, con 100 millones de pesos; Turismo por la desaparici\u00f3n del Consejo de Promoci\u00f3n Tur\u00edstica de M\u00e9xico con m\u00e1s de 100 millones, entre otros conceptos.<\/p>\n<p>Esta misma semana, Carlos Joqu\u00edn sostuvo una reuni\u00f3n con Arturo Herrera Guti\u00e9rrez, titular de la Secretar\u00eda de Hacienda y Cr\u00e9dito P\u00fablico, con quien habl\u00f3 de los problemas financieros que atraviesa Quintana Roo y sus posibles soluciones.<\/p>\n<p>\u201c(Se plantearon) los enormes problemas que en ese sentido hemos tenido en materia de liquidez, de inversi\u00f3n, de un presupuesto que sea m\u00e1s amplio que permita alcanzar metas\u201d.<\/p>\n<p style=\"text-align: center;\"><strong>Reparto inequitativo<\/strong><\/p>\n<p>Los quintanarroenses son quienes m\u00e1s dinero pagan en impuestos en el pa\u00eds, s\u00f3lo por debajo de los habitantes de la Ciudad de M\u00e9xico, de acuerdo con el nuevo mapa de Recaudaci\u00f3n Local del gobierno federal<strong>.<\/strong><\/p>\n<p>Seg\u00fan el reporte, la recaudaci\u00f3n o pago de impuesto promedio per c\u00e1pita en la entidad, es decir, por cada habitante es de 5 mil 378 pesos, s\u00f3lo 657 pesos menos que el de la Ciudad de M\u00e9xico, estimado en 6 mil 35 pesos anuales.<\/p>\n<p>Si bien, nunca el reparto de los recursos federales se dan de acuerdo a la cantidad que aporta cada estado, la actual administraci\u00f3n federal (disculpe usted la expresi\u00f3n, pero) como dicen los j\u00f3venes, \u00a1se mam\u00f3!, pues, pese a ya estar aprobado el presupuesto, al desaparecer programas y dependencias, no tom\u00f3 en cuenta la reducci\u00f3n de dinero que tendr\u00edan los estados.<\/p>\n<p>El gobierno estatal no puede hacer frente a los compromisos ya adquiridos, ni realizar a la velocidad que se requiere, la realizaci\u00f3n de programas sociales y mejora de infraestructura. Por ello, es razonable que el crecimiento econ\u00f3mico del pa\u00eds est\u00e9 en cero, pues estados como Quintana Roo, que aportan una gran cantidad del Producto Interno Bruto e impuestos federales, est\u00e1n paralizados por la falta de flujo de dinero.<\/p>\n<p style=\"text-align: center;\"><strong>La \u00faltima instancia<\/strong><\/p>\n<p>Despu\u00e9s de que un juez de circuito del Estado de M\u00e9xico, no aprob\u00f3 la solicitud de arresto domiciliario, para el ex gobernador Mario Villanueva Madrid, pues argument\u00f3 que carec\u00eda de competencia para resolverla, al estar Chetumal fuera de su jurisdicci\u00f3n, el diputado local Carlos Mario Villanueva Tenorio, har\u00e1 el intento en la \u00faltima instancia del pa\u00eds: el presidente Andr\u00e9s Manuel L\u00f3pez Obrador.<\/p>\n<p>Para liberar a su padre, el diputado Mario Vilanueva utiliz\u00f3 su cargo para que la actual legislatura env\u00ede una comisi\u00f3n de diputados entregue al mandatario federal el documento donde piden el indulto presidencial, y una copia m\u00e1s a la titular de la Secretar\u00eda de Gobernaci\u00f3n, Olga Cordero, lo que har\u00e1n durante el primer informe de gobierno.<\/p>\n<p style=\"text-align: center;\"><strong>\u00bfEs posible el indulto?<\/strong><\/p>\n<p>Aunque existe una divisi\u00f3n de poderes, en M\u00e9xico, desde 2013 existe una figura jur\u00eddica que permite que el representante del poder Ejecutivo conceda, de manera excepcional, el indulto a un preso con sentencia, siempre y cuando existan indicios de violaciones graves a sus derechos humanos.<\/p>\n<p>Previo a esta situaci\u00f3n, las autoridades respectivas deber\u00e1n determinar que la liberaci\u00f3n del mismo no representa un peligro para la tranquilidad y seguridad p\u00fablica.<\/p>\n<p>Esta opci\u00f3n se dio con modificaciones al C\u00f3digo Penal Federal, adicionando el art\u00edculo 97 Bis, aprobadas por el Congreso de la Uni\u00f3n, con lo que se establece que el presidente de la Rep\u00fablica \u2014por iniciativa propia o a petici\u00f3n del Pleno de alguna de las C\u00e1maras del Congreso\u2014 podr\u00e1 conceder dicho recurso por cualquier delito del orden federal o com\u00fan.<\/p>\n<p>La reforma prev\u00e9 que, antes de asumir la aplicaci\u00f3n del indulto, deber\u00e1 cerciorarse de que la persona sentenciada haya agotado previamente todos los recursos legales nacionales.<\/p>\n<p>Sin embargo, las condiciones del ex gobernador Villanueva Madrid, no son como para alegar una falta a sus derechos humanos, pues, se encuentra en una cl\u00ednica m\u00e9dica privada, donde recibe atenciones y tratamiento por sus enfermedades, y lo que lo llev\u00f3 a la c\u00e1rcel no fue un asunto pol\u00edtico, sino un delito federal, por lo que, de darse el indulto, el presidente L\u00f3pez Obrador lo har\u00eda solo por el famoso \u201cme canso ganso\u201d y no por estar Villanueva Madrid en ninguna de las circunstancias previstas en la ley.<\/p>\n","protected":false},"excerpt":{"rendered":"<p><span style=\"color: #005497;\"><strong>Derecho de r\u00e9plica<\/strong><\/span><\/p>\n","protected":false},"author":3,"featured_media":0,"comment_status":"open","ping_status":"open","sticky":false,"template":"","format":"standard","meta":{"_monsterinsights_skip_tracking":false,"_monsterinsights_sitenote_active":false,"_monsterinsights_sitenote_note":"","_monsterinsights_sitenote_category":0,"footnotes":""},"categories":[62907],"tags":[47840,43674],"class_list":["post-440791","post","type-post","status-publish","format-standard","hentry","category-derecho-de-replica","tag-derecho-de-replica","tag-opinion"],"_links":{"self":[{"href":"https:\/\/www.diarioimagen.net\/index.php?rest_route=\/wp\/v2\/posts\/440791","targetHints":{"allow":["GET"]}}],"collection":[{"href":"https:\/\/www.diarioimagen.net\/index.php?rest_route=\/wp\/v2\/posts"}],"about":[{"href":"https:\/\/www.diarioimagen.net\/index.php?rest_route=\/wp\/v2\/types\/post"}],"author":[{"embeddable":true,"href":"https:\/\/www.diarioimagen.net\/index.php?rest_route=\/wp\/v2\/users\/3"}],"replies":[{"embeddable":true,"href":"https:\/\/www.diarioimagen.net\/index.php?rest_route=%2Fwp%2Fv2%2Fcomments&post=440791"}],"version-history":[{"count":0,"href":"https:\/\/www.diarioimagen.net\/index.php?rest_route=\/wp\/v2\/posts\/440791\/revisions"}],"wp:attachment":[{"href":"https:\/\/www.diarioimagen.net\/index.php?rest_route=%2Fwp%2Fv2%2Fmedia&parent=440791"}],"wp:term":[{"taxonomy":"category","embeddable":true,"href":"https:\/\/www.diarioimagen.net\/index.php?rest_route=%2Fwp%2Fv2%2Fcategories&post=440791"},{"taxonomy":"post_tag","embeddable":true,"href":"https:\/\/www.diarioimagen.net\/index.php?rest_route=%2Fwp%2Fv2%2Ftags&post=440791"}],"curies":[{"name":"wp","href":"https:\/\/api.w.org\/{rel}","templated":true}]}}