{"id":440891,"date":"2019-08-30T00:10:20","date_gmt":"2019-08-30T05:10:20","guid":{"rendered":"https:\/\/www.diarioimagen.net\/?p=440891"},"modified":"2019-08-30T00:48:13","modified_gmt":"2019-08-30T05:48:13","slug":"cueste-lo-cueste-mexico-no-sera-un-tercer-pais-seguro-ebrard","status":"publish","type":"post","link":"https:\/\/www.diarioimagen.net\/?p=440891","title":{"rendered":"\u00abCueste lo cueste, M\u00e9xico no ser\u00e1 un tercer pa\u00eds seguro\u00bb: \u00a0Ebrard"},"content":{"rendered":"<ul>\n<li><em><strong>\u201cLa relaci\u00f3n con EU, la m\u00e1s compleja de todas\u201d<\/strong><\/em><\/li>\n<\/ul>\n<p>&nbsp;<\/p>\n<div id=\"attachment_440892\" style=\"width: 490px\" class=\"wp-caption aligncenter\"><img loading=\"lazy\" decoding=\"async\" aria-describedby=\"caption-attachment-440892\" class=\"size-full wp-image-440892\" src=\"https:\/\/www.diarioimagen.net\/wp-content\/uploads\/2019\/08\/EBRARD30-PORTAL.jpg\" alt=\"\" width=\"480\" height=\"280\" srcset=\"https:\/\/www.diarioimagen.net\/wp-content\/uploads\/2019\/08\/EBRARD30-PORTAL.jpg 480w, https:\/\/www.diarioimagen.net\/wp-content\/uploads\/2019\/08\/EBRARD30-PORTAL-240x140.jpg 240w, https:\/\/www.diarioimagen.net\/wp-content\/uploads\/2019\/08\/EBRARD30-PORTAL-460x268.jpg 460w\" sizes=\"auto, (max-width: 480px) 100vw, 480px\" \/><p id=\"caption-attachment-440892\" class=\"wp-caption-text\">El canciller Marcelo Ebrard se\u00f1al\u00f3 que la instrucci\u00f3n del presidente Andr\u00e9s Manuel L\u00f3pez Obrador fue no aceptar por ning\u00fan motivo convertir a M\u00e9xico en un tercer pa\u00eds seguro.<\/p><\/div>\n<p>El canciller Marcelo Ebrard reiter\u00f3 que la instrucci\u00f3n del presidente Andr\u00e9s Manuel L\u00f3pez Obrador fue no aceptar por ning\u00fan motivo convertir a M\u00e9xico en un tercer pa\u00eds seguro; \u201ccueste lo que cueste. Nosotros no lo vamos a hacer\u201d.<\/p>\n<p>Durante la reuni\u00f3n plenaria de la diputaci\u00f3n de Morena para definir su agenda legislativa para el per\u00edodo ordinario, el canciller reconoci\u00f3 que la relaci\u00f3n con Estados Unidos es la m\u00e1s cercana y la m\u00e1s compleja de todas.<\/p>\n<p>\u201cM\u00e9xico se ha negado rotundamente (&#8230;) a convertirse en un tercer pa\u00eds seguro como es Canad\u00e1. Tercer pa\u00eds seguro significa en esencia que todas las personas que soliciten asilo para Estados Unidos (&#8230;) se queden en M\u00e9xico y tramiten su asilo\u201d, subray\u00f3.<\/p>\n<p>El titular de la Secretar\u00eda de Relaciones Exteriores (SRE) reiter\u00f3 que eso es inaceptable, injusto y va en contra de los principios de la pol\u00edtica exterior de M\u00e9xico, por lo que se ha dicho a lo largo de estos meses que \u201cno lo acatamos\u201d.<\/p>\n<p>Defendi\u00f3 la pol\u00edtica migratoria mexicana y sostuvo que se promovi\u00f3 el Plan de Desarrollo Integral con El Salvador, Guatemala y Honduras, a fin de generar en ocho meses 60 mil empleos con una inversi\u00f3n de 100 millones de d\u00f3lares.<\/p>\n<p>\u201cSi Estados Unidos hiciera una inversi\u00f3n correspondiente al tama\u00f1o de su econom\u00eda tendr\u00edamos m\u00e1s de un mill\u00f3n de empleos en esos tres pa\u00edses\u201d, sostuvo.<\/p>\n<p>Ebrard tambi\u00e9n se congratul\u00f3 de la ratificaci\u00f3n del Senado mexicano al Tratado de Libre Comercio con Estados Unidos, pues es una se\u00f1al muy clara de que M\u00e9xico no aceptar\u00e1 negociaciones adicionales al texto acordado al que se lleg\u00f3, ya que est\u00e1 por iniciar el per\u00edodo legislativo en el pa\u00eds vecino.<\/p>\n<p>En otro tema, record\u00f3 que el caso de la masacre de Texas fue catalogado como un acto terrorista en contra de la comunidad mexicana en Estados Unidos, raz\u00f3n por la que se transfiri\u00f3 toda la informaci\u00f3n del caso a la Fiscal\u00eda General de la Rep\u00fablica que est\u00e1 integrado la carpeta de investigaci\u00f3n.<\/p>\n<p>Adem\u00e1s, destac\u00f3, se estableci\u00f3 contacto de inmediato con las autoridades norteamericanas para que M\u00e9xico pueda tener acceso a toda la investigaci\u00f3n, de acuerdo con las convenciones, acuerdos y derechos internacionales.<\/p>\n<p>El canciller mencion\u00f3 que todas las victimas del caso estaban dentro de la ley en territorio estadounidense, por lo que no hay ning\u00fan argumento posible para que legalmente se le niegue a M\u00e9xico el acceso a la investigaci\u00f3n.<\/p>\n<p>Adem\u00e1s, dijo, se promovi\u00f3 con todos los integrantes de la Organizaci\u00f3n de Estados Americanos (OEA) un pronunciamiento que se aprob\u00f3 ayer por aclamaci\u00f3n, el cual calific\u00f3 como un triunfo importante de la diplomacia mexicana que tiene dos elementos relevantes.<\/p>\n<p>El primero es establecen que fue un ataque terrorista y el segundo, el compromiso de condenar y tomar medidas pertinentes contra xenofobia y el racismo.<\/p>\n<p>El canciller concluy\u00f3 su participaci\u00f3n en la reuni\u00f3n plenaria al adelantar que el gobierno mexicano buscar\u00e1 un encuentro con otras naciones para defender la idea de que la riqueza m\u00e1s grande mundial es la interacci\u00f3n y la coexistencia de civilizaciones.<\/p>\n","protected":false},"excerpt":{"rendered":"<p>El canciller Marcelo Ebrard reiter\u00f3 que la instrucci\u00f3n del presidente Andr\u00e9s Manuel L\u00f3pez Obrador fue no aceptar por ning\u00fan motivo convertir a M\u00e9xico en un tercer pa\u00eds seguro; \u201ccueste lo que cueste. Nosotros no lo vamos a hacer\u201d.<\/p>\n","protected":false},"author":1,"featured_media":440892,"comment_status":"open","ping_status":"open","sticky":false,"template":"","format":"standard","meta":{"_monsterinsights_skip_tracking":false,"_monsterinsights_sitenote_active":false,"_monsterinsights_sitenote_note":"","_monsterinsights_sitenote_category":0,"footnotes":""},"categories":[25512],"tags":[82676,81299,441],"class_list":["post-440891","post","type-post","status-publish","format-standard","has-post-thumbnail","hentry","category-nacional-nacional","tag-andres-manuel-lopez","tag-marcelo-ebrard","tag-secretaria-de-relaciones-exteriores"],"_links":{"self":[{"href":"https:\/\/www.diarioimagen.net\/index.php?rest_route=\/wp\/v2\/posts\/440891","targetHints":{"allow":["GET"]}}],"collection":[{"href":"https:\/\/www.diarioimagen.net\/index.php?rest_route=\/wp\/v2\/posts"}],"about":[{"href":"https:\/\/www.diarioimagen.net\/index.php?rest_route=\/wp\/v2\/types\/post"}],"author":[{"embeddable":true,"href":"https:\/\/www.diarioimagen.net\/index.php?rest_route=\/wp\/v2\/users\/1"}],"replies":[{"embeddable":true,"href":"https:\/\/www.diarioimagen.net\/index.php?rest_route=%2Fwp%2Fv2%2Fcomments&post=440891"}],"version-history":[{"count":0,"href":"https:\/\/www.diarioimagen.net\/index.php?rest_route=\/wp\/v2\/posts\/440891\/revisions"}],"wp:featuredmedia":[{"embeddable":true,"href":"https:\/\/www.diarioimagen.net\/index.php?rest_route=\/wp\/v2\/media\/440892"}],"wp:attachment":[{"href":"https:\/\/www.diarioimagen.net\/index.php?rest_route=%2Fwp%2Fv2%2Fmedia&parent=440891"}],"wp:term":[{"taxonomy":"category","embeddable":true,"href":"https:\/\/www.diarioimagen.net\/index.php?rest_route=%2Fwp%2Fv2%2Fcategories&post=440891"},{"taxonomy":"post_tag","embeddable":true,"href":"https:\/\/www.diarioimagen.net\/index.php?rest_route=%2Fwp%2Fv2%2Ftags&post=440891"}],"curies":[{"name":"wp","href":"https:\/\/api.w.org\/{rel}","templated":true}]}}