{"id":440935,"date":"2019-08-30T00:08:23","date_gmt":"2019-08-30T05:08:23","guid":{"rendered":"https:\/\/www.diarioimagen.net\/?p=440935"},"modified":"2019-08-30T07:57:17","modified_gmt":"2019-08-30T12:57:17","slug":"realizan-exitosa-feria-del-empleo-2019-en-huixquilucan","status":"publish","type":"post","link":"https:\/\/www.diarioimagen.net\/?p=440935","title":{"rendered":"Realizan exitosa feria del empleo 2019 en Huixquilucan"},"content":{"rendered":"<p><a href=\"https:\/\/www.diarioimagen.net\/?attachment_id=441010\" rel=\"attachment wp-att-441010\"><img loading=\"lazy\" decoding=\"async\" class=\"aligncenter size-large wp-image-441010\" src=\"https:\/\/www.diarioimagen.net\/wp-content\/uploads\/2019\/08\/HUIXQUILUCAN-30-460x259.jpg\" alt=\"\" width=\"460\" height=\"259\" srcset=\"https:\/\/www.diarioimagen.net\/wp-content\/uploads\/2019\/08\/HUIXQUILUCAN-30-460x259.jpg 460w, https:\/\/www.diarioimagen.net\/wp-content\/uploads\/2019\/08\/HUIXQUILUCAN-30-240x135.jpg 240w, https:\/\/www.diarioimagen.net\/wp-content\/uploads\/2019\/08\/HUIXQUILUCAN-30-235x132.jpg 235w, https:\/\/www.diarioimagen.net\/wp-content\/uploads\/2019\/08\/HUIXQUILUCAN-30-202x114.jpg 202w, https:\/\/www.diarioimagen.net\/wp-content\/uploads\/2019\/08\/HUIXQUILUCAN-30-350x196.jpg 350w, https:\/\/www.diarioimagen.net\/wp-content\/uploads\/2019\/08\/HUIXQUILUCAN-30-220x123.jpg 220w, https:\/\/www.diarioimagen.net\/wp-content\/uploads\/2019\/08\/HUIXQUILUCAN-30-237x132.jpg 237w, https:\/\/www.diarioimagen.net\/wp-content\/uploads\/2019\/08\/HUIXQUILUCAN-30.jpg 480w\" sizes=\"auto, (max-width: 460px) 100vw, 460px\" \/><\/a><\/p>\n<p>&nbsp;<\/p>\n<p><strong>Huixquilucan, Estado de M\u00e9xico.- <\/strong>Al inaugurar la Feria del Empleo Huixquilucan 2019, la presidenta del sistema municipal para el Desarrollo Integral de la Familia (DIF), Romina Contreras Carrasco, reconoci\u00f3 el trabajo y empe\u00f1o de la Direcci\u00f3n de Desarrollo Econ\u00f3mico y Empresarial, as\u00ed como de su titular para este evento.<\/p>\n<p>A nombre del alcalde, Enrique Vargas del Villar, agradeci\u00f3 a empresarios y representantes de los comercios e industrias de Huixquilucan, por su participaci\u00f3n, ya que mientras en otros lugares del pa\u00eds el desempleo crece, en el municipio hay ofertas de trabajo en esta feria.<\/p>\n","protected":false},"excerpt":{"rendered":"<p>Al inaugurar la Feria del Empleo Huixquilucan 2019, la presidenta del sistema municipal para el Desarrollo Integral de la Familia (DIF), Romina Contreras Carrasco, reconoci\u00f3 el trabajo y empe\u00f1o de la Direcci\u00f3n de Desarrollo Econ\u00f3mico y Empresarial, as\u00ed como de su titular para este evento.<\/p>\n","protected":false},"author":3,"featured_media":441010,"comment_status":"open","ping_status":"open","sticky":false,"template":"","format":"standard","meta":{"_monsterinsights_skip_tracking":false,"_monsterinsights_sitenote_active":false,"_monsterinsights_sitenote_note":"","_monsterinsights_sitenote_category":0,"footnotes":""},"categories":[5],"tags":[481,43675,1097],"class_list":["post-440935","post","type-post","status-publish","format-standard","has-post-thumbnail","hentry","category-estado-de-mexico","tag-empleo","tag-estado-de-mexico","tag-huixquilucan"],"_links":{"self":[{"href":"https:\/\/www.diarioimagen.net\/index.php?rest_route=\/wp\/v2\/posts\/440935","targetHints":{"allow":["GET"]}}],"collection":[{"href":"https:\/\/www.diarioimagen.net\/index.php?rest_route=\/wp\/v2\/posts"}],"about":[{"href":"https:\/\/www.diarioimagen.net\/index.php?rest_route=\/wp\/v2\/types\/post"}],"author":[{"embeddable":true,"href":"https:\/\/www.diarioimagen.net\/index.php?rest_route=\/wp\/v2\/users\/3"}],"replies":[{"embeddable":true,"href":"https:\/\/www.diarioimagen.net\/index.php?rest_route=%2Fwp%2Fv2%2Fcomments&post=440935"}],"version-history":[{"count":0,"href":"https:\/\/www.diarioimagen.net\/index.php?rest_route=\/wp\/v2\/posts\/440935\/revisions"}],"wp:featuredmedia":[{"embeddable":true,"href":"https:\/\/www.diarioimagen.net\/index.php?rest_route=\/wp\/v2\/media\/441010"}],"wp:attachment":[{"href":"https:\/\/www.diarioimagen.net\/index.php?rest_route=%2Fwp%2Fv2%2Fmedia&parent=440935"}],"wp:term":[{"taxonomy":"category","embeddable":true,"href":"https:\/\/www.diarioimagen.net\/index.php?rest_route=%2Fwp%2Fv2%2Fcategories&post=440935"},{"taxonomy":"post_tag","embeddable":true,"href":"https:\/\/www.diarioimagen.net\/index.php?rest_route=%2Fwp%2Fv2%2Ftags&post=440935"}],"curies":[{"name":"wp","href":"https:\/\/api.w.org\/{rel}","templated":true}]}}