{"id":440937,"date":"2019-08-30T00:07:26","date_gmt":"2019-08-30T05:07:26","guid":{"rendered":"https:\/\/www.diarioimagen.net\/?p=440937"},"modified":"2019-08-30T08:14:56","modified_gmt":"2019-08-30T13:14:56","slug":"plantan-1200-arboles-en-jornada-de-reforestacion-en-atizapan","status":"publish","type":"post","link":"https:\/\/www.diarioimagen.net\/?p=440937","title":{"rendered":"Plantan 1,200 \u00e1rboles en jornada de reforestaci\u00f3n, en Atizap\u00e1n"},"content":{"rendered":"<ul>\n<li><strong><em>En una extensi\u00f3n de cuatro hect\u00e1reas<\/em><\/strong><\/li>\n<\/ul>\n<p>&nbsp;<\/p>\n<div id=\"attachment_441031\" style=\"width: 470px\" class=\"wp-caption aligncenter\"><a href=\"https:\/\/www.diarioimagen.net\/?attachment_id=441031\" rel=\"attachment wp-att-441031\"><img loading=\"lazy\" decoding=\"async\" aria-describedby=\"caption-attachment-441031\" class=\"size-large wp-image-441031\" src=\"https:\/\/www.diarioimagen.net\/wp-content\/uploads\/2019\/08\/ATIZAPAN-30-460x259.jpg\" alt=\"\" width=\"460\" height=\"259\" srcset=\"https:\/\/www.diarioimagen.net\/wp-content\/uploads\/2019\/08\/ATIZAPAN-30-460x259.jpg 460w, https:\/\/www.diarioimagen.net\/wp-content\/uploads\/2019\/08\/ATIZAPAN-30-240x135.jpg 240w, https:\/\/www.diarioimagen.net\/wp-content\/uploads\/2019\/08\/ATIZAPAN-30-235x132.jpg 235w, https:\/\/www.diarioimagen.net\/wp-content\/uploads\/2019\/08\/ATIZAPAN-30-202x114.jpg 202w, https:\/\/www.diarioimagen.net\/wp-content\/uploads\/2019\/08\/ATIZAPAN-30-350x196.jpg 350w, https:\/\/www.diarioimagen.net\/wp-content\/uploads\/2019\/08\/ATIZAPAN-30-220x123.jpg 220w, https:\/\/www.diarioimagen.net\/wp-content\/uploads\/2019\/08\/ATIZAPAN-30-237x132.jpg 237w, https:\/\/www.diarioimagen.net\/wp-content\/uploads\/2019\/08\/ATIZAPAN-30.jpg 480w\" sizes=\"auto, (max-width: 460px) 100vw, 460px\" \/><\/a><p id=\"caption-attachment-441031\" class=\"wp-caption-text\">Los \u00e1rboles fueron plantados en las \u00e1reas verdes de las canchas de futbol de la colonia Las \u00c1guilas.<\/p><\/div>\n<p>&nbsp;<\/p>\n<p><strong>Atizap\u00e1n, Estado de M\u00e9xico<\/strong>.- Un total de mil 200 \u00e1rboles fueron plantados en las \u00e1reas verdes de las canchas de f\u00fatbol de la colonia Las \u00c1guilas durante la jornada de reforestaci\u00f3n emprendida por la Direcci\u00f3n de Medio Ambiente con la participaci\u00f3n vecinos de la zona.<\/p>\n<p>El director de la dependencia, Jes\u00fas Ortega Santana, se\u00f1al\u00f3 que la faena se llev\u00f3 a cabo en una extensi\u00f3n de cuatro hect\u00e1reas de lo que hace varios a\u00f1os fue un tiradero de basura para luego convertirse en campos deportivos.<\/p>\n<p>Detall\u00f3 que previo a la jornada, los voluntarios recibieron una pl\u00e1tica t\u00e9cnica acerca de c\u00f3mo reforestar y el cuidado que deben tener los ejemplares para lograr un porcentaje mayor de sobrevivencia. De acuerdo al tipo de suelo de la zona, en esta ocasi\u00f3n fueron sembrados sauce llor\u00f3n, pino moctezumae, pino gregui, acacias, entre otras especies, aprovechando la temporada pluvial para su riego.<\/p>\n<p>Desde temprana hora, lugare\u00f1os, miembros del Club de Rotarios y el Copaci de Las \u00c1guilas, as\u00ed como personal de Medio Ambiente, DIF, Servicios P\u00fablicos formaron cuadrillas para efectuar la plantaci\u00f3n, adem\u00e1s de la recolecci\u00f3n de basura y poda de pasto. Los participantes destacaron la importancia de tener un gobierno que impulse, protege y recupere \u00e1reas verdes y los recursos naturales en beneficio de todos los atizapenses.<\/p>\n","protected":false},"excerpt":{"rendered":"<p>Un total de mil 200 \u00e1rboles fueron plantados en las \u00e1reas verdes de las canchas de f\u00fatbol de la colonia Las \u00c1guilas durante la jornada de reforestaci\u00f3n emprendida por la Direcci\u00f3n de Medio Ambiente con la participaci\u00f3n vecinos de la zona.<\/p>\n","protected":false},"author":3,"featured_media":441031,"comment_status":"open","ping_status":"open","sticky":false,"template":"","format":"standard","meta":{"_monsterinsights_skip_tracking":false,"_monsterinsights_sitenote_active":false,"_monsterinsights_sitenote_note":"","_monsterinsights_sitenote_category":0,"footnotes":""},"categories":[5],"tags":[969,43675,45368],"class_list":["post-440937","post","type-post","status-publish","format-standard","has-post-thumbnail","hentry","category-estado-de-mexico","tag-atizapan","tag-estado-de-mexico","tag-reforestacion"],"_links":{"self":[{"href":"https:\/\/www.diarioimagen.net\/index.php?rest_route=\/wp\/v2\/posts\/440937","targetHints":{"allow":["GET"]}}],"collection":[{"href":"https:\/\/www.diarioimagen.net\/index.php?rest_route=\/wp\/v2\/posts"}],"about":[{"href":"https:\/\/www.diarioimagen.net\/index.php?rest_route=\/wp\/v2\/types\/post"}],"author":[{"embeddable":true,"href":"https:\/\/www.diarioimagen.net\/index.php?rest_route=\/wp\/v2\/users\/3"}],"replies":[{"embeddable":true,"href":"https:\/\/www.diarioimagen.net\/index.php?rest_route=%2Fwp%2Fv2%2Fcomments&post=440937"}],"version-history":[{"count":0,"href":"https:\/\/www.diarioimagen.net\/index.php?rest_route=\/wp\/v2\/posts\/440937\/revisions"}],"wp:featuredmedia":[{"embeddable":true,"href":"https:\/\/www.diarioimagen.net\/index.php?rest_route=\/wp\/v2\/media\/441031"}],"wp:attachment":[{"href":"https:\/\/www.diarioimagen.net\/index.php?rest_route=%2Fwp%2Fv2%2Fmedia&parent=440937"}],"wp:term":[{"taxonomy":"category","embeddable":true,"href":"https:\/\/www.diarioimagen.net\/index.php?rest_route=%2Fwp%2Fv2%2Fcategories&post=440937"},{"taxonomy":"post_tag","embeddable":true,"href":"https:\/\/www.diarioimagen.net\/index.php?rest_route=%2Fwp%2Fv2%2Ftags&post=440937"}],"curies":[{"name":"wp","href":"https:\/\/api.w.org\/{rel}","templated":true}]}}