{"id":441048,"date":"2019-09-02T00:05:59","date_gmt":"2019-09-02T05:05:59","guid":{"rendered":"https:\/\/www.diarioimagen.net\/?p=441048"},"modified":"2019-09-02T02:34:01","modified_gmt":"2019-09-02T07:34:01","slug":"vamos-despacito-y-sin-prisa-gritan-afuera-de-palacio-nacional","status":"publish","type":"post","link":"https:\/\/www.diarioimagen.net\/?p=441048","title":{"rendered":"\u201cVamos despacito y sin prisa\u201d, gritan afuera de Palacio Nacional"},"content":{"rendered":"<ul>\n<li><em><strong>Se manifiestan simpatizantes y opositores de AMLO<\/strong><\/em><\/li>\n<\/ul>\n<p>&nbsp;<\/p>\n<div id=\"attachment_441049\" style=\"width: 490px\" class=\"wp-caption aligncenter\"><img loading=\"lazy\" decoding=\"async\" aria-describedby=\"caption-attachment-441049\" class=\"size-full wp-image-441049\" src=\"https:\/\/www.diarioimagen.net\/wp-content\/uploads\/2019\/09\/MARCHA2-portal.jpg\" alt=\"\" width=\"480\" height=\"280\" srcset=\"https:\/\/www.diarioimagen.net\/wp-content\/uploads\/2019\/09\/MARCHA2-portal.jpg 480w, https:\/\/www.diarioimagen.net\/wp-content\/uploads\/2019\/09\/MARCHA2-portal-240x140.jpg 240w, https:\/\/www.diarioimagen.net\/wp-content\/uploads\/2019\/09\/MARCHA2-portal-460x268.jpg 460w\" sizes=\"auto, (max-width: 480px) 100vw, 480px\" \/><p id=\"caption-attachment-441049\" class=\"wp-caption-text\">Diversas organizaciones sociales y pol\u00edticas protestaron por las cifras presentadas en el Primer Informe de Gobierno oficial de Andr\u00e9s Manuel L\u00f3pez Obrador.<\/p><\/div>\n<p>&nbsp;<\/p>\n<p>Un grupo de personas se reuni\u00f3 afuera de Palacio Nacional para refrendar su apoyo al presidente Andr\u00e9s Manuel L\u00f3pez Obrador, quien este domingo rinde su Primer Informe de Gobierno.<\/p>\n<p>Poco antes de que iniciara el acto al interior de la sede del gobierno federal, los simpatizantes llegaron con pancartas, banderines y diversos art\u00edculos alusivos al Ejecutivo federal.<\/p>\n<p>\u201cSe ve, se siente; tenemos Presidente\u201d, \u201cNo somos acarreados, somos concientizados\u201d, \u201cEs un honor estar con Obrador\u201d y \u201cVamos despacito y sin prisa\u201d gritan afuera de la enterada principal de Palacio Nacional, a unos pasos de donde entraron funcionarios, gobernadores, diputados, senadores y empresarios para escuchar el mensaje presidencial.<\/p>\n<p>A su vez, decenas de elementos de Secretar\u00eda de Seguridad Ciudadana (SSC) resguardaron la vialidad de las calles aleda\u00f1as a Palacio Nacional y la seguridad de quienes se encuentran alrededor del Z\u00f3calo capitalino.<\/p>\n<p>De acuerdo con el titular de la SSC, Jes\u00fas Orta Mart\u00ednez, en esas zona hubo mil elementos de seguridad que resguardar\u00e1n la vialidad de las calles aleda\u00f1as.<\/p>\n<p style=\"text-align: center;\"><strong>Opositores de AMLO critican resultados de Informe de Gobierno<\/strong><\/p>\n<p>Por otro lado, diversas organizaciones sociales y pol\u00edticas protestaron por los resultados y las cifras presentadas en el Primer Informe de Gobierno oficial del presidente Andr\u00e9s Manuel L\u00f3pez Obrador.<\/p>\n<p>El contingente es encabezado por Chalecos M\u00e9xico y Futuro 21, y cuenta con la participaci\u00f3n de figuras de la escena pol\u00edtica nacional, entre las que destacan el ex candidato a la presidencial Gabriel Quadri y los dirigentes del Partido de la Revoluci\u00f3n Democr\u00e1tica (PRD); Camerino M\u00e1rquez y Fernando Belaunzar\u00e1n, as\u00ed como actriz Alejandra Mor\u00e1n, entre otros.<\/p>\n<p>Los integrantes de la marcha, la mayor\u00eda vestidos de blanco, al avanzar expresan cr\u00edticas al gobierno del presidente Andr\u00e9s Manuel L\u00f3pez Obrador en materia econ\u00f3mica, de salud, desempleo, ciencia y tecnolog\u00eda.<\/p>\n<p>\u201cParticipemos juntas y juntos por la democracia y contra el autoritarismo\u201d, destacan algunos de los mensajes.<\/p>\n<p>\u201cFuera L\u00f3pez\u201d es la consigna que repiten los manifestantes, quienes tambi\u00e9n hacen alusi\u00f3n al reciente caso de desabasto de medicamentos conta el c\u00e1ncer para pacientes del Hospital Infantil de M\u00e9xico \u00abFederico G\u00f3mez\u00bb.<\/p>\n<p>La marcha, que parti\u00f3 a las 11:35 de la Columna del \u00c1ngel de la Independencia, lleg\u00f3 al Monumento a la Revoluci\u00f3n, donde se realiz\u00f3 un mitin.<\/p>\n","protected":false},"excerpt":{"rendered":"<p>Un grupo de personas se reuni\u00f3 afuera de Palacio Nacional para refrendar su apoyo al presidente Andr\u00e9s Manuel L\u00f3pez Obrador, quien este domingo rinde su Primer Informe de Gobierno.<\/p>\n","protected":false},"author":1,"featured_media":441049,"comment_status":"open","ping_status":"open","sticky":false,"template":"","format":"standard","meta":{"_monsterinsights_skip_tracking":false,"_monsterinsights_sitenote_active":false,"_monsterinsights_sitenote_note":"","_monsterinsights_sitenote_category":0,"footnotes":""},"categories":[25512],"tags":[84830,43673,373,10626],"class_list":["post-441048","post","type-post","status-publish","format-standard","has-post-thumbnail","hentry","category-nacional-nacional","tag-jesus-orta-martinez","tag-nacional","tag-palacio-nacional","tag-primer-informe-de-gobierno"],"_links":{"self":[{"href":"https:\/\/www.diarioimagen.net\/index.php?rest_route=\/wp\/v2\/posts\/441048","targetHints":{"allow":["GET"]}}],"collection":[{"href":"https:\/\/www.diarioimagen.net\/index.php?rest_route=\/wp\/v2\/posts"}],"about":[{"href":"https:\/\/www.diarioimagen.net\/index.php?rest_route=\/wp\/v2\/types\/post"}],"author":[{"embeddable":true,"href":"https:\/\/www.diarioimagen.net\/index.php?rest_route=\/wp\/v2\/users\/1"}],"replies":[{"embeddable":true,"href":"https:\/\/www.diarioimagen.net\/index.php?rest_route=%2Fwp%2Fv2%2Fcomments&post=441048"}],"version-history":[{"count":0,"href":"https:\/\/www.diarioimagen.net\/index.php?rest_route=\/wp\/v2\/posts\/441048\/revisions"}],"wp:featuredmedia":[{"embeddable":true,"href":"https:\/\/www.diarioimagen.net\/index.php?rest_route=\/wp\/v2\/media\/441049"}],"wp:attachment":[{"href":"https:\/\/www.diarioimagen.net\/index.php?rest_route=%2Fwp%2Fv2%2Fmedia&parent=441048"}],"wp:term":[{"taxonomy":"category","embeddable":true,"href":"https:\/\/www.diarioimagen.net\/index.php?rest_route=%2Fwp%2Fv2%2Fcategories&post=441048"},{"taxonomy":"post_tag","embeddable":true,"href":"https:\/\/www.diarioimagen.net\/index.php?rest_route=%2Fwp%2Fv2%2Ftags&post=441048"}],"curies":[{"name":"wp","href":"https:\/\/api.w.org\/{rel}","templated":true}]}}