{"id":441129,"date":"2019-09-02T00:07:20","date_gmt":"2019-09-02T05:07:20","guid":{"rendered":"https:\/\/www.diarioimagen.net\/?p=441129"},"modified":"2019-09-02T02:44:25","modified_gmt":"2019-09-02T07:44:25","slug":"uaem-presento-finanzas-sanas-al-cierre-del-segundo-trimestre","status":"publish","type":"post","link":"https:\/\/www.diarioimagen.net\/?p=441129","title":{"rendered":"UAEM present\u00f3 finanzas sanas al cierre del segundo trimestre"},"content":{"rendered":"<ul>\n<li><strong><em>Genera cultura de gasto prudente y sensato: Alfredo Barrera<\/em><\/strong><\/li>\n<\/ul>\n<p>&nbsp;<\/p>\n<div id=\"attachment_441202\" style=\"width: 470px\" class=\"wp-caption aligncenter\"><a href=\"https:\/\/www.diarioimagen.net\/?attachment_id=441202\" rel=\"attachment wp-att-441202\"><img loading=\"lazy\" decoding=\"async\" aria-describedby=\"caption-attachment-441202\" class=\"size-large wp-image-441202\" src=\"https:\/\/www.diarioimagen.net\/wp-content\/uploads\/2019\/09\/UAEM-2-460x259.jpg\" alt=\"\" width=\"460\" height=\"259\" srcset=\"https:\/\/www.diarioimagen.net\/wp-content\/uploads\/2019\/09\/UAEM-2-460x259.jpg 460w, https:\/\/www.diarioimagen.net\/wp-content\/uploads\/2019\/09\/UAEM-2-240x135.jpg 240w, https:\/\/www.diarioimagen.net\/wp-content\/uploads\/2019\/09\/UAEM-2-235x132.jpg 235w, https:\/\/www.diarioimagen.net\/wp-content\/uploads\/2019\/09\/UAEM-2-202x114.jpg 202w, https:\/\/www.diarioimagen.net\/wp-content\/uploads\/2019\/09\/UAEM-2-350x196.jpg 350w, https:\/\/www.diarioimagen.net\/wp-content\/uploads\/2019\/09\/UAEM-2-220x123.jpg 220w, https:\/\/www.diarioimagen.net\/wp-content\/uploads\/2019\/09\/UAEM-2-237x132.jpg 237w, https:\/\/www.diarioimagen.net\/wp-content\/uploads\/2019\/09\/UAEM-2.jpg 480w\" sizes=\"auto, (max-width: 460px) 100vw, 460px\" \/><\/a><p id=\"caption-attachment-441202\" class=\"wp-caption-text\">El rector Alfredo Barrera Baca sostuvo que la instituci\u00f3n genera una cultura de gasto y finanzas universitarias prudentes y sensatas, lo cual permitir\u00e1 concluir el presente a\u00f1o con equilibrio financiero.<\/p><\/div>\n<p>&nbsp;<\/p>\n<p><strong>Toluca, Estado de M\u00e9xico<\/strong>.- Al cierre del segundo trimestre del a\u00f1o, la Universidad Aut\u00f3noma del Estado de M\u00e9xico present\u00f3 una situaci\u00f3n financiera sana, como resultado de la aprobaci\u00f3n de los lineamientos para el ahorro y fortalecimiento financiero, que incluyen la optimizaci\u00f3n del presupuesto y contenci\u00f3n de gastos, acciones iniciadas por la administraci\u00f3n 2017-2021 y aprobadas por el H. Consejo Universitario.<\/p>\n<p>Durante la sesi\u00f3n ordinaria correspondiente al mes de agosto del m\u00e1ximo \u00f3rgano de gobierno de la Aut\u00f3noma mexiquense, marco en el que se aprob\u00f3 el dictamen que rindi\u00f3 la Comisi\u00f3n de Finanzas y Administraci\u00f3n respecto a los estados financieros correspondientes a dicho periodo, el rector Alfredo Barrera Baca sostuvo que la instituci\u00f3n genera una cultura de gasto y finanzas universitarias prudentes y sensatas, lo cual permitir\u00e1 concluir el presente a\u00f1o con equilibrio financiero.<\/p>\n<p>Indic\u00f3 que, gracias al programa de ahorro y contenci\u00f3n de gastos, esta casa de estudios hace frente al pago de n\u00f3mina, gastos de operaci\u00f3n, pago de proveedores y acreedores, entrega de becas y apoyos para movilidad nacional e internacional, as\u00ed como el crecimiento de infraestructura y equipamiento, en beneficio de la comunidad universitaria.<\/p>\n<p>El referido dictamen refiere que, en todo momento, la administraci\u00f3n continuar\u00e1 con la gesti\u00f3n de recursos ante las autoridades estatales y federales para la obtenci\u00f3n de subsidios que conduzcan a la estabilidad y viabilidad financiera de la UAEM durante los pr\u00f3ximos a\u00f1os.<\/p>\n<p>Al respecto, el secretario de Finanzas de la UAEM, Javier Gonz\u00e1lez Mart\u00ednez, detall\u00f3 que esta administraci\u00f3n lleva a cabo un ejercicio racional y adecuado de las finanzas, al reducir el d\u00e9ficit y optimizar el presupuesto, sin que esto implique detener las funciones sustantivas y adjetivas de la instituci\u00f3n. El consejero alumno de la Facultad de Derecho, Eliot Fernando Cruz D\u00edaz, destac\u00f3 que la contenci\u00f3n de gastos en la UAEM rinde frutos y los estados financieros muestran un ahorro importante en los rubros de mantenimiento y suministros.<\/p>\n<p>El director de la Facultad de Contadur\u00eda y Administraci\u00f3n, Marcos Rafael Garc\u00eda P\u00e9rez, expres\u00f3 que la Aut\u00f3noma mexiquense goza de liquidez y solvencia, lo que constituye un blindaje para la instituci\u00f3n y le permite continuar operando en \u00f3ptimas condiciones.<\/p>\n<p>La consejera, alumna de la Facultad de Econom\u00eda, Norma Elena Lira Terr\u00f3n, manifest\u00f3 la importancia de fortalecer los planes de desarrollo que impulsen a la instituci\u00f3n a generar mayores recursos propios a trav\u00e9s de la vinculaci\u00f3n con la sociedad y, en particular, con la iniciativa privada.<\/p>\n","protected":false},"excerpt":{"rendered":"<p>Al cierre del segundo trimestre del a\u00f1o, la Universidad Aut\u00f3noma del Estado de M\u00e9xico present\u00f3 una situaci\u00f3n financiera sana, como resultado de la aprobaci\u00f3n de los lineamientos para el ahorro y fortalecimiento financiero, que incluyen la optimizaci\u00f3n del presupuesto y contenci\u00f3n de gastos, acciones iniciadas por la administraci\u00f3n 2017-2021 y aprobadas por el H. Consejo Universitario.<\/p>\n","protected":false},"author":3,"featured_media":441202,"comment_status":"open","ping_status":"open","sticky":false,"template":"","format":"standard","meta":{"_monsterinsights_skip_tracking":false,"_monsterinsights_sitenote_active":false,"_monsterinsights_sitenote_note":"","_monsterinsights_sitenote_category":0,"footnotes":""},"categories":[5],"tags":[43675,77995,452,84653,1491],"class_list":["post-441129","post","type-post","status-publish","format-standard","has-post-thumbnail","hentry","category-estado-de-mexico","tag-estado-de-mexico","tag-sanas","tag-toluca","tag-trimestre","tag-uaem"],"_links":{"self":[{"href":"https:\/\/www.diarioimagen.net\/index.php?rest_route=\/wp\/v2\/posts\/441129","targetHints":{"allow":["GET"]}}],"collection":[{"href":"https:\/\/www.diarioimagen.net\/index.php?rest_route=\/wp\/v2\/posts"}],"about":[{"href":"https:\/\/www.diarioimagen.net\/index.php?rest_route=\/wp\/v2\/types\/post"}],"author":[{"embeddable":true,"href":"https:\/\/www.diarioimagen.net\/index.php?rest_route=\/wp\/v2\/users\/3"}],"replies":[{"embeddable":true,"href":"https:\/\/www.diarioimagen.net\/index.php?rest_route=%2Fwp%2Fv2%2Fcomments&post=441129"}],"version-history":[{"count":0,"href":"https:\/\/www.diarioimagen.net\/index.php?rest_route=\/wp\/v2\/posts\/441129\/revisions"}],"wp:featuredmedia":[{"embeddable":true,"href":"https:\/\/www.diarioimagen.net\/index.php?rest_route=\/wp\/v2\/media\/441202"}],"wp:attachment":[{"href":"https:\/\/www.diarioimagen.net\/index.php?rest_route=%2Fwp%2Fv2%2Fmedia&parent=441129"}],"wp:term":[{"taxonomy":"category","embeddable":true,"href":"https:\/\/www.diarioimagen.net\/index.php?rest_route=%2Fwp%2Fv2%2Fcategories&post=441129"},{"taxonomy":"post_tag","embeddable":true,"href":"https:\/\/www.diarioimagen.net\/index.php?rest_route=%2Fwp%2Fv2%2Ftags&post=441129"}],"curies":[{"name":"wp","href":"https:\/\/api.w.org\/{rel}","templated":true}]}}