{"id":441134,"date":"2019-09-02T00:03:48","date_gmt":"2019-09-02T05:03:48","guid":{"rendered":"https:\/\/www.diarioimagen.net\/?p=441134"},"modified":"2019-09-02T02:56:39","modified_gmt":"2019-09-02T07:56:39","slug":"gobierno-de-tlalnepantla-celebra-a-adultos-mayores","status":"publish","type":"post","link":"https:\/\/www.diarioimagen.net\/?p=441134","title":{"rendered":"Gobierno de Tlalnepantla celebra a adultos mayores"},"content":{"rendered":"<p><a href=\"https:\/\/www.diarioimagen.net\/?attachment_id=441208\" rel=\"attachment wp-att-441208\"><img loading=\"lazy\" decoding=\"async\" class=\"aligncenter size-large wp-image-441208\" src=\"https:\/\/www.diarioimagen.net\/wp-content\/uploads\/2019\/09\/TLALNEPANTLA02-460x259.jpg\" alt=\"\" width=\"460\" height=\"259\" srcset=\"https:\/\/www.diarioimagen.net\/wp-content\/uploads\/2019\/09\/TLALNEPANTLA02-460x259.jpg 460w, https:\/\/www.diarioimagen.net\/wp-content\/uploads\/2019\/09\/TLALNEPANTLA02-240x135.jpg 240w, https:\/\/www.diarioimagen.net\/wp-content\/uploads\/2019\/09\/TLALNEPANTLA02-235x132.jpg 235w, https:\/\/www.diarioimagen.net\/wp-content\/uploads\/2019\/09\/TLALNEPANTLA02-202x114.jpg 202w, https:\/\/www.diarioimagen.net\/wp-content\/uploads\/2019\/09\/TLALNEPANTLA02-350x196.jpg 350w, https:\/\/www.diarioimagen.net\/wp-content\/uploads\/2019\/09\/TLALNEPANTLA02-220x123.jpg 220w, https:\/\/www.diarioimagen.net\/wp-content\/uploads\/2019\/09\/TLALNEPANTLA02-237x132.jpg 237w, https:\/\/www.diarioimagen.net\/wp-content\/uploads\/2019\/09\/TLALNEPANTLA02.jpg 480w\" sizes=\"auto, (max-width: 460px) 100vw, 460px\" \/><\/a><\/p>\n<p>&nbsp;<\/p>\n<p><strong>Tlalnepantla, Estado de M\u00e9xico.- <\/strong>Por su aportaci\u00f3n, por su amor eterno, mil gracias, ustedes son la inspiraci\u00f3n para trabajar, los tenemos en nuestras mentes y nuestros corazones todos los d\u00edas, afirm\u00f3 el alcalde, Raciel P\u00e9rez Cruz, ante miles de personas adultas mayores de Tlalnepantla Oriente.<\/p>\n<p>En el marco de la celebraci\u00f3n de su d\u00eda, el gobierno tlalnepantlense y el Sistema DIF municipales, organizaron un festejo en el Deportivo Cri Cri de la colonia La Presa, donde los adultos mayores pudieron disfrutar \u00a0de m\u00fasica, regalos y baile con la Aut\u00e9ntica Sonora Santanera, que interpret\u00f3 canciones como \u2018Perfume de gardenias\u2019, \u2018La boa\u2019, \u2018Tita\u2019, entre otras, as\u00ed como de imitadores de varios artistas.<\/p>\n","protected":false},"excerpt":{"rendered":"<p>Por su aportaci\u00f3n, por su amor eterno, mil gracias, ustedes son la inspiraci\u00f3n para trabajar, los tenemos en nuestras mentes y nuestros corazones todos los d\u00edas, afirm\u00f3 el alcalde, Raciel P\u00e9rez Cruz, ante miles de personas adultas mayores de Tlalnepantla Oriente.<\/p>\n","protected":false},"author":3,"featured_media":441208,"comment_status":"open","ping_status":"open","sticky":false,"template":"","format":"standard","meta":{"_monsterinsights_skip_tracking":false,"_monsterinsights_sitenote_active":false,"_monsterinsights_sitenote_note":"","_monsterinsights_sitenote_category":0,"footnotes":""},"categories":[5],"tags":[22805,43675,169],"class_list":["post-441134","post","type-post","status-publish","format-standard","has-post-thumbnail","hentry","category-estado-de-mexico","tag-adulto-mayor","tag-estado-de-mexico","tag-tlalnepantla"],"_links":{"self":[{"href":"https:\/\/www.diarioimagen.net\/index.php?rest_route=\/wp\/v2\/posts\/441134","targetHints":{"allow":["GET"]}}],"collection":[{"href":"https:\/\/www.diarioimagen.net\/index.php?rest_route=\/wp\/v2\/posts"}],"about":[{"href":"https:\/\/www.diarioimagen.net\/index.php?rest_route=\/wp\/v2\/types\/post"}],"author":[{"embeddable":true,"href":"https:\/\/www.diarioimagen.net\/index.php?rest_route=\/wp\/v2\/users\/3"}],"replies":[{"embeddable":true,"href":"https:\/\/www.diarioimagen.net\/index.php?rest_route=%2Fwp%2Fv2%2Fcomments&post=441134"}],"version-history":[{"count":0,"href":"https:\/\/www.diarioimagen.net\/index.php?rest_route=\/wp\/v2\/posts\/441134\/revisions"}],"wp:featuredmedia":[{"embeddable":true,"href":"https:\/\/www.diarioimagen.net\/index.php?rest_route=\/wp\/v2\/media\/441208"}],"wp:attachment":[{"href":"https:\/\/www.diarioimagen.net\/index.php?rest_route=%2Fwp%2Fv2%2Fmedia&parent=441134"}],"wp:term":[{"taxonomy":"category","embeddable":true,"href":"https:\/\/www.diarioimagen.net\/index.php?rest_route=%2Fwp%2Fv2%2Fcategories&post=441134"},{"taxonomy":"post_tag","embeddable":true,"href":"https:\/\/www.diarioimagen.net\/index.php?rest_route=%2Fwp%2Fv2%2Ftags&post=441134"}],"curies":[{"name":"wp","href":"https:\/\/api.w.org\/{rel}","templated":true}]}}