{"id":441152,"date":"2019-09-02T00:02:47","date_gmt":"2019-09-02T05:02:47","guid":{"rendered":"https:\/\/www.diarioimagen.net\/?p=441152"},"modified":"2019-09-02T02:16:21","modified_gmt":"2019-09-02T07:16:21","slug":"tercer-informe-pura-palabreria","status":"publish","type":"post","link":"https:\/\/www.diarioimagen.net\/?p=441152","title":{"rendered":"\u201cTercer Informe\u201d, pura palabrer\u00eda"},"content":{"rendered":"<h2>La Retaguardia<\/h2>\n<h5>Adriana Moreno Cordero<\/h5>\n<p><em>\u00a0<\/em><\/p>\n<ul>\n<li><strong><em>Discurso ficci\u00f3n; AMLO apapacha a Bartlett y a Cuitl\u00e1huac<\/em><\/strong><\/li>\n<li><strong><em>Gallardo, al PVEM<\/em><\/strong><\/li>\n<\/ul>\n<p>&nbsp;<\/p>\n<p>M\u00e1s que un cat\u00e1logo de buenos deseos, el \u201ctercer informe\u201d que rindi\u00f3 ayer el presidente Andr\u00e9s Manuel L\u00f3pez Obrador, se bas\u00f3 en que el Ejecutivo cree o supone que por el solo hecho de decretar -partiendo de pura palabrer\u00eda-, cuestiones -como por ejemplo- que la llamada cuarta transformaci\u00f3n acab\u00f3 con la corrupci\u00f3n porque ya todo cambi\u00f3 a su favor, o bien, que esta 4T ha empezado a convertirse, en la pr\u00e1ctica cotidiana, en toda una realidad, algo que s\u00f3lo est\u00e1 en la mente del tabasque\u00f1o.<\/p>\n<p>Para muestra adem\u00e1s, ah\u00ed est\u00e1 cuando el Presidente asegur\u00f3 que sus adversarios, los neoliberales, estaban \u201cmoralmente derrotados\u2026 porque el triunfo de la reacci\u00f3n es imposible\u201d. \u00bfSer\u00e1?<\/p>\n<p>Se dio tiempo L\u00f3pez Obrador para seguir provocando a quienes no est\u00e1n con \u00e9l y por ende, de acuerdo a su filosof\u00eda, est\u00e1n en su contra, al indicar que: \u201clos que se oponen al cambio viven aturdidos y desconcertados, la mayor\u00eda apoya la transformaci\u00f3n, est\u00e1n contentos: feliz, feliz, feliz\u201d. Eso s\u00ed que son\u00f3 a burla.<\/p>\n<p>Igualmente, como en anteriores administraciones, ayer fue \u201cel d\u00eda del Presidente\u201d, en el que L\u00f3pez Obrador, adem\u00e1s de romper las formas, se limit\u00f3 a hablar del pa\u00eds que s\u00f3lo \u00e9l ve; \u201cdiscurso ficci\u00f3n\u201d, como lo llamaron los especialistas y, como en muy a\u00f1ejas pr\u00e1cticas ancestrales, evit\u00f3 referirse a los muchos errores y promesas incumplidas e incluso retom\u00f3 la pr\u00e1ctica que se supone ya no har\u00eda, de culpar a las administraciones pasadas de los muchos lastres que viene arrastrando el tabasque\u00f1o.<\/p>\n<p>En cuanto a la inseguridad que priva a lo largo y ancho del pa\u00eds, s\u00f3lo hubo una superficial menci\u00f3n respecto a que era su principal pendiente y que los resultados en incidencia delictiva, \u201cno son buenos\u201d. Cay\u00f3 el mandatario en una clara contradicci\u00f3n, cuando se\u00f1al\u00f3 que en su gobierno se han desplegado ya 58 mil 600 elemento de la Guardia Nacional en el pa\u00eds, siendo tan pobres los resultados en el combate a la inseguridad.<\/p>\n<p>Mientras, en econom\u00eda, as\u00ed nada m\u00e1s de pasadita, dijo que casi, casi, hab\u00eda que \u201cechar las campanas al vuelo\u201d porque aunque M\u00e9xico \u00bfcrece poco?, no hay recesi\u00f3n. No, pues s\u00ed.<\/p>\n<p>Tampoco dej\u00f3 de llamar poderosamente la atenci\u00f3n cuando el presidente L\u00f3pez Obrador se refiri\u00f3 a los migrantes como \u201cnuestros verdaderos h\u00e9roes\u201d, que han enviado a M\u00e9xico el mayor n\u00famero de remesas. Entonces, \u00bfpor qu\u00e9 el Ejecutivo\u00a0 sigui\u00f3 las \u00f3rdenes del presidente de Estados Unidos, <strong>Donald Trump<\/strong>, cuando amenaz\u00f3 con imponer aranceles a nuestro pa\u00eds y pr\u00e1cticamente construy\u00f3 un \u201cmuro de carne y hueso\u201d, precisamente con elementos de la Guardia Nacional en la frontera sur de M\u00e9xico?<\/p>\n<p>Eso s\u00ed, AMLO no olvid\u00f3 \u201capapachar\u201d a funcionarios cercanos suyos, como el director de la Comisi\u00f3n Federal de Electricidad, <strong>Manuel Bartlett<\/strong>, al reconocerlo p\u00fablicamente, pese a los apagones que por ineficiencia, en muchas partes del pa\u00eds se han registrado, sin que esta llamada cuarta transformaci\u00f3n pueda tener alguna soluci\u00f3n.<\/p>\n<p>Ahora s\u00ed que puede decirse que L\u00f3pez Obrador hizo su propio \u201cno te preocupes Rosario\u201d, del ex presidente <strong>Enrique Pe\u00f1a,<\/strong> al dar el espaldarazo a su entonces secretaria de Desarrollo Social, <strong>Rosario Robles<\/strong> que, \u00bfhabr\u00e1 visto el informe desde el reclusorio de Santa Martha? Esta vez fue, \u201cno te preocupes, Manuel\u201d.<\/p>\n<p>Un d\u00eda antes, no hay que soslayar, p\u00fablicamente el Presidente le alz\u00f3 la mano en se\u00f1al de victoria ni m\u00e1s ni menos que al gobernador de Veracruz, <strong>Cuitl\u00e1huac Garc\u00eda<\/strong>, en medio de la crisis que vive el estado por la m\u00e1s reciente matanza perpetrada en Coatzacoalcos, que vino a corroborar que al mandatario estatal de plano ya se le sali\u00f3 de las manos ese flagelo. O sea, \u00bfbien podr\u00eda decirse que aqu\u00ed otra vez L\u00f3pez Obrador de alguna manera le dijo, \u00bfno te preocupes, Cuitl\u00e1huac?<\/p>\n<p style=\"text-align: center;\"><strong>MUNICIONES<\/strong><\/p>\n<p>*** El diputado federal por San Luis Potos\u00ed, <strong>Ricardo Gallardo Cardona<\/strong>, anunci\u00f3 su adhesi\u00f3n a la fracci\u00f3n parlamentaria del PVEM, en la C\u00e1mara baja, que coordina <strong>Arturo Escobar<\/strong>.\u00a0 \u201cHoy decid\u00ed aceptar la invitaci\u00f3n del Partido Verde Ecologista de M\u00e9xico, para formar parte de su bancada y de sus proyectos nacionales, agradecido con todos aquellos que me siguen en esta gran aventura\u201d. Agreg\u00f3 que,\u00a0 \u201csoy una persona de compromiso y convicciones; no les fallar\u00e9 porque en mi casa me formaron a la antigua, donde la palabra vale igual que la vida\u201d.\u00a0 Desde hace unas semanas, el diputado Gallardo ha venido apareciendo en eventos del Partido Verde, acompa\u00f1ando a sus l\u00edderes y representantes, lo que ha provocado comentarios al respecto. Ya no s\u00f3lo en los corrillos del Palacio Legislativo de San L\u00e1zaro, se comenta que ser\u00e1 precisamente en San Luis Potos\u00ed donde el PVEM obtendr\u00e1 su segunda gubernatura con Ricardo Gallardo como candidato, raz\u00f3n por la cual se integr\u00f3 como una figura principal\u00edsima rumbo al proyecto pol\u00edtico de ese instituto pol\u00edtico, con el que comparte principios e ideales. Acompa\u00f1aron tambi\u00e9n a Gallardo el coordinador del Verde en el Senado de la Rep\u00fablica, <strong>Ra\u00fal Bola\u00f1os<\/strong> y el dirigente nacional del partido del tuc\u00e1n, <strong>Carlos Puente Salas<\/strong>.<\/p>\n<p>*** Finalmente y despu\u00e9s de los pataleos y berrinches del senador Mart\u00ed Batres, el Senado de la Rep\u00fablica eligi\u00f3 a <strong>M\u00f3nica Fern\u00e1ndez Balboa<\/strong> como presidenta de la Mesa Directiva, para conducir los trabajos del Pleno durante Segundo A\u00f1o de Ejercicio de la LXIV Legislatura. Desde luego, a la hora de la votaci\u00f3n, Batres Guadarrama prefiri\u00f3 \u201chacer mutis\u201d, no fuera que le ganaran las l\u00e1grimas de impotencia. La plantilla que encabez\u00f3 la legisladora de Morena recibi\u00f3 110 votos de un total de 113. Uno fue en contra y dos por diversas planillas. La votaci\u00f3n se realiz\u00f3 por c\u00e9dula. Resultaron electos como vicepresidentes los senadores <strong>Salom\u00f3n Jara Cruz<\/strong>, de Morena; <strong>Mar\u00eda Guadalupe Murgu\u00eda Guti\u00e9rrez,<\/strong> del PAN, y <strong>Jorge Carlos Ram\u00edrez Mar\u00edn<\/strong>, del PRI. La asamblea tambi\u00e9n vot\u00f3 en favor de que las senadoras <strong>Minerva Citlalli Hern\u00e1ndez Mora<\/strong>, de Morena; <strong>Ver\u00f3nica Delgadillo Garc\u00eda<\/strong>, de Movimiento Ciudadano; <strong>Nancy de la Sierra Ar\u00e1mburo<\/strong>, del PT, as\u00ed como el senador <strong>Primo Doth\u00e9 Mata<\/strong>, de Morena, se desempe\u00f1en como secretarias y secretario de este \u00f3rgano de gobierno.<\/p>\n<p>*** \u201cCon la frase, el gobierno est\u00e1 reprobado y miente\u201d, la bancada del PAN en la C\u00e1mara alta, que coordina Mauricio Kuri, rechaz\u00f3 el \u201ctercer informe\u201d de L\u00f3pez Obrador, lo cual sustentaron con cifras y datos. Y es que lo que le hicieron en San L\u00e1zaro a la fracci\u00f3n parlamentaria de Acci\u00f3n Nacional para arrebatarle a ese partido con <strong>Xavier Azuara<\/strong>, poder ocupar la presidencia de la Mesa Directiva y complacer al morenista <strong>Porfirio Mu\u00f1oz Ledo<\/strong> en sus afanes reeleccionistas, fue toda una chicanada y merece comentario aparte.<\/p>\n<p><a href=\"mailto:morcora@gmail.com\" target=\"_blank\" rel=\"noopener noreferrer\"><em>morcora@gmail.com<\/em><\/a><\/p>\n","protected":false},"excerpt":{"rendered":"<p><span style=\"color: #005497;\"><strong>Adriana Moreno Cordero<\/strong><\/span><\/p>\n","protected":false},"author":3,"featured_media":0,"comment_status":"open","ping_status":"open","sticky":false,"template":"","format":"standard","meta":{"_monsterinsights_skip_tracking":false,"_monsterinsights_sitenote_active":false,"_monsterinsights_sitenote_note":"","_monsterinsights_sitenote_category":0,"footnotes":""},"categories":[69370],"tags":[69369,69368,43674],"class_list":["post-441152","post","type-post","status-publish","format-standard","hentry","category-adriana-moreno-cordero","tag-adriana-moreno-cordero","tag-la-retaguardia","tag-opinion"],"_links":{"self":[{"href":"https:\/\/www.diarioimagen.net\/index.php?rest_route=\/wp\/v2\/posts\/441152","targetHints":{"allow":["GET"]}}],"collection":[{"href":"https:\/\/www.diarioimagen.net\/index.php?rest_route=\/wp\/v2\/posts"}],"about":[{"href":"https:\/\/www.diarioimagen.net\/index.php?rest_route=\/wp\/v2\/types\/post"}],"author":[{"embeddable":true,"href":"https:\/\/www.diarioimagen.net\/index.php?rest_route=\/wp\/v2\/users\/3"}],"replies":[{"embeddable":true,"href":"https:\/\/www.diarioimagen.net\/index.php?rest_route=%2Fwp%2Fv2%2Fcomments&post=441152"}],"version-history":[{"count":0,"href":"https:\/\/www.diarioimagen.net\/index.php?rest_route=\/wp\/v2\/posts\/441152\/revisions"}],"wp:attachment":[{"href":"https:\/\/www.diarioimagen.net\/index.php?rest_route=%2Fwp%2Fv2%2Fmedia&parent=441152"}],"wp:term":[{"taxonomy":"category","embeddable":true,"href":"https:\/\/www.diarioimagen.net\/index.php?rest_route=%2Fwp%2Fv2%2Fcategories&post=441152"},{"taxonomy":"post_tag","embeddable":true,"href":"https:\/\/www.diarioimagen.net\/index.php?rest_route=%2Fwp%2Fv2%2Ftags&post=441152"}],"curies":[{"name":"wp","href":"https:\/\/api.w.org\/{rel}","templated":true}]}}