{"id":441312,"date":"2019-09-03T00:06:00","date_gmt":"2019-09-03T05:06:00","guid":{"rendered":"https:\/\/www.diarioimagen.net\/?p=441312"},"modified":"2019-09-03T03:13:50","modified_gmt":"2019-09-03T08:13:50","slug":"cuautitlan-izcalli-festeja-a-los-abuelos-en-su-dia","status":"publish","type":"post","link":"https:\/\/www.diarioimagen.net\/?p=441312","title":{"rendered":"Cuautitl\u00e1n Izcalli\u00a0 festeja a los abuelos en su d\u00eda"},"content":{"rendered":"<div id=\"attachment_441382\" style=\"width: 470px\" class=\"wp-caption aligncenter\"><a href=\"https:\/\/www.diarioimagen.net\/?attachment_id=441382\" rel=\"attachment wp-att-441382\"><img loading=\"lazy\" decoding=\"async\" aria-describedby=\"caption-attachment-441382\" class=\"size-large wp-image-441382\" src=\"https:\/\/www.diarioimagen.net\/wp-content\/uploads\/2019\/09\/cuautitlan-1-460x259.jpg\" alt=\"\" width=\"460\" height=\"259\" srcset=\"https:\/\/www.diarioimagen.net\/wp-content\/uploads\/2019\/09\/cuautitlan-1-460x259.jpg 460w, https:\/\/www.diarioimagen.net\/wp-content\/uploads\/2019\/09\/cuautitlan-1-240x135.jpg 240w, https:\/\/www.diarioimagen.net\/wp-content\/uploads\/2019\/09\/cuautitlan-1-235x132.jpg 235w, https:\/\/www.diarioimagen.net\/wp-content\/uploads\/2019\/09\/cuautitlan-1-202x114.jpg 202w, https:\/\/www.diarioimagen.net\/wp-content\/uploads\/2019\/09\/cuautitlan-1-350x196.jpg 350w, https:\/\/www.diarioimagen.net\/wp-content\/uploads\/2019\/09\/cuautitlan-1-220x123.jpg 220w, https:\/\/www.diarioimagen.net\/wp-content\/uploads\/2019\/09\/cuautitlan-1-237x132.jpg 237w, https:\/\/www.diarioimagen.net\/wp-content\/uploads\/2019\/09\/cuautitlan-1.jpg 480w\" sizes=\"auto, (max-width: 460px) 100vw, 460px\" \/><\/a><p id=\"caption-attachment-441382\" class=\"wp-caption-text\">El comisario de Naucalpan, L\u00e1zaro Gayt\u00e1n Aguirre, invit\u00f3 a la poblaci\u00f3n a participar, pues los riesgos de tener armas de fuego en casa son muy altos.<\/p><\/div>\n<p>&nbsp;<\/p>\n<p><strong>Cuautitl\u00e1n, Estado de M\u00e9xico.- <\/strong>En un ambiente de alegr\u00eda y nostalgia, el ayuntamiento que preside Ricardo N\u00fa\u00f1ez Ayala, festej\u00f3 el D\u00eda del Abuelo, evento en el que se llevaron a cabo una serie de actividades para que los adultos mayores disfrutaran de su d\u00eda al m\u00e1ximo.<\/p>\n<p>La Direcci\u00f3n de Educaci\u00f3n, en coordinaci\u00f3n con la Direcci\u00f3n de Cultura, celebraron a los adultos mayores en la biblioteca \u201cSor Juana In\u00e9s de la Cruz\u201d, donde se presentaron distintas reflexiones del cap\u00edtulo \u201cPalabras de un viejo cualquiera\u201d del audiolibro <em>Envejeciendo con Alegr\u00eda<\/em>, de Alejandro Orozco.<\/p>\n<p>En una atm\u00f3sfera cargada de melancol\u00eda, Heriberto Guerrero se dirigi\u00f3 a los asistentes con algunas experiencias de vida que lo han formado como persona.<\/p>\n","protected":false},"excerpt":{"rendered":"<p>En un ambiente de alegr\u00eda y nostalgia, el ayuntamiento que preside Ricardo N\u00fa\u00f1ez Ayala, festej\u00f3 el D\u00eda del Abuelo, evento en el que se llevaron a cabo una serie de actividades para que los adultos mayores disfrutaran de su d\u00eda al m\u00e1ximo.<\/p>\n","protected":false},"author":3,"featured_media":441382,"comment_status":"open","ping_status":"open","sticky":false,"template":"","format":"standard","meta":{"_monsterinsights_skip_tracking":false,"_monsterinsights_sitenote_active":false,"_monsterinsights_sitenote_note":"","_monsterinsights_sitenote_category":0,"footnotes":""},"categories":[5],"tags":[64917,681,47558,43675],"class_list":["post-441312","post","type-post","status-publish","format-standard","has-post-thumbnail","hentry","category-estado-de-mexico","tag-abuelos","tag-cuautitlan","tag-dia","tag-estado-de-mexico"],"_links":{"self":[{"href":"https:\/\/www.diarioimagen.net\/index.php?rest_route=\/wp\/v2\/posts\/441312","targetHints":{"allow":["GET"]}}],"collection":[{"href":"https:\/\/www.diarioimagen.net\/index.php?rest_route=\/wp\/v2\/posts"}],"about":[{"href":"https:\/\/www.diarioimagen.net\/index.php?rest_route=\/wp\/v2\/types\/post"}],"author":[{"embeddable":true,"href":"https:\/\/www.diarioimagen.net\/index.php?rest_route=\/wp\/v2\/users\/3"}],"replies":[{"embeddable":true,"href":"https:\/\/www.diarioimagen.net\/index.php?rest_route=%2Fwp%2Fv2%2Fcomments&post=441312"}],"version-history":[{"count":0,"href":"https:\/\/www.diarioimagen.net\/index.php?rest_route=\/wp\/v2\/posts\/441312\/revisions"}],"wp:featuredmedia":[{"embeddable":true,"href":"https:\/\/www.diarioimagen.net\/index.php?rest_route=\/wp\/v2\/media\/441382"}],"wp:attachment":[{"href":"https:\/\/www.diarioimagen.net\/index.php?rest_route=%2Fwp%2Fv2%2Fmedia&parent=441312"}],"wp:term":[{"taxonomy":"category","embeddable":true,"href":"https:\/\/www.diarioimagen.net\/index.php?rest_route=%2Fwp%2Fv2%2Fcategories&post=441312"},{"taxonomy":"post_tag","embeddable":true,"href":"https:\/\/www.diarioimagen.net\/index.php?rest_route=%2Fwp%2Fv2%2Ftags&post=441312"}],"curies":[{"name":"wp","href":"https:\/\/api.w.org\/{rel}","templated":true}]}}