{"id":441314,"date":"2019-09-03T00:05:19","date_gmt":"2019-09-03T05:05:19","guid":{"rendered":"https:\/\/www.diarioimagen.net\/?p=441314"},"modified":"2019-09-03T04:57:18","modified_gmt":"2019-09-03T09:57:18","slug":"david-montano-representara-a-atizapan-en-gimnasia-aerobica","status":"publish","type":"post","link":"https:\/\/www.diarioimagen.net\/?p=441314","title":{"rendered":"David Monta\u00f1o representar\u00e1 a Atizap\u00e1n en gimnasia aer\u00f3bica"},"content":{"rendered":"<ul>\n<li><strong><em>A celebrarse del 8 al 14 de octubre<\/em><\/strong><\/li>\n<\/ul>\n<p>&nbsp;<\/p>\n<div id=\"attachment_441385\" style=\"width: 470px\" class=\"wp-caption aligncenter\"><a href=\"https:\/\/www.diarioimagen.net\/?attachment_id=441385\" rel=\"attachment wp-att-441385\"><img loading=\"lazy\" decoding=\"async\" aria-describedby=\"caption-attachment-441385\" class=\"size-large wp-image-441385\" src=\"https:\/\/www.diarioimagen.net\/wp-content\/uploads\/2019\/09\/atizapan-460x259.jpg\" alt=\"\" width=\"460\" height=\"259\" srcset=\"https:\/\/www.diarioimagen.net\/wp-content\/uploads\/2019\/09\/atizapan-460x259.jpg 460w, https:\/\/www.diarioimagen.net\/wp-content\/uploads\/2019\/09\/atizapan-240x135.jpg 240w, https:\/\/www.diarioimagen.net\/wp-content\/uploads\/2019\/09\/atizapan-235x132.jpg 235w, https:\/\/www.diarioimagen.net\/wp-content\/uploads\/2019\/09\/atizapan-202x114.jpg 202w, https:\/\/www.diarioimagen.net\/wp-content\/uploads\/2019\/09\/atizapan-350x196.jpg 350w, https:\/\/www.diarioimagen.net\/wp-content\/uploads\/2019\/09\/atizapan-220x123.jpg 220w, https:\/\/www.diarioimagen.net\/wp-content\/uploads\/2019\/09\/atizapan-237x132.jpg 237w, https:\/\/www.diarioimagen.net\/wp-content\/uploads\/2019\/09\/atizapan.jpg 480w\" sizes=\"auto, (max-width: 460px) 100vw, 460px\" \/><\/a><p id=\"caption-attachment-441385\" class=\"wp-caption-text\">La alcaldesa Ruth Olvera Nieto otorg\u00f3 una beca econ\u00f3mica al gimnasta, para concretar su participaci\u00f3n en la justa deportiva.<\/p><\/div>\n<p>&nbsp;<\/p>\n<p><strong>Atizap\u00e1n, Estado de M\u00e9xico<\/strong>.- El joven atleta David Monta\u00f1o Mel\u00e9ndez representar\u00e1 a Atizap\u00e1n de Zaragoza y a M\u00e9xico en el Campeonato Panamericano de Gimnasia Aer\u00f3bica a celebrarse del 8 al 14 de octubre que, por primera vez, tendr\u00e1 sede en Buenos Aires, Argentina.<\/p>\n<p>En la realizaci\u00f3n de este objetivo, el gobierno de Atizap\u00e1n de Zaragoza otorg\u00f3 una beca econ\u00f3mica al gimnasta, que le permitir\u00e1 concretar su participaci\u00f3n en esa justa deportiva.<\/p>\n<p>La alcaldesa Ruth Olvera Nieto hizo hincapi\u00e9 en que su gobierno establece pol\u00edticas p\u00fablicas en aras de que los habitantes obtengan mayor tranquilidad y calidad de vida, en las que se incluyen mayores acciones en pro de la cultura, deporte y educaci\u00f3n, \u201cimpulsando el talento y las metas de los j\u00f3venes atizapenses. \u201cEs un orgullo para nosotros que David, originario de Atizap\u00e1n, nos represente en una competencia internacional. \u00c9l es un claro ejemplo de que los sue\u00f1os se cumplen. \u00a1Mucho \u00e9xito David!\u201d.<\/p>\n<p>Vecino de la colonia Capistrano y sexto de una familia de 10 hermanos, David Monta\u00f1o ha sido cinco veces campe\u00f3n nacional en gimnasia aer\u00f3bica; ha ganado los dos \u00faltimos Campeonatos Panamericanos en Lima, Per\u00fa, y en Bogot\u00e1, Colombia. Tambi\u00e9n represent\u00f3 a M\u00e9xico en las competencias mundiales de esta disciplina en Canc\u00fan, M\u00e9xico; Se\u00fal, Corea del Sur, y en Guimar\u00e3es, Portugal, obteniendo, en esta \u00faltima, el noveno lugar.<\/p>\n<p>El Campeonato Panamericano de Gimnasia Aer\u00f3bica es organizado por la Federaci\u00f3n Internacional de Gimnasia Aer\u00f3bica y para la cual David Monta\u00f1o se ha entrenado con pasi\u00f3n, esfuerzo, pero sobre todo, con mucha disciplina, valor que, apunt\u00f3, es clave para alcanzar todo \u00e9xito.<\/p>\n<p>Cabe se\u00f1alar que gracias a una beca cultural otorgada por la actual administraci\u00f3n municipal, en estos momentos 18 j\u00f3venes bailarines originarios de Atizap\u00e1n de Zaragoza representan a nuestro pa\u00eds en el \u201cTercer Festival Internacional de Folklore Ra\u00edces de mi Tierra\u201d, que se realiza en Bolivia hasta el 4 de septiembre.<\/p>\n","protected":false},"excerpt":{"rendered":"<p>El joven atleta David Monta\u00f1o Mel\u00e9ndez representar\u00e1 a Atizap\u00e1n de Zaragoza y a M\u00e9xico en el Campeonato Panamericano de Gimnasia Aer\u00f3bica a celebrarse del 8 al 14 de octubre que, por primera vez, tendr\u00e1 sede en Buenos Aires, Argentina.<\/p>\n","protected":false},"author":3,"featured_media":441385,"comment_status":"open","ping_status":"open","sticky":false,"template":"","format":"standard","meta":{"_monsterinsights_skip_tracking":false,"_monsterinsights_sitenote_active":false,"_monsterinsights_sitenote_note":"","_monsterinsights_sitenote_category":0,"footnotes":""},"categories":[5],"tags":[87605,969,43675,13485],"class_list":["post-441314","post","type-post","status-publish","format-standard","has-post-thumbnail","hentry","category-estado-de-mexico","tag-aerobica","tag-atizapan","tag-estado-de-mexico","tag-gimnasia"],"_links":{"self":[{"href":"https:\/\/www.diarioimagen.net\/index.php?rest_route=\/wp\/v2\/posts\/441314","targetHints":{"allow":["GET"]}}],"collection":[{"href":"https:\/\/www.diarioimagen.net\/index.php?rest_route=\/wp\/v2\/posts"}],"about":[{"href":"https:\/\/www.diarioimagen.net\/index.php?rest_route=\/wp\/v2\/types\/post"}],"author":[{"embeddable":true,"href":"https:\/\/www.diarioimagen.net\/index.php?rest_route=\/wp\/v2\/users\/3"}],"replies":[{"embeddable":true,"href":"https:\/\/www.diarioimagen.net\/index.php?rest_route=%2Fwp%2Fv2%2Fcomments&post=441314"}],"version-history":[{"count":0,"href":"https:\/\/www.diarioimagen.net\/index.php?rest_route=\/wp\/v2\/posts\/441314\/revisions"}],"wp:featuredmedia":[{"embeddable":true,"href":"https:\/\/www.diarioimagen.net\/index.php?rest_route=\/wp\/v2\/media\/441385"}],"wp:attachment":[{"href":"https:\/\/www.diarioimagen.net\/index.php?rest_route=%2Fwp%2Fv2%2Fmedia&parent=441314"}],"wp:term":[{"taxonomy":"category","embeddable":true,"href":"https:\/\/www.diarioimagen.net\/index.php?rest_route=%2Fwp%2Fv2%2Fcategories&post=441314"},{"taxonomy":"post_tag","embeddable":true,"href":"https:\/\/www.diarioimagen.net\/index.php?rest_route=%2Fwp%2Fv2%2Ftags&post=441314"}],"curies":[{"name":"wp","href":"https:\/\/api.w.org\/{rel}","templated":true}]}}