{"id":441338,"date":"2019-09-03T00:05:21","date_gmt":"2019-09-03T05:05:21","guid":{"rendered":"https:\/\/www.diarioimagen.net\/?p=441338"},"modified":"2019-09-03T01:43:35","modified_gmt":"2019-09-03T06:43:35","slug":"primer-informe-de-gobierno-de-amlo","status":"publish","type":"post","link":"https:\/\/www.diarioimagen.net\/?p=441338","title":{"rendered":"Primer Informe de Gobierno de AMLO"},"content":{"rendered":"<h2>Desde el portal<\/h2>\n<h5>\u00c1ngel Soriano<\/h5>\n<p>&nbsp;<\/p>\n<p>M\u00e1s all\u00e1 de los detalles \u2013como el escenario con el III Informe de Gobierno-, de las protestas y si se cumpli\u00f3 con el protocolo o no, lo importante de los nueve meses de gobierno del presidente Andr\u00e9s Manuel L\u00f3pez Obrador, son los hechos: m\u00e1s de 200 giras por el pa\u00eds y conferencias ma\u00f1aneras, donde da toda la informaci\u00f3n sobre lo que hace diariamente.<\/p>\n<p>Se ha dicho que ning\u00fan presidente hace lo mismo. Incluso, una vez que cumpli\u00f3 con lo estipulado por la Constituci\u00f3n, de dar cuenta sobre el estado que guarda la administraci\u00f3n p\u00fablica, inmediatamente sali\u00f3 hacia Sonora a continuar su recorrido por el pa\u00eds, cuando en sexenios anteriores el Presidente se dispon\u00eda a disfrutar del poder acompa\u00f1ado de sus allegados y sus familiares.\u00a0 Tres d\u00edas antes y tres d\u00edas despu\u00e9s suspend\u00edan actividades en el viejo ritual que ya no existe. Hoy el compromiso es con la naci\u00f3n y las giras son a ras de la tierra: construcciones de caminos por las mismas comunidades, administraci\u00f3n de recursos para el mantenimiento de escuelas manejados por comit\u00e9s de padres de familia y docentes, becas para estudiantes, m\u00e1s universidades.<\/p>\n<p>Si bien la econom\u00eda est\u00e1 mal hoy, como lo reconoci\u00f3 el empresario Carlos Slim, que s\u00ed sabe de negocios, \u00e9sta es la primera etapa. Los programas sociales dar\u00e1n resultados a largo plazo y vendr\u00e1 el repunte: un desarrollo generalizado, no para unos cuantos; porque el crecimiento, el desarrollo o la riqueza estaba o est\u00e1 acumulado en unas cuantas familias. Hoy se sientan las bases para que los de abajo tengan acceso al bienestar, no s\u00f3lo los de arriba. Nueve meses es poco tiempo, habr\u00e1 que esperar un poco m\u00e1s para ver resultados concretos.<\/p>\n<p style=\"text-align: center;\"><strong>TURBULENCIAS<br \/>\nLecci\u00f3n del Senado a diputados<\/strong><\/p>\n<p>\u00a0Con la elecci\u00f3n sin contratiempos de la tabasque\u00f1a M\u00f3nica Fern\u00e1ndez Balboa como presidenta de la C\u00e1mara de Senadores -una vez que Mart\u00ed Batres \u201centendi\u00f3\u201d que la l\u00ednea no era para \u00e9l-, los legisladores de la C\u00e1mara alta dieron una lecci\u00f3n a los diputados que no se ponen de acuerdo con la elecci\u00f3n del presidente de su Mesa Directiva y, de acuerdo a la Ley Org\u00e1nica, sigue hasta el jueves el diputados Porfirio Mu\u00f1oz Ledo. Antes, \u00e9ste daba consejo al Senado y les ped\u00eda unidad. Ahora las cosas cambiaron: hay conflicto entre los diputados y los senadores se pusieron de acuerdo, aun con discrepancias como la de Batres\u2026Fuerza Amplia de Transportistas anunci\u00f3 que este martes 3 en punto de las 7:00 horas iniciar\u00e1 una marcha desde: 1.- El Metro Puebla, en la intersecci\u00f3n de Viaducto R\u00edo de la Piedad y Av. Ocho,2.- Metro La Raza, sobre Insurgentes; Metro General Anaya sobre Tlalpan y 4.- Avenida Constituyentes frente al Hospital ABC, en demanda de incremento de al menos dos pesos a la actual tarifa, que cada concesionario defina si acepta o no la colocaci\u00f3n de barras contadoras en sus unidades, no ser integrados a la tarjeta de prepago cuyos recursos maneje el gobierno de la ciudad, as\u00ed como que no sea obligatoria la compra de nuevas unidades mediante arrendamiento, entre otras; se quejan que la secretaria de Gobierno, Rosa Icela Rodr\u00edguez, s\u00f3lo hace promesas y no cumple\u2026La Comisi\u00f3n Ejecutiva de la Coordinadora Nacional Movimiento Plan de Ayala- Movimiento Nacional, asegur\u00f3 que el Primer Informe de Gobierno del presidente, Andr\u00e9s Manuel L\u00f3pez Obrador, s\u00f3lo mostr\u00f3 cambios cosm\u00e9ticos y no profundos como lo reclama la realidad nacional, por lo que tenemos en la Primera Magistratura a un personaje que falta a la verdad y no responde a las necesidades de las mayor\u00edas, pues mantiene la protecci\u00f3n al neoliberalismo, el cual no ha muerto, como el jefe de la naci\u00f3n lo pregona, por ello, los l\u00edderes Jes\u00fas Guti\u00e9rrez Valencia y Alberto Galindo, indicaron que \u201cel actual gobierno es de claroscuros, ha desde\u00f1ado la oportunidad hist\u00f3rica que una mayor\u00eda de la poblaci\u00f3n le confi\u00f3 para realizar cambios profundos y no cosm\u00e9ticos, como lo ha estado haciendo\u201d\u2026Profundo pesar caus\u00f3 en Oaxaca la muerte del legendario comandante de bomberos, Juan Cruz Ramales, cuya vocaci\u00f3n de servicio fue muy reconocida a lo largo de varias d\u00e9cadas al frente de la corporaci\u00f3n, donde se gan\u00f3 el respeto y simpat\u00eda de todos. Enviamos nuestras condolencias a familiares y amigos. Descanse en paz Juanito\u2026<\/p>\n<p><a href=\"mailto:asorianocarrasco@yahoo.com\" target=\"_blank\" rel=\"noopener noreferrer\"><em>asorianocarrasco@yahoo.com<\/em><\/a><br \/>\n<em><a href=\"https:\/\/twitter.com\/brecharevista\" target=\"_blank\" rel=\"noopener noreferrer\">@BrechaRevista<\/a><a href=\"mailto:asorianocarrasco@yahoo.com\" target=\"_blank\" rel=\"noopener noreferrer\"><br \/>\n<\/a><a href=\"https:\/\/revistabrecha.com\" target=\"_blank\" rel=\"noopener noreferrer\">www.revistabrecha.com<\/a><\/em><\/p>\n","protected":false},"excerpt":{"rendered":"<p><span style=\"color: #005497;\"><strong>\u00c1ngel Soriano<\/strong><\/span><\/p>\n","protected":false},"author":3,"featured_media":0,"comment_status":"open","ping_status":"open","sticky":false,"template":"","format":"standard","meta":{"_monsterinsights_skip_tracking":false,"_monsterinsights_sitenote_active":false,"_monsterinsights_sitenote_note":"","_monsterinsights_sitenote_category":0,"footnotes":""},"categories":[135],"tags":[85,86,43674],"class_list":["post-441338","post","type-post","status-publish","format-standard","hentry","category-angel-soriano-opinion","tag-angel-soriano","tag-desde-el-portal","tag-opinion"],"_links":{"self":[{"href":"https:\/\/www.diarioimagen.net\/index.php?rest_route=\/wp\/v2\/posts\/441338","targetHints":{"allow":["GET"]}}],"collection":[{"href":"https:\/\/www.diarioimagen.net\/index.php?rest_route=\/wp\/v2\/posts"}],"about":[{"href":"https:\/\/www.diarioimagen.net\/index.php?rest_route=\/wp\/v2\/types\/post"}],"author":[{"embeddable":true,"href":"https:\/\/www.diarioimagen.net\/index.php?rest_route=\/wp\/v2\/users\/3"}],"replies":[{"embeddable":true,"href":"https:\/\/www.diarioimagen.net\/index.php?rest_route=%2Fwp%2Fv2%2Fcomments&post=441338"}],"version-history":[{"count":0,"href":"https:\/\/www.diarioimagen.net\/index.php?rest_route=\/wp\/v2\/posts\/441338\/revisions"}],"wp:attachment":[{"href":"https:\/\/www.diarioimagen.net\/index.php?rest_route=%2Fwp%2Fv2%2Fmedia&parent=441338"}],"wp:term":[{"taxonomy":"category","embeddable":true,"href":"https:\/\/www.diarioimagen.net\/index.php?rest_route=%2Fwp%2Fv2%2Fcategories&post=441338"},{"taxonomy":"post_tag","embeddable":true,"href":"https:\/\/www.diarioimagen.net\/index.php?rest_route=%2Fwp%2Fv2%2Ftags&post=441338"}],"curies":[{"name":"wp","href":"https:\/\/api.w.org\/{rel}","templated":true}]}}