{"id":441462,"date":"2019-09-04T00:09:31","date_gmt":"2019-09-04T05:09:31","guid":{"rendered":"https:\/\/www.diarioimagen.net\/?p=441462"},"modified":"2019-09-04T06:04:18","modified_gmt":"2019-09-04T11:04:18","slug":"reunira-300-editoriales-la-feria-internacional-del-libro-edomex","status":"publish","type":"post","link":"https:\/\/www.diarioimagen.net\/?p=441462","title":{"rendered":"Reunir\u00e1 300 editoriales la Feria Internacional del Libro Edomex"},"content":{"rendered":"<ul>\n<li><strong><em>Del 27 de septiembre al 6 de octubre<\/em><\/strong><\/li>\n<li><strong><em>UAEM llevar\u00e1 a cabo la 5a. edici\u00f3n, en coordinaci\u00f3n con gobiernos estatal y local<\/em><\/strong><\/li>\n<\/ul>\n<p>&nbsp;<\/p>\n<div id=\"attachment_441536\" style=\"width: 470px\" class=\"wp-caption aligncenter\"><a href=\"https:\/\/www.diarioimagen.net\/?attachment_id=441536\" rel=\"attachment wp-att-441536\"><img loading=\"lazy\" decoding=\"async\" aria-describedby=\"caption-attachment-441536\" class=\"size-large wp-image-441536\" src=\"https:\/\/www.diarioimagen.net\/wp-content\/uploads\/2019\/09\/UAEM4a-460x259.jpg\" alt=\"\" width=\"460\" height=\"259\" srcset=\"https:\/\/www.diarioimagen.net\/wp-content\/uploads\/2019\/09\/UAEM4a-460x259.jpg 460w, https:\/\/www.diarioimagen.net\/wp-content\/uploads\/2019\/09\/UAEM4a-240x135.jpg 240w, https:\/\/www.diarioimagen.net\/wp-content\/uploads\/2019\/09\/UAEM4a-235x132.jpg 235w, https:\/\/www.diarioimagen.net\/wp-content\/uploads\/2019\/09\/UAEM4a-202x114.jpg 202w, https:\/\/www.diarioimagen.net\/wp-content\/uploads\/2019\/09\/UAEM4a-350x196.jpg 350w, https:\/\/www.diarioimagen.net\/wp-content\/uploads\/2019\/09\/UAEM4a-220x123.jpg 220w, https:\/\/www.diarioimagen.net\/wp-content\/uploads\/2019\/09\/UAEM4a-237x132.jpg 237w, https:\/\/www.diarioimagen.net\/wp-content\/uploads\/2019\/09\/UAEM4a.jpg 480w\" sizes=\"auto, (max-width: 460px) 100vw, 460px\" \/><\/a><p id=\"caption-attachment-441536\" class=\"wp-caption-text\">El rector Alfredo Barrera Baca expres\u00f3 que la FILEM confirma la enorme voluntad de los tres niveles de gobierno, las editoriales y la Aut\u00f3noma mexiquense, para poner al libro como eje de convivencia comunitaria y paz social.<\/p><\/div>\n<p>&nbsp;<\/p>\n<p><strong>Toluca, Estado de M\u00e9xico<\/strong>.\u2013 La Universidad Aut\u00f3noma del Estado de M\u00e9xico, en coordinaci\u00f3n con el gobierno de la entidad y el ayuntamiento de Toluca, llevar\u00e1 a cabo la quinta edici\u00f3n de la Feria Internacional del Libro Estado de M\u00e9xico (FILEM), marco en el que se realizar\u00e1n m\u00e1s de 300 actividades culturales.<\/p>\n<p>En conferencia de prensa, el rector de la UAEM inform\u00f3 que del viernes 27 de septiembre al domingo 6 de octubre tendr\u00e1n participaci\u00f3n en este evento 300 sellos editoriales locales, nacionales e internacionales, as\u00ed como 150 casas editoriales mexicanas.<\/p>\n<p>La entrada a la FILEM, que se efectuar\u00e1 en el Centro Cultural Toluca, y todas sus actividades, subray\u00f3, ser\u00e1n totalmente gratuitas.<\/p>\n<p>Se realizar\u00e1n 150 presentaciones de libros y revistas, 80 eventos art\u00edsticos, m\u00e1s de 40 talleres, 40 conferencias, 20 conversatorios, entre otras actividades.<\/p>\n<p>Destac\u00f3 que, como cada a\u00f1o, en la inauguraci\u00f3n de la Feria se entregar\u00e1 el Premio Internacional de Narrativa \u201cIgnacio Manuel Altamirano\u201d a Dami\u00e1n Francisco Lamberta, as\u00ed como el Premio Internacional de Poes\u00eda \u201cGilberto Owen Estrada\u201d a Francisco Alatorre Vieyra.<\/p>\n<p>Alfredo Barrera Baca expres\u00f3 que \u201cla FILEM confirma la enorme voluntad de los tres niveles de gobierno, las editoriales y la Aut\u00f3noma mexiquense para poner al libro como eje de convivencia comunitaria y paz social, como un bien cultural\u201d.<\/p>\n<p>Por su parte, la secretaria de Cultura y Deporte de la entidad, Marcela Gonz\u00e1lez Salas, enfatiz\u00f3 la inversi\u00f3n de cinco millones y medio de pesos en la organizaci\u00f3n de la feria, que espera una afluencia diaria de 10 mil personas.<\/p>\n<p>Durante esta edici\u00f3n, mencion\u00f3, por su trayectoria en el arte, la cultura y la literatura, se otorgar\u00e1 el Premio FILEM 2019 a Jaime Labastida Ochoa, quien fuera director de la Academia Mexicana de la Lengua y ha destacado por su labor en la poes\u00eda, la filosof\u00eda, el ensayo y el periodismo.<\/p>\n<p>Adem\u00e1s, se rendir\u00e1 homenaje a los mexiquenses Guadalupe C\u00e1rdenas, Pablo Gonz\u00e1lez Casanova, Mar\u00eda Eugenia Leefmans, Gerardo Novo, as\u00ed como al cronista de la Aut\u00f3noma mexiquense, Inocente Pe\u00f1aloza Garc\u00eda.<\/p>\n<p>En el programa art\u00edstico, refiri\u00f3, la Orquesta Sinf\u00f3nica del Estado de M\u00e9xico ofrecer\u00e1 un concierto con la presencia del flautista Horacio Franco. Tambi\u00e9n se presentar\u00e1 la Orquesta Sinf\u00f3nica Juvenil de la UAEM, as\u00ed como diversos grupos art\u00edsticos de la m\u00e1xima casa de estudios mexiquense.<\/p>\n<p>Cabe destacar que, por primera ocasi\u00f3n, la FILEM contar\u00e1 con un pabell\u00f3n dedicado exclusivamente a los ni\u00f1os, a quienes se ofrecer\u00e1n 25 talleres de dibujo, fabricaci\u00f3n de instrumentos, t\u00edteres, cuentacuentos, entre otros.<\/p>\n<p>En esta conferencia tambi\u00e9n estuvieron presentes el secretario de Difusi\u00f3n Cultural de la UAEM, Edgar Miranda Ortiz; la directora de Patrimonio y Servicios Culturales del gobierno mexiquense, Ivett Tinoco Garc\u00eda; el director del Centro Cultural Toluca, Jos\u00e9 H\u00e9ctor Tapia Mart\u00ednez, y la directora de Cultura de la Direcci\u00f3n General de Bienestar Social del ayuntamiento de Toluca, Cecilia Portilla Luz.<\/p>\n","protected":false},"excerpt":{"rendered":"<p>La Universidad Aut\u00f3noma del Estado de M\u00e9xico, en coordinaci\u00f3n con el gobierno de la entidad y el ayuntamiento de Toluca, llevar\u00e1 a cabo la quinta edici\u00f3n de la Feria Internacional del Libro Estado de M\u00e9xico (FILEM), marco en el que se realizar\u00e1n m\u00e1s de 300 actividades culturales.<\/p>\n","protected":false},"author":3,"featured_media":441536,"comment_status":"open","ping_status":"open","sticky":false,"template":"","format":"standard","meta":{"_monsterinsights_skip_tracking":false,"_monsterinsights_sitenote_active":false,"_monsterinsights_sitenote_note":"","_monsterinsights_sitenote_category":0,"footnotes":""},"categories":[5],"tags":[58572,43675,87629,64090,452,1491],"class_list":["post-441462","post","type-post","status-publish","format-standard","has-post-thumbnail","hentry","category-estado-de-mexico","tag-alfredo-barrera-baca","tag-estado-de-mexico","tag-feria-internacional-del-libro-edomex","tag-filem","tag-toluca","tag-uaem"],"_links":{"self":[{"href":"https:\/\/www.diarioimagen.net\/index.php?rest_route=\/wp\/v2\/posts\/441462","targetHints":{"allow":["GET"]}}],"collection":[{"href":"https:\/\/www.diarioimagen.net\/index.php?rest_route=\/wp\/v2\/posts"}],"about":[{"href":"https:\/\/www.diarioimagen.net\/index.php?rest_route=\/wp\/v2\/types\/post"}],"author":[{"embeddable":true,"href":"https:\/\/www.diarioimagen.net\/index.php?rest_route=\/wp\/v2\/users\/3"}],"replies":[{"embeddable":true,"href":"https:\/\/www.diarioimagen.net\/index.php?rest_route=%2Fwp%2Fv2%2Fcomments&post=441462"}],"version-history":[{"count":0,"href":"https:\/\/www.diarioimagen.net\/index.php?rest_route=\/wp\/v2\/posts\/441462\/revisions"}],"wp:featuredmedia":[{"embeddable":true,"href":"https:\/\/www.diarioimagen.net\/index.php?rest_route=\/wp\/v2\/media\/441536"}],"wp:attachment":[{"href":"https:\/\/www.diarioimagen.net\/index.php?rest_route=%2Fwp%2Fv2%2Fmedia&parent=441462"}],"wp:term":[{"taxonomy":"category","embeddable":true,"href":"https:\/\/www.diarioimagen.net\/index.php?rest_route=%2Fwp%2Fv2%2Fcategories&post=441462"},{"taxonomy":"post_tag","embeddable":true,"href":"https:\/\/www.diarioimagen.net\/index.php?rest_route=%2Fwp%2Fv2%2Ftags&post=441462"}],"curies":[{"name":"wp","href":"https:\/\/api.w.org\/{rel}","templated":true}]}}